{"id":4460,"date":"2026-02-23T06:27:46","date_gmt":"2026-02-23T09:27:46","guid":{"rendered":"https:\/\/oexpressobr.com.br\/?p=4460"},"modified":"2026-02-23T06:27:49","modified_gmt":"2026-02-23T09:27:49","slug":"oizumi-a-pequena-capital-brasileira-no-japao-consolida-sua-diversidade-em-2026","status":"publish","type":"post","link":"https:\/\/oexpressobr.com.br\/?p=4460","title":{"rendered":"OIZUMI: A pequena &#8220;capital brasileira&#8221; no Jap\u00e3o consolida sua diversidade em 2026"},"content":{"rendered":"\n<p class=\"wp-block-paragraph\">A cerca de 100 quil\u00f4metros do agito de T\u00f3quio, na prov\u00edncia de Gunma, a cidade de <strong>Oizumi<\/strong> reafirma seu status como o cora\u00e7\u00e3o da brasilidade no &#8220;Pa\u00eds do Sol Nascente&#8221;. Com aproximadamente <strong>42 mil habitantes<\/strong>, a localidade ostenta a maior densidade de brasileiros do pa\u00eds: cerca de <strong>10% a 15% da popula\u00e7\u00e3o<\/strong> fala portugu\u00eas como l\u00edngua materna, transformando o cen\u00e1rio urbano em um vibrante enclave verde-amarelo.<\/p>\n\n\n\n<h3 class=\"wp-block-heading\">\u200bO sotaque de Gunma: coxinha, samba e placas bil\u00edngues<\/h3>\n\n\n\n<p class=\"wp-block-paragraph\">\u200bCaminhar por Oizumi \u00e9, para muitos, um exerc\u00edcio de estranhamento geogr\u00e1fico. Entre templos e lojas de conveni\u00eancia tradicionais, surgem fachadas de mercados como o <strong>Supermercado Takara<\/strong>, onde \u00e9 poss\u00edvel encontrar cortes de carne espec\u00edficos para churrasco, guaran\u00e1 e p\u00e3o de queijo.<\/p>\n\n\n\n<ul class=\"wp-block-list\">\n<li>\u200b<strong>Identidade Visual:<\/strong> As placas de sinaliza\u00e7\u00e3o p\u00fablica e informativos comerciais s\u00e3o sistematicamente apresentados em <strong>japon\u00eas e portugu\u00eas<\/strong>.<\/li>\n\n\n\n<li>\u200b<strong>Servi\u00e7os P\u00fablicos:<\/strong> A prefeitura local, liderada pelo prefeito <strong>Toshiaki Murayama<\/strong>, \u00e9 pioneira na contrata\u00e7\u00e3o de estrangeiros como servidores civis e oferece atendimento administrativo em sete idiomas.<\/li>\n\n\n\n<li>\u200b<strong>Educa\u00e7\u00e3o e Cultura:<\/strong> Escolas de samba e festivais t\u00edpicos fazem parte do calend\u00e1rio oficial, integrando as duas culturas em eventos que atraem turistas de todo o Jap\u00e3o.<\/li>\n<\/ul>\n\n\n\n<h3 class=\"wp-block-heading\">\u200bNovidades e Desafios em 2026: De &#8220;Brazil Town&#8221; a &#8220;International Town&#8221;<\/h3>\n\n\n\n<p class=\"wp-block-paragraph\">\u200bEmbora o DNA brasileiro ainda seja a marca registrada, Oizumi est\u00e1 em plena transi\u00e7\u00e3o demogr\u00e1fica e social. Segundo atualiza\u00e7\u00f5es recentes da prefeitura e do <strong>Centro Comunit\u00e1rio Multicultural<\/strong>, a cidade est\u00e1 se adaptando a novos tempos:<\/p>\n\n\n\n<ol class=\"wp-block-list\">\n<li>\u200b<strong>Apoio \u00e0 Comunidade:<\/strong> Em fevereiro de 2026, a prefeitura anunciou o pagamento de um aux\u00edlio de <strong>5.000 ienes<\/strong> a todos os moradores para aliviar impactos econ\u00f4micos locais.<\/li>\n\n\n\n<li>\u200b<strong>Novas Ondas Migrat\u00f3rias:<\/strong> Oizumi agora abriga cidad\u00e3os de 49 nacionalidades diferentes. O crescimento de comunidades do <strong>Nepal, Vietn\u00e3 e \u00cdndia<\/strong> fez com que a associa\u00e7\u00e3o de turismo passasse a promover a cidade como uma &#8220;Cidade Internacional&#8221;, e n\u00e3o apenas a &#8220;Cidade Brasileira&#8221;.<\/li>\n\n\n\n<li>\u200b<strong>Barreira Geracional:<\/strong> O envelhecimento dos pioneiros (a gera\u00e7\u00e3o de brasileiros que chegou nos anos 90) e a escolariza\u00e7\u00e3o dos jovens de terceira gera\u00e7\u00e3o (sanseis) permanecem como pautas centrais para a integra\u00e7\u00e3o e o sistema de previd\u00eancia local.<\/li>\n<\/ol>\n","protected":false},"excerpt":{"rendered":"<p>A cerca de 100 quil\u00f4metros do agito de T\u00f3quio, na prov\u00edncia de Gunma, a cidade de Oizumi reafirma seu status como o cora\u00e7\u00e3o da brasilidade [&#8230;]<\/p>\n","protected":false},"author":1,"featured_media":4461,"comment_status":"open","ping_status":"open","sticky":false,"template":"","format":"standard","meta":{"_crdt_document":"","_jetpack_memberships_contains_paid_content":false,"footnotes":"","jetpack_publicize_message":"","jetpack_publicize_feature_enabled":true,"jetpack_social_post_already_shared":true,"jetpack_social_options":{"image_generator_settings":{"template":"highway","default_image_id":0,"font":"","enabled":false},"version":2}},"categories":[15],"tags":[],"class_list":["post-4460","post","type-post","status-publish","format-standard","has-post-thumbnail","hentry","category-internacional"],"jetpack_publicize_connections":[],"jetpack_featured_media_url":"https:\/\/i0.wp.com\/oexpressobr.com.br\/wp-content\/uploads\/2026\/02\/IMG-20260223-WA0012.png?fit=1687%2C948&ssl=1","jetpack_likes_enabled":true,"jetpack_sharing_enabled":true,"_links":{"self":[{"href":"https:\/\/oexpressobr.com.br\/index.php?rest_route=\/wp\/v2\/posts\/4460","targetHints":{"allow":["GET"]}}],"collection":[{"href":"https:\/\/oexpressobr.com.br\/index.php?rest_route=\/wp\/v2\/posts"}],"about":[{"href":"https:\/\/oexpressobr.com.br\/index.php?rest_route=\/wp\/v2\/types\/post"}],"author":[{"embeddable":true,"href":"https:\/\/oexpressobr.com.br\/index.php?rest_route=\/wp\/v2\/users\/1"}],"replies":[{"embeddable":true,"href":"https:\/\/oexpressobr.com.br\/index.php?rest_route=%2Fwp%2Fv2%2Fcomments&post=4460"}],"version-history":[{"count":1,"href":"https:\/\/oexpressobr.com.br\/index.php?rest_route=\/wp\/v2\/posts\/4460\/revisions"}],"predecessor-version":[{"id":4462,"href":"https:\/\/oexpressobr.com.br\/index.php?rest_route=\/wp\/v2\/posts\/4460\/revisions\/4462"}],"wp:featuredmedia":[{"embeddable":true,"href":"https:\/\/oexpressobr.com.br\/index.php?rest_route=\/wp\/v2\/media\/4461"}],"wp:attachment":[{"href":"https:\/\/oexpressobr.com.br\/index.php?rest_route=%2Fwp%2Fv2%2Fmedia&parent=4460"}],"wp:term":[{"taxonomy":"category","embeddable":true,"href":"https:\/\/oexpressobr.com.br\/index.php?rest_route=%2Fwp%2Fv2%2Fcategories&post=4460"},{"taxonomy":"post_tag","embeddable":true,"href":"https:\/\/oexpressobr.com.br\/index.php?rest_route=%2Fwp%2Fv2%2Ftags&post=4460"}],"curies":[{"name":"wp","href":"https:\/\/api.w.org\/{rel}","templated":true}]}}