{"id":4478,"date":"2026-02-23T11:12:46","date_gmt":"2026-02-23T14:12:46","guid":{"rendered":"https:\/\/oexpressobr.com.br\/?p=4478"},"modified":"2026-02-23T11:12:49","modified_gmt":"2026-02-23T14:12:49","slug":"oab-solicita-a-edson-fachin-o-fim-do-inquerito-perpetuo-das-fake-news-no-stf","status":"publish","type":"post","link":"https:\/\/oexpressobr.com.br\/?p=4478","title":{"rendered":"OAB solicita a Edson Fachin o fim do &#8220;inqu\u00e9rito perp\u00e9tuo&#8221; das fake news no STF"},"content":{"rendered":"\n<p class=\"wp-block-paragraph\">Nesta segunda-feira (23), a Ordem dos Advogados do Brasil (OAB) protocolou um pedido formal ao presidente do Supremo Tribunal Federal (STF), ministro Edson Fachin, para o encerramento imediato do Inqu\u00e9rito 4.781, popularmente conhecido como &#8220;inqu\u00e9rito das fake news&#8221;. A manifesta\u00e7\u00e3o, assinada pela Diretoria Nacional e pelos presidentes das 27 seccionais estaduais, sinaliza um dos momentos de maior press\u00e3o institucional contra a investiga\u00e7\u00e3o que tramita na Corte h\u00e1 quase sete anos.<\/p>\n\n\n\n<p class=\"wp-block-paragraph\">\u200bNo documento, a entidade expressa &#8220;extrema preocupa\u00e7\u00e3o institucional com a perman\u00eancia e conforma\u00e7\u00e3o jur\u00eddica de investiga\u00e7\u00f5es de longa dura\u00e7\u00e3o&#8221;. A OAB argumenta que, embora o inqu\u00e9rito tenha sido instaurado em mar\u00e7o de 2019 sob um cen\u00e1rio justific\u00e1vel de &#8220;grave tens\u00e3o institucional&#8221; e ataques aos ministros, a conjuntura que motivou sua abertura j\u00e1 foi superada. Para a Ordem, o prolongamento indefinido e a &#8220;elasticidade excessiva&#8221; do objeto da investiga\u00e7\u00e3o ferem princ\u00edpios constitucionais.<\/p>\n\n\n\n<h3 class=\"wp-block-heading\">\u200bPress\u00e3o aumenta ap\u00f3s novas opera\u00e7\u00f5es<\/h3>\n\n\n\n<p class=\"wp-block-paragraph\">\u200bO movimento da OAB ocorre em um momento de novos desdobramentos cr\u00edticos. Recentemente, o relator do caso, ministro Alexandre de Moraes, determinou buscas e apreens\u00f5es contra servidores da Receita Federal suspeitos de vazar dados sigilosos de familiares de magistrados. Esse novo bra\u00e7o da investiga\u00e7\u00e3o reaqueceu o debate sobre os limites de atua\u00e7\u00e3o do inqu\u00e9rito.<\/p>\n\n\n\n<p class=\"wp-block-paragraph\">\u200bAl\u00e9m de pedir a conclus\u00e3o do processo, a OAB solicitou uma audi\u00eancia com o ministro Fachin para apresentar argumentos sobre a necessidade de delimita\u00e7\u00e3o temporal e material das investiga\u00e7\u00f5es. A entidade refor\u00e7a que a manuten\u00e7\u00e3o de procedimentos de &#8220;natureza perp\u00e9tua&#8221; coloca em risco as garantias da advocacia e a seguran\u00e7a jur\u00eddica no pa\u00eds.<\/p>\n\n\n\n<h3 class=\"wp-block-heading\">\u200bHist\u00f3rico e pr\u00f3ximos passos<\/h3>\n\n\n\n<p class=\"wp-block-paragraph\">\u200bO inqu\u00e9rito das fake news foi aberto &#8220;de of\u00edcio&#8221; (sem provoca\u00e7\u00e3o do Minist\u00e9rio P\u00fablico) pelo ent\u00e3o presidente do STF, Dias Toffoli, e validado pelo plen\u00e1rio em 2020. Ao longo dos anos, tornou-se o principal instrumento da Corte para combater ataques coordenados \u00e0s institui\u00e7\u00f5es, atingindo empres\u00e1rios, parlamentares e influenciadores.<\/p>\n\n\n\n<p class=\"wp-block-paragraph\">\u200bApesar da press\u00e3o da OAB e de cr\u00edticas sobre a heterodoxia do rito, informa\u00e7\u00f5es de bastidores indicam que o ministro Alexandre de Moraes ainda v\u00ea necessidade de continuidade, com previs\u00f5es de que as apura\u00e7\u00f5es possam se estender at\u00e9 2027, visando monitorar poss\u00edveis ataques durante o pr\u00f3ximo ciclo eleitoral. O ministro Edson Fachin, como presidente da Corte, agora det\u00e9m o of\u00edcio que pode pautar a discuss\u00e3o sobre o destino final da investiga\u00e7\u00e3o mais longeva do Supremo.<\/p>\n\n\n\n<p class=\"wp-block-paragraph\">\u200b\ud83d\udcf7: Luiz Silveira\/STF<\/p>\n\n\n\n<p class=\"wp-block-paragraph\"><\/p>\n","protected":false},"excerpt":{"rendered":"<p>Nesta segunda-feira (23), a Ordem dos Advogados do Brasil (OAB) protocolou um pedido formal ao presidente do Supremo Tribunal Federal (STF), ministro Edson Fachin, para [&#8230;]<\/p>\n","protected":false},"author":1,"featured_media":4479,"comment_status":"open","ping_status":"open","sticky":false,"template":"","format":"standard","meta":{"_crdt_document":"","_jetpack_memberships_contains_paid_content":false,"footnotes":"","jetpack_publicize_message":"","jetpack_publicize_feature_enabled":true,"jetpack_social_post_already_shared":true,"jetpack_social_options":{"image_generator_settings":{"template":"highway","default_image_id":0,"font":"","enabled":false},"version":2}},"categories":[8],"tags":[],"class_list":["post-4478","post","type-post","status-publish","format-standard","has-post-thumbnail","hentry","category-judiciario"],"jetpack_publicize_connections":[],"jetpack_featured_media_url":"https:\/\/i0.wp.com\/oexpressobr.com.br\/wp-content\/uploads\/2026\/02\/IMG-20260223-WA0131.jpg?fit=1080%2C1350&ssl=1","jetpack_likes_enabled":true,"jetpack_sharing_enabled":true,"_links":{"self":[{"href":"https:\/\/oexpressobr.com.br\/index.php?rest_route=\/wp\/v2\/posts\/4478","targetHints":{"allow":["GET"]}}],"collection":[{"href":"https:\/\/oexpressobr.com.br\/index.php?rest_route=\/wp\/v2\/posts"}],"about":[{"href":"https:\/\/oexpressobr.com.br\/index.php?rest_route=\/wp\/v2\/types\/post"}],"author":[{"embeddable":true,"href":"https:\/\/oexpressobr.com.br\/index.php?rest_route=\/wp\/v2\/users\/1"}],"replies":[{"embeddable":true,"href":"https:\/\/oexpressobr.com.br\/index.php?rest_route=%2Fwp%2Fv2%2Fcomments&post=4478"}],"version-history":[{"count":1,"href":"https:\/\/oexpressobr.com.br\/index.php?rest_route=\/wp\/v2\/posts\/4478\/revisions"}],"predecessor-version":[{"id":4480,"href":"https:\/\/oexpressobr.com.br\/index.php?rest_route=\/wp\/v2\/posts\/4478\/revisions\/4480"}],"wp:featuredmedia":[{"embeddable":true,"href":"https:\/\/oexpressobr.com.br\/index.php?rest_route=\/wp\/v2\/media\/4479"}],"wp:attachment":[{"href":"https:\/\/oexpressobr.com.br\/index.php?rest_route=%2Fwp%2Fv2%2Fmedia&parent=4478"}],"wp:term":[{"taxonomy":"category","embeddable":true,"href":"https:\/\/oexpressobr.com.br\/index.php?rest_route=%2Fwp%2Fv2%2Fcategories&post=4478"},{"taxonomy":"post_tag","embeddable":true,"href":"https:\/\/oexpressobr.com.br\/index.php?rest_route=%2Fwp%2Fv2%2Ftags&post=4478"}],"curies":[{"name":"wp","href":"https:\/\/api.w.org\/{rel}","templated":true}]}}