{"id":4481,"date":"2026-02-23T11:18:16","date_gmt":"2026-02-23T14:18:16","guid":{"rendered":"https:\/\/oexpressobr.com.br\/?p=4481"},"modified":"2026-02-23T11:18:19","modified_gmt":"2026-02-23T14:18:19","slug":"parlamento-europeu-propoe-congelar-acordo-com-estados-unidos-apos-novas-tarifas-de-trump-e-incerteza-juridica","status":"publish","type":"post","link":"https:\/\/oexpressobr.com.br\/?p=4481","title":{"rendered":"PARLAMENTO Europeu prop\u00f5e congelar acordo com Estados Unidos ap\u00f3s novas tarifas de Trump e incerteza jur\u00eddica"},"content":{"rendered":"\n<p class=\"wp-block-paragraph\"><strong>BRUXELAS<\/strong> \u2013 O processo de ratifica\u00e7\u00e3o do acordo comercial entre a Uni\u00e3o Europeia (UE) e os Estados Unidos, firmado em julho de 2025 na Esc\u00f3cia, enfrenta um novo e cr\u00edtico impasse. O presidente da Comiss\u00e3o de Com\u00e9rcio Internacional do Parlamento Europeu, Bernd Lange, anunciou neste domingo (22) que propor\u00e1 a suspens\u00e3o imediata dos trabalhos legislativos sobre o pacto, citando o &#8220;caos tarif\u00e1rio&#8221; gerado pelas recentes decis\u00f5es do presidente americano Donald Trump.<\/p>\n\n\n\n<p class=\"wp-block-paragraph\">\u200bA crise escalou ap\u00f3s a Suprema Corte dos Estados Unidos derrubar, na \u00faltima sexta-feira (20), o programa anterior de tarifas de Trump, que se baseava em uma lei de emerg\u00eancia de 1977. Em uma resposta rel\u00e2mpago, a Casa Branca anunciou novas taxas globais de 10%, elevando-as para 15% apenas 36 horas depois, utilizando diferentes fundamentos jur\u00eddicos que expiram em 150 dias.<\/p>\n\n\n\n<h3 class=\"wp-block-heading\">\u200bInstabilidade e o &#8220;Efeito Groenl\u00e2ndia&#8221;<\/h3>\n\n\n\n<p class=\"wp-block-paragraph\">\u200bPara os l\u00edderes europeus, a volatilidade da pol\u00edtica comercial de Washington torna a ratifica\u00e7\u00e3o do chamado &#8220;Acordo de Turnberry&#8221; imposs\u00edvel no momento. Lange destacou que a UE precisa de &#8220;clareza e seguran\u00e7a jur\u00eddica&#8221; antes de avan\u00e7ar. O acordo previa a redu\u00e7\u00e3o de impostos para bens industriais americanos em troca de uma tarifa fixa de 15% sobre exporta\u00e7\u00f5es europeias \u2014 termos que agora parecem desatualizados ou juridicamente fr\u00e1geis diante das constantes mudan\u00e7as unilaterais de Trump.<\/p>\n\n\n\n<p class=\"wp-block-paragraph\">\u200bEsta j\u00e1 \u00e9 a segunda vez em poucas semanas que o Parlamento Europeu interrompe o processo. Em janeiro, os trabalhos haviam sido congelados ap\u00f3s Trump amea\u00e7ar impor tarifas punitivas contra pa\u00edses que enviaram tropas \u00e0 Groenl\u00e2ndia, territ\u00f3rio que o presidente americano manifestou interesse em adquirir.<\/p>\n\n\n\n<h3 class=\"wp-block-heading\">\u200bRea\u00e7\u00f5es e Consequ\u00eancias<\/h3>\n\n\n\n<p class=\"wp-block-paragraph\">\u200bEnquanto a Comiss\u00e3o Europeia tenta manter canais diplom\u00e1ticos abertos com o Representante Comercial dos EUA, Jamieson Greer, o sentimento no Parlamento \u00e9 de resist\u00eancia. &#8220;\u00c9 puro caos alfandeg\u00e1rio por parte do governo dos EUA&#8221;, afirmou Lange em suas redes sociais.<\/p>\n\n\n\n<p class=\"wp-block-paragraph\">\u200bO congelamento do acordo ocorre em um contexto de reconfigura\u00e7\u00e3o do com\u00e9rcio global. Enquanto o pacto com os EUA balan\u00e7a, a Uni\u00e3o Europeia acelera discuss\u00f5es sobre outros acordos, como o com o Mercosul, buscando diversificar seus parceiros e reduzir a depend\u00eancia econ\u00f4mica de uma Washington cada vez mais imprevis\u00edvel.<\/p>\n\n\n\n<p class=\"wp-block-paragraph\">\u200bEspecialistas alertam que a suspens\u00e3o pode irritar ainda mais o governo Trump, abrindo caminho para uma guerra comercial aberta com retalia\u00e7\u00f5es em setores sens\u00edveis, como o automotivo e o de servi\u00e7os digitais. O Parlamento Europeu deve formalizar a decis\u00e3o de pausa em uma reuni\u00e3o de emerg\u00eancia nesta segunda-feira.<\/p>\n","protected":false},"excerpt":{"rendered":"<p>BRUXELAS \u2013 O processo de ratifica\u00e7\u00e3o do acordo comercial entre a Uni\u00e3o Europeia (UE) e os Estados Unidos, firmado em julho de 2025 na Esc\u00f3cia, [&#8230;]<\/p>\n","protected":false},"author":1,"featured_media":4482,"comment_status":"open","ping_status":"open","sticky":false,"template":"","format":"standard","meta":{"_crdt_document":"","_jetpack_memberships_contains_paid_content":false,"footnotes":"","jetpack_publicize_message":"","jetpack_publicize_feature_enabled":true,"jetpack_social_post_already_shared":true,"jetpack_social_options":{"image_generator_settings":{"template":"highway","default_image_id":0,"font":"","enabled":false},"version":2}},"categories":[15],"tags":[],"class_list":["post-4481","post","type-post","status-publish","format-standard","has-post-thumbnail","hentry","category-internacional"],"jetpack_publicize_connections":[],"jetpack_featured_media_url":"https:\/\/i0.wp.com\/oexpressobr.com.br\/wp-content\/uploads\/2026\/02\/IMG-20260223-WA0136.jpg?fit=800%2C1000&ssl=1","jetpack_likes_enabled":true,"jetpack_sharing_enabled":true,"_links":{"self":[{"href":"https:\/\/oexpressobr.com.br\/index.php?rest_route=\/wp\/v2\/posts\/4481","targetHints":{"allow":["GET"]}}],"collection":[{"href":"https:\/\/oexpressobr.com.br\/index.php?rest_route=\/wp\/v2\/posts"}],"about":[{"href":"https:\/\/oexpressobr.com.br\/index.php?rest_route=\/wp\/v2\/types\/post"}],"author":[{"embeddable":true,"href":"https:\/\/oexpressobr.com.br\/index.php?rest_route=\/wp\/v2\/users\/1"}],"replies":[{"embeddable":true,"href":"https:\/\/oexpressobr.com.br\/index.php?rest_route=%2Fwp%2Fv2%2Fcomments&post=4481"}],"version-history":[{"count":1,"href":"https:\/\/oexpressobr.com.br\/index.php?rest_route=\/wp\/v2\/posts\/4481\/revisions"}],"predecessor-version":[{"id":4483,"href":"https:\/\/oexpressobr.com.br\/index.php?rest_route=\/wp\/v2\/posts\/4481\/revisions\/4483"}],"wp:featuredmedia":[{"embeddable":true,"href":"https:\/\/oexpressobr.com.br\/index.php?rest_route=\/wp\/v2\/media\/4482"}],"wp:attachment":[{"href":"https:\/\/oexpressobr.com.br\/index.php?rest_route=%2Fwp%2Fv2%2Fmedia&parent=4481"}],"wp:term":[{"taxonomy":"category","embeddable":true,"href":"https:\/\/oexpressobr.com.br\/index.php?rest_route=%2Fwp%2Fv2%2Fcategories&post=4481"},{"taxonomy":"post_tag","embeddable":true,"href":"https:\/\/oexpressobr.com.br\/index.php?rest_route=%2Fwp%2Fv2%2Ftags&post=4481"}],"curies":[{"name":"wp","href":"https:\/\/api.w.org\/{rel}","templated":true}]}}