{"id":4484,"date":"2026-02-23T11:24:03","date_gmt":"2026-02-23T14:24:03","guid":{"rendered":"https:\/\/oexpressobr.com.br\/?p=4484"},"modified":"2026-02-23T11:24:05","modified_gmt":"2026-02-23T14:24:05","slug":"trump-e-a-suprema-corte-elevam-tensao-comercial-com-tarifa-global-de-15","status":"publish","type":"post","link":"https:\/\/oexpressobr.com.br\/?p=4484","title":{"rendered":"Trump e a Suprema Corte elevam tens\u00e3o comercial com tarifa global de 15%"},"content":{"rendered":"\n<p class=\"wp-block-paragraph\"><strong>A decis\u00e3o do tribunal de derrubar os &#8220;tarifa\u00e7os&#8221; por decreto for\u00e7ou o presidente a buscar novas bases legais, elevando a al\u00edquota para compensar a derrota jur\u00eddica e gerando uma onda de incerteza nos mercados internacionais.<\/strong><\/p>\n\n\n\n<p class=\"wp-block-paragraph\">\u200bO cen\u00e1rio econ\u00f4mico global entrou em uma nova fase de turbul\u00eancia nesta segunda-feira (23 de fevereiro de 2026), ap\u00f3s o presidente Donald Trump reagir de forma agressiva \u00e0 decis\u00e3o da Suprema Corte dos Estados Unidos que invalidou suas tarifas comerciais anteriores. Em um movimento que mistura diplomacia de press\u00e3o e manobras jur\u00eddicas, a Casa Branca elevou a proposta de tarifa global de 10% para 15%, utilizando agora a Lei de Com\u00e9rcio de 1974.<\/p>\n\n\n\n<h3 class=\"wp-block-heading\">\u200bA Reviravolta Jur\u00eddica e a Rea\u00e7\u00e3o de Trump<\/h3>\n\n\n\n<p class=\"wp-block-paragraph\">\u200bNa \u00faltima sexta-feira (20), a Suprema Corte imp\u00f4s uma derrota hist\u00f3rica ao governo Trump, decidindo por 6 a 3 que o uso da Lei de Poderes Econ\u00f4micos de Emerg\u00eancia Internacional (IEEPA) para criar tarifas era inconstitucional, uma vez que o poder de tributar pertence ao Congresso.<\/p>\n\n\n\n<p class=\"wp-block-paragraph\">\u200bSem recuar, Trump utilizou as redes sociais e coletivas de imprensa no fim de semana para atacar os ju\u00edzes e anunciar que &#8220;outras alternativas seriam usadas&#8221;. O governo acionou a Se\u00e7\u00e3o 122 da Lei de Com\u00e9rcio de 1974, que permite ao Executivo impor sobretaxas de at\u00e9 15% por um per\u00edodo de 150 dias para lidar com desequil\u00edbrios graves no balan\u00e7o de pagamentos.<\/p>\n\n\n\n<h3 class=\"wp-block-heading\">\u200bO Custo para o Mercado: Entre o Al\u00edvio e o Caos<\/h3>\n\n\n\n<p class=\"wp-block-paragraph\">\u200bA din\u00e2mica das novas tarifas criou uma curiosa redistribui\u00e7\u00e3o de custos no mercado:<\/p>\n\n\n\n<ul class=\"wp-block-list\">\n<li>\u200b<strong>Al\u00edvio para &#8220;Exclu\u00eddos&#8221;:<\/strong> Pa\u00edses que antes eram alvo de tarifas espec\u00edficas muito altas (como Brasil, China e M\u00e9xico, que chegavam a enfrentar taxas de 50%) agora veem a al\u00edquota global de 15% como um al\u00edvio tempor\u00e1rio. No Brasil, estimativas indicam que a mudan\u00e7a pode destravar at\u00e9 US$ 21,6 bilh\u00f5es em exporta\u00e7\u00f5es que estavam represadas pela incerteza anterior.<\/li>\n\n\n\n<li>\u200b<strong>Press\u00e3o sobre Aliados:<\/strong> Por outro lado, parceiros tradicionais como a Uni\u00e3o Europeia, Jap\u00e3o e Reino Unido, que antes gozavam de certas isen\u00e7\u00f5es ou taxas menores, agora enfrentam o peso da tarifa linear de 15%, o que gerou fortes cr\u00edticas de governos europeus e asi\u00e1ticos.<\/li>\n\n\n\n<li>\u200b<strong>Incerteza Fiscal e Reembolsos:<\/strong> A decis\u00e3o da Suprema Corte abriu um precedente para que empresas solicitem o reembolso de at\u00e9 US$ 175 bilh\u00f5es em tarifas pagas ilegalmente no \u00faltimo ano. Analistas do Morgan Stanley apontam que esse poss\u00edvel estorno poderia injetar liquidez no mercado americano, mas o governo j\u00e1 sinalizou que lutar\u00e1 na justi\u00e7a para n\u00e3o devolver os valores.<\/li>\n<\/ul>\n\n\n\n<h3 class=\"wp-block-heading\">\u200bImpacto nos Ativos Financeiros<\/h3>\n\n\n\n<p class=\"wp-block-paragraph\">\u200bO mercado reagiu com volatilidade controlada, mas clara busca por prote\u00e7\u00e3o:<\/p>\n\n\n\n<ol class=\"wp-block-list\">\n<li>\u200b<strong>D\u00f3lar e Ouro:<\/strong> O d\u00f3lar recuou frente a moedas como o real (operando na casa de R$ 5,17) e o yuan, refletindo a inseguran\u00e7a sobre a sustentabilidade da pol\u00edtica comercial americana. Em contrapartida, o ouro atingiu novas m\u00e1ximas, reafirmando-se como porto seguro.<\/li>\n\n\n\n<li>\u200b<strong>Bolsas:<\/strong> Enquanto o S&amp;P 500 operou em queda diante do risco inflacion\u00e1rio (tarifas mais altas significam produtos mais caros para o consumidor americano), as a\u00e7\u00f5es de exportadoras brasileiras de a\u00e7o, celulose e alimentos registraram altas, beneficiadas pela redu\u00e7\u00e3o da sobretaxa espec\u00edfica que sofriam.<\/li>\n\n\n\n<li>\u200b<strong>Infla\u00e7\u00e3o:<\/strong> Economistas alertam que a insist\u00eancia na tarifa de 15% mant\u00e9m o risco de uma &#8220;importa\u00e7\u00e3o de infla\u00e7\u00e3o&#8221; para os EUA, o que pode for\u00e7ar o Federal Reserve a manter as taxas de juros elevadas por mais tempo do que o previsto.<\/li>\n<\/ol>\n\n\n\n<h3 class=\"wp-block-heading\">\u200bO Que Esperar?<\/h3>\n\n\n\n<p class=\"wp-block-paragraph\">\u200bAs novas tarifas de 15% passam a vigorar plenamente a partir desta ter\u00e7a-feira (24). Contudo, a validade de 150 dias estabelece um cron\u00f4metro para o governo Trump: ou ele consegue negociar novos acordos bilaterais (como o recente memorando assinado com Taiwan) ou precisar\u00e1 de uma aprova\u00e7\u00e3o do Congresso para manter o protecionismo.<\/p>\n\n\n\n<p class=\"wp-block-paragraph\">\u200bA curto prazo, o mercado vive um &#8220;vai e vem&#8221; jur\u00eddico onde a \u00fanica certeza \u00e9 a volatilidade. Como definiu um integrante do partido governista do Jap\u00e3o em relat\u00f3rio recente, o cen\u00e1rio atual do com\u00e9rcio global tornou-se uma &#8220;verdadeira bagun\u00e7a&#8221;.<\/p>\n\n\n\n<p class=\"wp-block-paragraph\"><\/p>\n","protected":false},"excerpt":{"rendered":"<p>A decis\u00e3o do tribunal de derrubar os &#8220;tarifa\u00e7os&#8221; por decreto for\u00e7ou o presidente a buscar novas bases legais, elevando a al\u00edquota para compensar a derrota [&#8230;]<\/p>\n","protected":false},"author":1,"featured_media":4485,"comment_status":"open","ping_status":"open","sticky":false,"template":"","format":"standard","meta":{"_crdt_document":"","_jetpack_memberships_contains_paid_content":false,"footnotes":"","jetpack_publicize_message":"","jetpack_publicize_feature_enabled":true,"jetpack_social_post_already_shared":true,"jetpack_social_options":{"image_generator_settings":{"template":"highway","default_image_id":0,"font":"","enabled":false},"version":2}},"categories":[10],"tags":[],"class_list":["post-4484","post","type-post","status-publish","format-standard","has-post-thumbnail","hentry","category-economia"],"jetpack_publicize_connections":[],"jetpack_featured_media_url":"https:\/\/i0.wp.com\/oexpressobr.com.br\/wp-content\/uploads\/2026\/02\/IMG-20260223-WA0137.jpg?fit=750%2C500&ssl=1","jetpack_likes_enabled":true,"jetpack_sharing_enabled":true,"_links":{"self":[{"href":"https:\/\/oexpressobr.com.br\/index.php?rest_route=\/wp\/v2\/posts\/4484","targetHints":{"allow":["GET"]}}],"collection":[{"href":"https:\/\/oexpressobr.com.br\/index.php?rest_route=\/wp\/v2\/posts"}],"about":[{"href":"https:\/\/oexpressobr.com.br\/index.php?rest_route=\/wp\/v2\/types\/post"}],"author":[{"embeddable":true,"href":"https:\/\/oexpressobr.com.br\/index.php?rest_route=\/wp\/v2\/users\/1"}],"replies":[{"embeddable":true,"href":"https:\/\/oexpressobr.com.br\/index.php?rest_route=%2Fwp%2Fv2%2Fcomments&post=4484"}],"version-history":[{"count":1,"href":"https:\/\/oexpressobr.com.br\/index.php?rest_route=\/wp\/v2\/posts\/4484\/revisions"}],"predecessor-version":[{"id":4486,"href":"https:\/\/oexpressobr.com.br\/index.php?rest_route=\/wp\/v2\/posts\/4484\/revisions\/4486"}],"wp:featuredmedia":[{"embeddable":true,"href":"https:\/\/oexpressobr.com.br\/index.php?rest_route=\/wp\/v2\/media\/4485"}],"wp:attachment":[{"href":"https:\/\/oexpressobr.com.br\/index.php?rest_route=%2Fwp%2Fv2%2Fmedia&parent=4484"}],"wp:term":[{"taxonomy":"category","embeddable":true,"href":"https:\/\/oexpressobr.com.br\/index.php?rest_route=%2Fwp%2Fv2%2Fcategories&post=4484"},{"taxonomy":"post_tag","embeddable":true,"href":"https:\/\/oexpressobr.com.br\/index.php?rest_route=%2Fwp%2Fv2%2Ftags&post=4484"}],"curies":[{"name":"wp","href":"https:\/\/api.w.org\/{rel}","templated":true}]}}