{"id":4487,"date":"2026-02-23T11:28:10","date_gmt":"2026-02-23T14:28:10","guid":{"rendered":"https:\/\/oexpressobr.com.br\/?p=4487"},"modified":"2026-02-23T11:28:12","modified_gmt":"2026-02-23T14:28:12","slug":"alfa-realty-e-minha-casa-minha-vida-incorporadora-de-luxo-lanca-projeto-popular-no-bom-retiro","status":"publish","type":"post","link":"https:\/\/oexpressobr.com.br\/?p=4487","title":{"rendered":"ALFA Realty e Minha Casa Minha Vida: incorporadora de luxo lan\u00e7a projeto popular no Bom Retiro"},"content":{"rendered":"\n<p class=\"wp-block-paragraph\">\u200bO mercado imobili\u00e1rio paulistano testemunha um movimento estrat\u00e9gico de diversifica\u00e7\u00e3o com a estreia da <strong>Alfa Realty<\/strong>, tradicionalmente voltada ao alto padr\u00e3o, no segmento de habita\u00e7\u00e3o popular. Ap\u00f3s consolidar um portf\u00f3lio de 60 empreendimentos de luxo \u2014 com unidades que chegam a custar R$ 10 milh\u00f5es em bairros como Higien\u00f3polis e Alto de Pinheiros \u2014, a incorporadora lan\u00e7a o <strong>Pra\u00e7a Nova S\u00e3o Paulo<\/strong>, seu primeiro projeto enquadrado no programa <strong>Minha Casa, Minha Vida (MCMV)<\/strong>.<\/p>\n\n\n\n<p class=\"wp-block-paragraph\">\u200bO empreendimento ter\u00e1 como endere\u00e7o um terreno de 2,3 mil metros quadrados no <strong>Bom Retiro<\/strong>, local onde funcionava o antigo galp\u00e3o industrial da fam\u00edlia de <strong>Eudoxios Anastassiadis<\/strong>, fundador da companhia. O projeto carrega um forte apelo emocional e hist\u00f3rico, j\u00e1 que Anastassiadis cresceu na regi\u00e3o e viu sua m\u00e3e trabalhar na tecelagem que ocupava o espa\u00e7o por d\u00e9cadas.<\/p>\n\n\n\n<h3 class=\"wp-block-heading\">\u200bDetalhes do projeto e mercado<\/h3>\n\n\n\n<p class=\"wp-block-paragraph\">\u200bCom o in\u00edcio das obras previsto para o terceiro trimestre de 2026, o Pra\u00e7a Nova S\u00e3o Paulo contar\u00e1 com <strong>376 unidades<\/strong>, com metragens que variam de <strong>21 m\u00b2 a 52 m\u00b2<\/strong>.<\/p>\n\n\n\n<ul class=\"wp-block-list\">\n<li>\u200b<strong>Pre\u00e7os:<\/strong> Unidades de 40 m\u00b2 est\u00e3o sendo comercializadas por aproximadamente <strong>R$ 350 mil<\/strong>, valor que atinge o teto da <strong>Faixa 3<\/strong> do MCMV.<\/li>\n\n\n\n<li>\u200b<strong>P\u00fablico-alvo:<\/strong> Fam\u00edlias com renda a partir de R$ 4,5 mil.<\/li>\n\n\n\n<li>\u200b<strong>Diferencial:<\/strong> A incorporadora busca manter o DNA de arquitetura e design do alto padr\u00e3o, mesmo com as restri\u00e7\u00f5es de custos do segmento econ\u00f4mico. Unidades maiores (51 m\u00b2), enquadradas como Habita\u00e7\u00e3o de Mercado Popular (HMP), j\u00e1 tiveram suas vendas esgotadas antes mesmo do in\u00edcio das obras.<\/li>\n<\/ul>\n\n\n\n<h3 class=\"wp-block-heading\">\u200bCen\u00e1rio de expans\u00e3o do MCMV<\/h3>\n\n\n\n<p class=\"wp-block-paragraph\">\u200bA movimenta\u00e7\u00e3o da Alfa Realty reflete uma tend\u00eancia clara no setor. Em 2025, o mercado imobili\u00e1rio de S\u00e3o Paulo registrou um crescimento de <strong>34% nos lan\u00e7amentos<\/strong>, impulsionado majoritariamente pelo MCMV. A introdu\u00e7\u00e3o da <strong>Faixa 4<\/strong> (para rendas at\u00e9 R$ 12 mil e im\u00f3veis de at\u00e9 R$ 500 mil) e a manuten\u00e7\u00e3o de taxas de juros atrativas via FGTS t\u00eam atra\u00eddo incorporadoras que antes focavam exclusivamente na classe m\u00e9dia alta.<\/p>\n\n\n\n<p class=\"wp-block-paragraph\">\u200bEnquanto o cr\u00e9dito imobili\u00e1rio convencional sofre com a taxa Selic elevada, o segmento popular segue aquecido. Para a Alfa Realty, o desafio agora \u00e9 provar que \u00e9 poss\u00edvel entregar &#8220;luxo acess\u00edvel&#8221; em um modelo de neg\u00f3cio onde a margem \u00e9 apertada e a efici\u00eancia na engenharia \u00e9 o fator decisivo para o sucesso.<\/p>\n","protected":false},"excerpt":{"rendered":"<p>\u200bO mercado imobili\u00e1rio paulistano testemunha um movimento estrat\u00e9gico de diversifica\u00e7\u00e3o com a estreia da Alfa Realty, tradicionalmente voltada ao alto padr\u00e3o, no segmento de habita\u00e7\u00e3o [&#8230;]<\/p>\n","protected":false},"author":1,"featured_media":4488,"comment_status":"open","ping_status":"open","sticky":false,"template":"","format":"standard","meta":{"_crdt_document":"","_jetpack_memberships_contains_paid_content":false,"footnotes":"","jetpack_publicize_message":"","jetpack_publicize_feature_enabled":true,"jetpack_social_post_already_shared":true,"jetpack_social_options":{"image_generator_settings":{"template":"highway","default_image_id":0,"font":"","enabled":false},"version":2}},"categories":[10],"tags":[],"class_list":["post-4487","post","type-post","status-publish","format-standard","has-post-thumbnail","hentry","category-economia"],"jetpack_publicize_connections":[],"jetpack_featured_media_url":"https:\/\/i0.wp.com\/oexpressobr.com.br\/wp-content\/uploads\/2026\/02\/IMG-20260223-WA0138.jpg?fit=750%2C500&ssl=1","jetpack_likes_enabled":true,"jetpack_sharing_enabled":true,"_links":{"self":[{"href":"https:\/\/oexpressobr.com.br\/index.php?rest_route=\/wp\/v2\/posts\/4487","targetHints":{"allow":["GET"]}}],"collection":[{"href":"https:\/\/oexpressobr.com.br\/index.php?rest_route=\/wp\/v2\/posts"}],"about":[{"href":"https:\/\/oexpressobr.com.br\/index.php?rest_route=\/wp\/v2\/types\/post"}],"author":[{"embeddable":true,"href":"https:\/\/oexpressobr.com.br\/index.php?rest_route=\/wp\/v2\/users\/1"}],"replies":[{"embeddable":true,"href":"https:\/\/oexpressobr.com.br\/index.php?rest_route=%2Fwp%2Fv2%2Fcomments&post=4487"}],"version-history":[{"count":1,"href":"https:\/\/oexpressobr.com.br\/index.php?rest_route=\/wp\/v2\/posts\/4487\/revisions"}],"predecessor-version":[{"id":4489,"href":"https:\/\/oexpressobr.com.br\/index.php?rest_route=\/wp\/v2\/posts\/4487\/revisions\/4489"}],"wp:featuredmedia":[{"embeddable":true,"href":"https:\/\/oexpressobr.com.br\/index.php?rest_route=\/wp\/v2\/media\/4488"}],"wp:attachment":[{"href":"https:\/\/oexpressobr.com.br\/index.php?rest_route=%2Fwp%2Fv2%2Fmedia&parent=4487"}],"wp:term":[{"taxonomy":"category","embeddable":true,"href":"https:\/\/oexpressobr.com.br\/index.php?rest_route=%2Fwp%2Fv2%2Fcategories&post=4487"},{"taxonomy":"post_tag","embeddable":true,"href":"https:\/\/oexpressobr.com.br\/index.php?rest_route=%2Fwp%2Fv2%2Ftags&post=4487"}],"curies":[{"name":"wp","href":"https:\/\/api.w.org\/{rel}","templated":true}]}}