{"id":449,"date":"2025-12-09T07:56:13","date_gmt":"2025-12-09T10:56:13","guid":{"rendered":"https:\/\/oexpressobr.com.br\/?p=449"},"modified":"2025-12-09T07:56:14","modified_gmt":"2025-12-09T10:56:14","slug":"flexibilizacao-de-armas-em-2019-levou-a-disparo-na-apreensao-de-pistolas-9-mm-utilizadas-pelo-crime-aponta-instituto-sou-da-paz","status":"publish","type":"post","link":"https:\/\/oexpressobr.com.br\/?p=449","title":{"rendered":"Flexibiliza\u00e7\u00e3o de Armas em 2019 Levou a Disparo na Apreens\u00e3o de Pistolas 9 mm Utilizadas pelo Crime, Aponta Instituto Sou da Paz"},"content":{"rendered":"\n<p class=\"wp-block-paragraph\">Um estudo recente do <strong>Instituto Sou da Paz<\/strong> acende um alerta grave sobre os impactos da flexibiliza\u00e7\u00e3o da legisla\u00e7\u00e3o de armas promovida a partir de 2019. A pesquisa, que analisou o per\u00edodo de 2018 a 2023, constatou um aumento exponencial no desvio de <strong>pistolas calibre 9 mm<\/strong> do mercado legal para o uso do crime organizado, principalmente na Regi\u00e3o Sudeste.<\/p>\n\n\n\n<h3 class=\"wp-block-heading\">\u200bDisparo nas Apreens\u00f5es e Mudan\u00e7a de Perfil<\/h3>\n\n\n\n<p class=\"wp-block-paragraph\">\u200bO levantamento revela que a apreens\u00e3o de pistolas 9 mm mais que <strong>dobrou<\/strong> no per\u00edodo analisado nos quatro estados do Sudeste (Esp\u00edrito Santo, Minas Gerais, Rio de Janeiro e S\u00e3o Paulo), saltando de 2.995 unidades em 2018 para 6.568 em 2023, um crescimento de <strong>119%<\/strong>.<\/p>\n\n\n\n<ul class=\"wp-block-list\">\n<li>\u200bEm 2018, o calibre 9 mm era o quinto mais apreendido, representando 7,4% do total de armas industriais.<\/li>\n\n\n\n<li>\u200bEm 2023, ele j\u00e1 se consolidava como o <strong>segundo mais comum<\/strong> nas apreens\u00f5es (18,8%), perdendo apenas para o rev\u00f3lver 38 mil\u00edmetros.<\/li>\n<\/ul>\n\n\n\n<p class=\"wp-block-paragraph\">\u200bSegundo o coordenador de projetos do Instituto Sou da Paz, <strong>Bruno Langeani<\/strong>, essa migra\u00e7\u00e3o do rev\u00f3lver para a pistola representa uma <strong>&#8220;eleva\u00e7\u00e3o dr\u00e1stica na capacidade ofensiva da criminalidade&#8221;<\/strong>. Pistolas, com carregadores de pelo menos 12 muni\u00e7\u00f5es e recarga r\u00e1pida, oferecem maior poder de fogo e letalidade em compara\u00e7\u00e3o com rev\u00f3lveres.<\/p>\n\n\n\n<h3 class=\"wp-block-heading\">\u200bO &#8220;Afrouxamento&#8221; Legal e o Desvio<\/h3>\n\n\n\n<p class=\"wp-block-paragraph\">\u200bO principal fator apontado pelo Instituto para esse cen\u00e1rio \u00e9 a s\u00e9rie de decretos federais editados a partir de 2019, que classificaram as pistolas 9 mm como de uso permitido \u2013 antes restritas \u00e0s for\u00e7as de seguran\u00e7a \u2013 e ampliaram drasticamente o limite de armas que podiam ser adquiridas por <strong>Colecionadores, Atiradores Desportivos e Ca\u00e7adores (CACs)<\/strong>, chegando a 30 por atirador.<\/p>\n\n\n\n<p class=\"wp-block-paragraph\">\u200bLangeani classifica a flexibiliza\u00e7\u00e3o como um <strong>&#8220;afrouxamento&#8221;<\/strong> que &#8220;permitiu uma entrada muito grande dessa arma, que \u00e9 mais potente, no mercado legal&#8221;, e abriu espa\u00e7o para o desvio.<\/p>\n\n\n\n<blockquote class=\"wp-block-quote is-layout-flow wp-block-quote-is-layout-flow\">\n<p class=\"wp-block-paragraph\">\u200b&#8221;Abriu-se um espa\u00e7o para desvio de m\u00e1-f\u00e9. Uma fac\u00e7\u00e3o recrutando algu\u00e9m que n\u00e3o tem antecedente criminal para comprar essas armas e depois desviar para o crime&#8221;, detalha Langeani.<\/p>\n<\/blockquote>\n\n\n\n<p class=\"wp-block-paragraph\">\u200bA pr\u00e1tica de utilizar <strong>&#8220;laranjas&#8221;<\/strong> para a compra legal de um grande volume de pistolas, que s\u00e3o posteriormente revendidas a integrantes de fac\u00e7\u00f5es, tornou-se relativamente comum, segundo o estudo.<\/p>\n\n\n\n<h3 class=\"wp-block-heading\">\u200bUso Militar e Necessidade de Rastreamento<\/h3>\n\n\n\n<p class=\"wp-block-paragraph\">\u200bAl\u00e9m das pistolas, o levantamento tamb\u00e9m registrou um aumento de <strong>33,7%<\/strong> nas apreens\u00f5es de <strong>armamento de uso militar<\/strong> (como fuzis e metralhadoras) no pa\u00eds entre 2019 e 2023, segundo outro dado do Sou da Paz, que tamb\u00e9m relaciona esse crescimento \u00e0 facilita\u00e7\u00e3o de acesso a CACs.<\/p>\n\n\n\n<p class=\"wp-block-paragraph\">\u200bDiante do crescimento das armas modernas em poder do crime, o Instituto Sou da Paz defende a necessidade de um segmento especializado da <strong>Pol\u00edcia Federal<\/strong> para fiscalizar essas compras e rastrear armas que n\u00e3o est\u00e3o mais com seus propriet\u00e1rios legais. A institui\u00e7\u00e3o tamb\u00e9m possui um Acordo de Coopera\u00e7\u00e3o T\u00e9cnica com a Pol\u00edcia Federal para aprimorar o diagn\u00f3stico sobre armas e muni\u00e7\u00f5es apreendidas, refor\u00e7ando a import\u00e2ncia da an\u00e1lise de dados para o combate ao tr\u00e1fico de armas e ao crime organizado.<\/p>\n","protected":false},"excerpt":{"rendered":"<p>Um estudo recente do Instituto Sou da Paz acende um alerta grave sobre os impactos da flexibiliza\u00e7\u00e3o da legisla\u00e7\u00e3o de armas promovida a partir de [&#8230;]<\/p>\n","protected":false},"author":1,"featured_media":450,"comment_status":"open","ping_status":"open","sticky":false,"template":"","format":"standard","meta":{"_crdt_document":"","_jetpack_memberships_contains_paid_content":false,"footnotes":"","jetpack_publicize_message":"","jetpack_publicize_feature_enabled":true,"jetpack_social_post_already_shared":false,"jetpack_social_options":{"image_generator_settings":{"template":"highway","default_image_id":0,"font":"","enabled":false},"version":2}},"categories":[3],"tags":[],"class_list":["post-449","post","type-post","status-publish","format-standard","has-post-thumbnail","hentry","category-brasil"],"jetpack_publicize_connections":[],"jetpack_featured_media_url":"https:\/\/i0.wp.com\/oexpressobr.com.br\/wp-content\/uploads\/2025\/12\/policia_apreende_fuzis_e_granadas_em_acao_contra_o_crime_organizado.jpg?fit=1170%2C700&ssl=1","jetpack_likes_enabled":true,"jetpack_sharing_enabled":true,"_links":{"self":[{"href":"https:\/\/oexpressobr.com.br\/index.php?rest_route=\/wp\/v2\/posts\/449","targetHints":{"allow":["GET"]}}],"collection":[{"href":"https:\/\/oexpressobr.com.br\/index.php?rest_route=\/wp\/v2\/posts"}],"about":[{"href":"https:\/\/oexpressobr.com.br\/index.php?rest_route=\/wp\/v2\/types\/post"}],"author":[{"embeddable":true,"href":"https:\/\/oexpressobr.com.br\/index.php?rest_route=\/wp\/v2\/users\/1"}],"replies":[{"embeddable":true,"href":"https:\/\/oexpressobr.com.br\/index.php?rest_route=%2Fwp%2Fv2%2Fcomments&post=449"}],"version-history":[{"count":0,"href":"https:\/\/oexpressobr.com.br\/index.php?rest_route=\/wp\/v2\/posts\/449\/revisions"}],"wp:featuredmedia":[{"embeddable":true,"href":"https:\/\/oexpressobr.com.br\/index.php?rest_route=\/wp\/v2\/media\/450"}],"wp:attachment":[{"href":"https:\/\/oexpressobr.com.br\/index.php?rest_route=%2Fwp%2Fv2%2Fmedia&parent=449"}],"wp:term":[{"taxonomy":"category","embeddable":true,"href":"https:\/\/oexpressobr.com.br\/index.php?rest_route=%2Fwp%2Fv2%2Fcategories&post=449"},{"taxonomy":"post_tag","embeddable":true,"href":"https:\/\/oexpressobr.com.br\/index.php?rest_route=%2Fwp%2Fv2%2Ftags&post=449"}],"curies":[{"name":"wp","href":"https:\/\/api.w.org\/{rel}","templated":true}]}}