{"id":4490,"date":"2026-02-23T11:32:04","date_gmt":"2026-02-23T14:32:04","guid":{"rendered":"https:\/\/oexpressobr.com.br\/?p=4490"},"modified":"2026-02-23T11:32:06","modified_gmt":"2026-02-23T14:32:06","slug":"exercito-mexicano-mata-el-mencho-e-onda-de-violencia-paralisa-cidades-e-setor-financeiro","status":"publish","type":"post","link":"https:\/\/oexpressobr.com.br\/?p=4490","title":{"rendered":"Ex\u00e9rcito mexicano mata &#8220;El Mencho&#8221; e onda de viol\u00eancia paralisa cidades e setor financeiro"},"content":{"rendered":"\n<p class=\"wp-block-paragraph\"><strong>M\u00c9XICO<\/strong> \u2013 O cen\u00e1rio de seguran\u00e7a p\u00fablica no M\u00e9xico atingiu um ponto de ebuli\u00e7\u00e3o nas \u00faltimas 24 horas. Ap\u00f3s uma opera\u00e7\u00e3o estrat\u00e9gica do <strong>Ex\u00e9rcito Mexicano<\/strong> que resultou na morte de Nemesio Oseguera Cervantes, o <strong>&#8220;El Mencho&#8221;<\/strong>, l\u00edder do <strong>Cartel de Jalisco Nova Gera\u00e7\u00e3o (CJNG)<\/strong>, uma retalia\u00e7\u00e3o coordenada mergulhou diversas regi\u00f5es do pa\u00eds no caos.<\/p>\n\n\n\n<h3 class=\"wp-block-heading\">\u200bO Impacto imediato: Cidades sitiadas<\/h3>\n\n\n\n<p class=\"wp-block-paragraph\">\u200bA confirma\u00e7\u00e3o da morte de um dos homens mais procurados do mundo desencadeou uma resposta violenta por parte das c\u00e9lulas do cartel. O governo federal e autoridades estaduais decretaram medidas de emerg\u00eancia para proteger a popula\u00e7\u00e3o civil:<\/p>\n\n\n\n<ul class=\"wp-block-list\">\n<li>\u200b<strong>Suspens\u00e3o de aulas:<\/strong> Escolas p\u00fablicas e privadas em estados como Jalisco, Michoac\u00e1n e Guanajuato suspenderam as atividades por tempo indeterminado.<\/li>\n\n\n\n<li>\u200b<strong>Paralisia banc\u00e1ria:<\/strong> Grandes institui\u00e7\u00f5es financeiras anunciaram o fechamento tempor\u00e1rio de ag\u00eancias f\u00edsicas em \u00e1reas de risco para garantir a seguran\u00e7a de funcion\u00e1rios e clientes ap\u00f3s ataques a estabelecimentos comerciais.<\/li>\n\n\n\n<li>\u200b<strong>Bloqueios e inc\u00eandios:<\/strong> Foram registrados &#8220;narcobloqueios&#8221; em rodovias federais, com ve\u00edculos incendiados sendo usados para impedir o deslocamento de tropas oficiais.<\/li>\n<\/ul>\n\n\n\n<h3 class=\"wp-block-heading\">\u200bQuem era El Mencho e o peso da sua queda<\/h3>\n\n\n\n<p class=\"wp-block-paragraph\">\u200bNemesio Oseguera Cervantes n\u00e3o era apenas um l\u00edder criminoso, mas o arquiteto da expans\u00e3o agressiva do CJNG, organiza\u00e7\u00e3o que rivaliza com o Cartel de Sinaloa pelo controle das rotas de tr\u00e1fico internacional. Sua morte pelo ex\u00e9rcito representa o golpe mais duro sofrido pelo narcotr\u00e1fico mexicano na \u00faltima d\u00e9cada.<\/p>\n\n\n\n<blockquote class=\"wp-block-quote is-layout-flow wp-block-quote-is-layout-flow\">\n<p class=\"wp-block-paragraph\">\u200b&#8221;Estamos diante de um momento cr\u00edtico para a seguran\u00e7a nacional. As for\u00e7as armadas permanecem em alerta m\u00e1ximo para conter as tentativas de desestabiliza\u00e7\u00e3o&#8221;, afirmou um porta-voz do Minist\u00e9rio da Defesa.<\/p>\n<\/blockquote>\n\n\n\n<h3 class=\"wp-block-heading\">\u200bO que esperar agora?<\/h3>\n\n\n\n<p class=\"wp-block-paragraph\">\u200bA principal preocupa\u00e7\u00e3o das autoridades e de analistas de seguran\u00e7a \u00e9 a <strong>fragmenta\u00e7\u00e3o do cartel<\/strong>. Historicamente, a queda de um l\u00edder dessa magnitude gera:<\/p>\n\n\n\n<ol class=\"wp-block-list\">\n<li>\u200bDisputas internas pelo comando do CJNG.<\/li>\n\n\n\n<li>\u200bAvan\u00e7o de cart\u00e9is rivais sobre territ\u00f3rios &#8220;\u00f3rf\u00e3os&#8221;.<\/li>\n\n\n\n<li>\u200bAumento da viol\u00eancia urbana a curto prazo.<\/li>\n<\/ol>\n\n\n\n<p class=\"wp-block-paragraph\">\u200bA popula\u00e7\u00e3o permanece em isolamento volunt\u00e1rio em v\u00e1rias cidades, enquanto o patrulhamento militar foi refor\u00e7ado em pontos estrat\u00e9gicos e centros urbanos.<\/p>\n","protected":false},"excerpt":{"rendered":"<p>M\u00c9XICO \u2013 O cen\u00e1rio de seguran\u00e7a p\u00fablica no M\u00e9xico atingiu um ponto de ebuli\u00e7\u00e3o nas \u00faltimas 24 horas. Ap\u00f3s uma opera\u00e7\u00e3o estrat\u00e9gica do Ex\u00e9rcito Mexicano [&#8230;]<\/p>\n","protected":false},"author":1,"featured_media":4491,"comment_status":"open","ping_status":"open","sticky":false,"template":"","format":"standard","meta":{"_crdt_document":"","_jetpack_memberships_contains_paid_content":false,"footnotes":"","jetpack_publicize_message":"","jetpack_publicize_feature_enabled":true,"jetpack_social_post_already_shared":true,"jetpack_social_options":{"image_generator_settings":{"template":"highway","default_image_id":0,"font":"","enabled":false},"version":2}},"categories":[15],"tags":[],"class_list":["post-4490","post","type-post","status-publish","format-standard","has-post-thumbnail","hentry","category-internacional"],"jetpack_publicize_connections":[],"jetpack_featured_media_url":"https:\/\/i0.wp.com\/oexpressobr.com.br\/wp-content\/uploads\/2026\/02\/IMG-20260223-WA0139.jpg?fit=900%2C506&ssl=1","jetpack_likes_enabled":true,"jetpack_sharing_enabled":true,"_links":{"self":[{"href":"https:\/\/oexpressobr.com.br\/index.php?rest_route=\/wp\/v2\/posts\/4490","targetHints":{"allow":["GET"]}}],"collection":[{"href":"https:\/\/oexpressobr.com.br\/index.php?rest_route=\/wp\/v2\/posts"}],"about":[{"href":"https:\/\/oexpressobr.com.br\/index.php?rest_route=\/wp\/v2\/types\/post"}],"author":[{"embeddable":true,"href":"https:\/\/oexpressobr.com.br\/index.php?rest_route=\/wp\/v2\/users\/1"}],"replies":[{"embeddable":true,"href":"https:\/\/oexpressobr.com.br\/index.php?rest_route=%2Fwp%2Fv2%2Fcomments&post=4490"}],"version-history":[{"count":1,"href":"https:\/\/oexpressobr.com.br\/index.php?rest_route=\/wp\/v2\/posts\/4490\/revisions"}],"predecessor-version":[{"id":4492,"href":"https:\/\/oexpressobr.com.br\/index.php?rest_route=\/wp\/v2\/posts\/4490\/revisions\/4492"}],"wp:featuredmedia":[{"embeddable":true,"href":"https:\/\/oexpressobr.com.br\/index.php?rest_route=\/wp\/v2\/media\/4491"}],"wp:attachment":[{"href":"https:\/\/oexpressobr.com.br\/index.php?rest_route=%2Fwp%2Fv2%2Fmedia&parent=4490"}],"wp:term":[{"taxonomy":"category","embeddable":true,"href":"https:\/\/oexpressobr.com.br\/index.php?rest_route=%2Fwp%2Fv2%2Fcategories&post=4490"},{"taxonomy":"post_tag","embeddable":true,"href":"https:\/\/oexpressobr.com.br\/index.php?rest_route=%2Fwp%2Fv2%2Ftags&post=4490"}],"curies":[{"name":"wp","href":"https:\/\/api.w.org\/{rel}","templated":true}]}}