{"id":4493,"date":"2026-02-23T11:37:39","date_gmt":"2026-02-23T14:37:39","guid":{"rendered":"https:\/\/oexpressobr.com.br\/?p=4493"},"modified":"2026-02-23T11:37:42","modified_gmt":"2026-02-23T14:37:42","slug":"cupula-do-congresso-sinaliza-votar-pena-menor-a-bolsonaro-se-pressao-por-cpi-do-master-esfriar","status":"publish","type":"post","link":"https:\/\/oexpressobr.com.br\/?p=4493","title":{"rendered":"C\u00fapula do Congresso sinaliza votar pena menor a Bolsonaro se press\u00e3o por CPI do Master esfriar"},"content":{"rendered":"\n<p class=\"wp-block-paragraph\">\u200bO cen\u00e1rio pol\u00edtico em Bras\u00edlia retoma suas atividades p\u00f3s-Carnaval com uma complexa mesa de negocia\u00e7\u00f5es que envolve o futuro judicial do ex-presidente <strong>Jair Bolsonaro<\/strong> e a blindagem de autoridades no Judici\u00e1rio. Lideran\u00e7as do Congresso Nacional indicam que a derrubada do veto do presidente <strong>Lula<\/strong> ao chamado <strong>PL da Dosimetria<\/strong> \u2014 que beneficiaria Bolsonaro com uma redu\u00e7\u00e3o dr\u00e1stica de pena \u2014 tornou-se a principal moeda de troca para desidratar a cria\u00e7\u00e3o da <strong>CPI do Banco Master<\/strong>.<\/p>\n\n\n\n<h3 class=\"wp-block-heading\">\u200bO xadrez pol\u00edtico: Dosimetria vs. Investiga\u00e7\u00e3o<\/h3>\n\n\n\n<p class=\"wp-block-paragraph\">\u200bA c\u00fapula do Legislativo, liderada pelo presidente do Senado, <strong>Davi Alcolumbre<\/strong>, e pelo presidente da C\u00e2mara, <strong>Hugo Motta<\/strong>, tenta equilibrar interesses divergentes. De um lado, h\u00e1 uma press\u00e3o crescente da oposi\u00e7\u00e3o pela instala\u00e7\u00e3o da CPI para investigar supostas irregularidades e fraudes bilion\u00e1rias envolvendo o Banco Master, caso que recentemente levou o ministro <strong>Dias Toffoli<\/strong> a deixar a relatoria de processos relacionados no STF, sendo substitu\u00eddo por <strong>Andr\u00e9 Mendon\u00e7a<\/strong>.<\/p>\n\n\n\n<p class=\"wp-block-paragraph\">\u200bDo outro lado, o &#8220;Centr\u00e3o&#8221; e a ala bolsonarista buscam a aprova\u00e7\u00e3o do <strong>PL 2.162\/2023<\/strong>. O projeto, vetado integralmente por Lula em janeiro de 2026, prev\u00ea:<\/p>\n\n\n\n<ul class=\"wp-block-list\">\n<li>\u200b<strong>Redu\u00e7\u00e3o de Pena:<\/strong> Para crimes contra o Estado Democr\u00e1tico de Direito, a progress\u00e3o de regime poderia ocorrer com apenas 16% da pena cumprida.<\/li>\n\n\n\n<li>\u200b<strong>Impacto Direto:<\/strong> No caso de Bolsonaro, estimativas apontam que uma eventual condena\u00e7\u00e3o em regime fechado poderia cair de um intervalo de 6 a 8 anos para algo entre <strong>2 e 4 anos<\/strong>.<\/li>\n<\/ul>\n\n\n\n<h3 class=\"wp-block-heading\">\u200bCronograma e pr\u00f3ximos passos<\/h3>\n\n\n\n<p class=\"wp-block-paragraph\">\u200bPara que a estrat\u00e9gia avance, Alcolumbre precisa convocar uma <strong>sess\u00e3o conjunta do Congresso Nacional<\/strong>, prevista para ocorrer em <strong>mar\u00e7o<\/strong>. Esta sess\u00e3o \u00e9 o rito obrigat\u00f3rio para:<\/p>\n\n\n\n<ol class=\"wp-block-list\">\n<li>\u200b<strong>Leitura de Requerimentos:<\/strong> Onde os pedidos de CPI (que j\u00e1 possuem assinaturas suficientes) seriam formalmente apresentados.<\/li>\n\n\n\n<li>\u200b<strong>Vota\u00e7\u00e3o de Vetos:<\/strong> Onde a decis\u00e3o de Lula sobre a Dosimetria seria submetida ao plen\u00e1rio.<\/li>\n<\/ol>\n\n\n\n<h3 class=\"wp-block-heading\">Consequ\u00eancias jur\u00eddicas e institucionais<\/h3>\n\n\n\n<p class=\"wp-block-paragraph\">\u200bEnquanto o governo Lula tenta manter o veto sob o argumento de que a proposta gera &#8220;impunidade casu\u00edstica&#8221;, o Judici\u00e1rio observa a movimenta\u00e7\u00e3o com cautela. O ministro Andr\u00e9 Mendon\u00e7a, novo relator do caso Master, j\u00e1 autorizou o compartilhamento de dados sigilosos com outras frentes de investiga\u00e7\u00e3o, o que pode aumentar o custo pol\u00edtico para quem tenta barrar a CPI, independentemente da negocia\u00e7\u00e3o sobre a pena de Bolsonaro.<\/p>\n","protected":false},"excerpt":{"rendered":"<p>\u200bO cen\u00e1rio pol\u00edtico em Bras\u00edlia retoma suas atividades p\u00f3s-Carnaval com uma complexa mesa de negocia\u00e7\u00f5es que envolve o futuro judicial do ex-presidente Jair Bolsonaro e [&#8230;]<\/p>\n","protected":false},"author":1,"featured_media":4494,"comment_status":"open","ping_status":"open","sticky":false,"template":"","format":"standard","meta":{"_crdt_document":"","_jetpack_memberships_contains_paid_content":false,"footnotes":"","jetpack_publicize_message":"","jetpack_publicize_feature_enabled":true,"jetpack_social_post_already_shared":true,"jetpack_social_options":{"image_generator_settings":{"template":"highway","default_image_id":0,"font":"","enabled":false},"version":2}},"categories":[7],"tags":[],"class_list":["post-4493","post","type-post","status-publish","format-standard","has-post-thumbnail","hentry","category-politica"],"jetpack_publicize_connections":[],"jetpack_featured_media_url":"https:\/\/i0.wp.com\/oexpressobr.com.br\/wp-content\/uploads\/2026\/02\/177006618269811106014d3_1770066182_3x2_xl.jpg?fit=1200%2C800&ssl=1","jetpack_likes_enabled":true,"jetpack_sharing_enabled":true,"_links":{"self":[{"href":"https:\/\/oexpressobr.com.br\/index.php?rest_route=\/wp\/v2\/posts\/4493","targetHints":{"allow":["GET"]}}],"collection":[{"href":"https:\/\/oexpressobr.com.br\/index.php?rest_route=\/wp\/v2\/posts"}],"about":[{"href":"https:\/\/oexpressobr.com.br\/index.php?rest_route=\/wp\/v2\/types\/post"}],"author":[{"embeddable":true,"href":"https:\/\/oexpressobr.com.br\/index.php?rest_route=\/wp\/v2\/users\/1"}],"replies":[{"embeddable":true,"href":"https:\/\/oexpressobr.com.br\/index.php?rest_route=%2Fwp%2Fv2%2Fcomments&post=4493"}],"version-history":[{"count":1,"href":"https:\/\/oexpressobr.com.br\/index.php?rest_route=\/wp\/v2\/posts\/4493\/revisions"}],"predecessor-version":[{"id":4495,"href":"https:\/\/oexpressobr.com.br\/index.php?rest_route=\/wp\/v2\/posts\/4493\/revisions\/4495"}],"wp:featuredmedia":[{"embeddable":true,"href":"https:\/\/oexpressobr.com.br\/index.php?rest_route=\/wp\/v2\/media\/4494"}],"wp:attachment":[{"href":"https:\/\/oexpressobr.com.br\/index.php?rest_route=%2Fwp%2Fv2%2Fmedia&parent=4493"}],"wp:term":[{"taxonomy":"category","embeddable":true,"href":"https:\/\/oexpressobr.com.br\/index.php?rest_route=%2Fwp%2Fv2%2Fcategories&post=4493"},{"taxonomy":"post_tag","embeddable":true,"href":"https:\/\/oexpressobr.com.br\/index.php?rest_route=%2Fwp%2Fv2%2Ftags&post=4493"}],"curies":[{"name":"wp","href":"https:\/\/api.w.org\/{rel}","templated":true}]}}