{"id":4499,"date":"2026-02-23T11:51:20","date_gmt":"2026-02-23T14:51:20","guid":{"rendered":"https:\/\/oexpressobr.com.br\/?p=4499"},"modified":"2026-02-23T11:51:22","modified_gmt":"2026-02-23T14:51:22","slug":"perita-que-validou-video-contra-padre-julio-lancellotti-se-filia-ao-partido-do-mbl","status":"publish","type":"post","link":"https:\/\/oexpressobr.com.br\/?p=4499","title":{"rendered":"Perita que validou v\u00eddeo contra padre Julio Lancellotti se filia ao partido do MBL"},"content":{"rendered":"\n<p class=\"wp-block-paragraph\">A perita criminal Jacqueline Tirotti, que ganhou notoriedade nacional ao atestar a autenticidade de um suposto v\u00eddeo com conte\u00fado sexual atribu\u00eddo ao padre Julio Lancellotti, oficializou sua entrada na pol\u00edtica partid\u00e1ria. Tirotti filiou-se ao <strong>Miss\u00e3o<\/strong>, partido rec\u00e9m-criado pelo <strong>Movimento Brasil Livre (MBL)<\/strong>, e deve disputar uma vaga como deputada distrital em Bras\u00edlia nas elei\u00e7\u00f5es de 2026.<\/p>\n\n\n\n<p class=\"wp-block-paragraph\">\u200bA decis\u00e3o de ingressar na pol\u00edtica ocorre dois anos ap\u00f3s o caso envolvendo o coordenador da Pastoral do Povo de Rua de S\u00e3o Paulo ser amplamente explorado por parlamentares e influenciadores de direita. Na ocasi\u00e3o, o relat\u00f3rio assinado por Jacqueline e pelo perito Reginaldo Tirotti serviu de base para pedidos de abertura de uma Comiss\u00e3o Parlamentar de Inqu\u00e9rito (CPI) na C\u00e2mara Municipal de S\u00e3o Paulo, liderada pelo vereador Rubinho Nunes (Uni\u00e3o Brasil), tamb\u00e9m integrante do MBL.<\/p>\n\n\n\n<h3 class=\"wp-block-heading\">\u200bO Caso e a Pol\u00eamica da Per\u00edcia<\/h3>\n\n\n\n<p class=\"wp-block-paragraph\">\u200bEm 2024, a per\u00edcia particular produzida por Tirotti foi contratada para analisar imagens que circulavam desde 2020. O documento, com mais de 70 p\u00e1ginas, afirmava que n\u00e3o havia ind\u00edcios de edi\u00e7\u00e3o ou montagem e que as caracter\u00edsticas f\u00edsicas do homem no v\u00eddeo convergiam com as do religioso.<\/p>\n\n\n\n<p class=\"wp-block-paragraph\">\u200bEntretanto, a conclus\u00e3o foi duramente contestada por peritos independentes e pela defesa de Lancellotti, que apontaram a falta de rigor cient\u00edfico e a impossibilidade de confirmar a identidade do autor devido \u00e0 baixa qualidade do material original. Diante das incertezas e da aus\u00eancia de provas materiais robustas, a <strong>Arquidiocese de S\u00e3o Paulo<\/strong> e o <strong>Minist\u00e9rio P\u00fablico<\/strong> acabaram arquivando as investiga\u00e7\u00f5es, tratando o caso como uma tentativa de desgaste pol\u00edtico contra o padre.<\/p>\n\n\n\n<h3 class=\"wp-block-heading\">\u200b&#8221;Cora\u00e7\u00e3o falou mais alto&#8221;<\/h3>\n\n\n\n<p class=\"wp-block-paragraph\">\u200bAo anunciar sua pr\u00e9-candidatura pela sigla do MBL, Jacqueline Tirotti admitiu ter hesitado antes de aceitar o convite, temendo os impactos da exposi\u00e7\u00e3o em sua carreira profissional como perita. &#8220;Fiquei com medo, pois vivo de per\u00edcias e essa exposi\u00e7\u00e3o pode me levar a perder a simpatia de muitos. Meu cora\u00e7\u00e3o falou mais alto e eu tomei coragem para assumir mais esta miss\u00e3o&#8221;, declarou a agora pol\u00edtica.<\/p>\n\n\n\n<p class=\"wp-block-paragraph\">\u200bAl\u00e9m do caso Lancellotti, a perita tamb\u00e9m atuou em outros processos de repercuss\u00e3o, como a an\u00e1lise de assinaturas em disputas judiciais envolvendo a apresentadora Ana Hickmann e dirigentes da Confedera\u00e7\u00e3o Brasileira de Futebol (CBF).<\/p>\n\n\n\n<p class=\"wp-block-paragraph\">\u200bA filia\u00e7\u00e3o de Tirotti ao Miss\u00e3o refor\u00e7a a estrat\u00e9gia do MBL de atrair figuras ligadas a pautas que geraram engajamento em sua base eleitoral conservadora, especialmente no Distrito Federal, onde o movimento busca consolidar sua nova legenda.<\/p>\n","protected":false},"excerpt":{"rendered":"<p>A perita criminal Jacqueline Tirotti, que ganhou notoriedade nacional ao atestar a autenticidade de um suposto v\u00eddeo com conte\u00fado sexual atribu\u00eddo ao padre Julio Lancellotti, [&#8230;]<\/p>\n","protected":false},"author":1,"featured_media":4500,"comment_status":"open","ping_status":"open","sticky":false,"template":"","format":"standard","meta":{"_crdt_document":"","_jetpack_memberships_contains_paid_content":false,"footnotes":"","jetpack_publicize_message":"","jetpack_publicize_feature_enabled":true,"jetpack_social_post_already_shared":true,"jetpack_social_options":{"image_generator_settings":{"template":"highway","default_image_id":0,"font":"","enabled":false},"version":2}},"categories":[7],"tags":[],"class_list":["post-4499","post","type-post","status-publish","format-standard","has-post-thumbnail","hentry","category-politica"],"jetpack_publicize_connections":[],"jetpack_featured_media_url":"https:\/\/i0.wp.com\/oexpressobr.com.br\/wp-content\/uploads\/2026\/02\/17716946066999ea0ecf9a3_1771694606_1x1_lg.jpg?fit=1024%2C1024&ssl=1","jetpack_likes_enabled":true,"jetpack_sharing_enabled":true,"_links":{"self":[{"href":"https:\/\/oexpressobr.com.br\/index.php?rest_route=\/wp\/v2\/posts\/4499","targetHints":{"allow":["GET"]}}],"collection":[{"href":"https:\/\/oexpressobr.com.br\/index.php?rest_route=\/wp\/v2\/posts"}],"about":[{"href":"https:\/\/oexpressobr.com.br\/index.php?rest_route=\/wp\/v2\/types\/post"}],"author":[{"embeddable":true,"href":"https:\/\/oexpressobr.com.br\/index.php?rest_route=\/wp\/v2\/users\/1"}],"replies":[{"embeddable":true,"href":"https:\/\/oexpressobr.com.br\/index.php?rest_route=%2Fwp%2Fv2%2Fcomments&post=4499"}],"version-history":[{"count":1,"href":"https:\/\/oexpressobr.com.br\/index.php?rest_route=\/wp\/v2\/posts\/4499\/revisions"}],"predecessor-version":[{"id":4501,"href":"https:\/\/oexpressobr.com.br\/index.php?rest_route=\/wp\/v2\/posts\/4499\/revisions\/4501"}],"wp:featuredmedia":[{"embeddable":true,"href":"https:\/\/oexpressobr.com.br\/index.php?rest_route=\/wp\/v2\/media\/4500"}],"wp:attachment":[{"href":"https:\/\/oexpressobr.com.br\/index.php?rest_route=%2Fwp%2Fv2%2Fmedia&parent=4499"}],"wp:term":[{"taxonomy":"category","embeddable":true,"href":"https:\/\/oexpressobr.com.br\/index.php?rest_route=%2Fwp%2Fv2%2Fcategories&post=4499"},{"taxonomy":"post_tag","embeddable":true,"href":"https:\/\/oexpressobr.com.br\/index.php?rest_route=%2Fwp%2Fv2%2Ftags&post=4499"}],"curies":[{"name":"wp","href":"https:\/\/api.w.org\/{rel}","templated":true}]}}