{"id":4502,"date":"2026-02-23T12:00:14","date_gmt":"2026-02-23T15:00:14","guid":{"rendered":"https:\/\/oexpressobr.com.br\/?p=4502"},"modified":"2026-02-23T12:00:16","modified_gmt":"2026-02-23T15:00:16","slug":"policia-civil-investiga-morte-de-freira-de-82-anos-apos-invasao-a-convento-em-ivai","status":"publish","type":"post","link":"https:\/\/oexpressobr.com.br\/?p=4502","title":{"rendered":"Pol\u00edcia Civil investiga morte de freira de 82 anos ap\u00f3s invas\u00e3o a convento em Iva\u00ed"},"content":{"rendered":"\n<p class=\"wp-block-paragraph\">\u200bA comunidade religiosa de Iva\u00ed, na regi\u00e3o dos Campos Gerais, amanheceu em luto e choque ap\u00f3s a confirma\u00e7\u00e3o da morte da irm\u00e3 <strong>N\u00e1dia Gavanski<\/strong>, de 82 anos. O caso, que ocorreu no \u00faltimo s\u00e1bado (21) dentro do convento das <strong>Irm\u00e3s Servas de Maria Imaculada<\/strong>, mobiliza as for\u00e7as de seguran\u00e7a do Paran\u00e1 para esclarecer as circunst\u00e2ncias da fatalidade e localizar o invasor.<\/p>\n\n\n\n<h3 class=\"wp-block-heading\">\u200bO que se sabe sobre o crime<\/h3>\n\n\n\n<p class=\"wp-block-paragraph\">\u200bDe acordo com informa\u00e7\u00f5es preliminares da Pol\u00edcia Civil do Paran\u00e1 (PC-PR), o incidente ocorreu ap\u00f3s um homem invadir as depend\u00eancias do convento. Relatos indicam que:<\/p>\n\n\n\n<ul class=\"wp-block-list\">\n<li>\u200b<strong>A Invas\u00e3o:<\/strong> O suspeito teria entrado no local e tido contato direto com a religiosa.<\/li>\n\n\n\n<li>\u200b<strong>O Encontro:<\/strong> A irm\u00e3 N\u00e1dia foi encontrada sem vida logo ap\u00f3s a a\u00e7\u00e3o criminosa.<\/li>\n\n\n\n<li>\u200b<strong>A Causa da Morte:<\/strong> Embora a invas\u00e3o seja confirmada, a per\u00edcia trabalha para determinar se a morte foi causada por viol\u00eancia f\u00edsica direta ou se a idosa sofreu um mal s\u00fabito decorrente do susto e do estresse da situa\u00e7\u00e3o (latroc\u00ednio ou morte natural subsequente a crime).<\/li>\n<\/ul>\n\n\n\n<h3 class=\"wp-block-heading\">\u200bInvestiga\u00e7\u00e3o em curso<\/h3>\n\n\n\n<p class=\"wp-block-paragraph\">\u200bO delegado respons\u00e1vel pelo caso j\u00e1 iniciou a coleta de depoimentos de outras freiras e funcion\u00e1rios da institui\u00e7\u00e3o. A Pol\u00edcia Cient\u00edfica realizou a per\u00edcia no local em busca de vest\u00edgios gen\u00e9ticos e digitais que possam identificar o autor.<\/p>\n\n\n\n<blockquote class=\"wp-block-quote is-layout-flow wp-block-quote-is-layout-flow\">\n<p class=\"wp-block-paragraph\">\u200b&#8221;Estamos tratando o caso com prioridade absoluta. A an\u00e1lise do Instituto M\u00e9dico-Legal (IML) ser\u00e1 crucial para definir a tipifica\u00e7\u00e3o do crime&#8221;, informou a Pol\u00edcia Civil em nota.<\/p>\n<\/blockquote>\n\n\n\n<h3 class=\"wp-block-heading\">\u200bPerfil da v\u00edtima e como\u00e7\u00e3o local<\/h3>\n\n\n\n<p class=\"wp-block-paragraph\">\u200bIrm\u00e3 N\u00e1dia era uma figura respeitada e querida na regi\u00e3o, dedicada h\u00e1 d\u00e9cadas \u00e0 vida religiosa e ao servi\u00e7o comunit\u00e1rio. A Congrega\u00e7\u00e3o das Irm\u00e3s Servas de Maria Imaculada \u00e9 conhecida por seu trabalho educacional e social na comunidade ucraniana do Paran\u00e1.<\/p>\n\n\n\n<p class=\"wp-block-paragraph\">\u200b<strong>Pr\u00f3ximos passos da pol\u00edcia:<\/strong><\/p>\n\n\n\n<ol class=\"wp-block-list\">\n<li>\u200bAn\u00e1lise de c\u00e2meras de seguran\u00e7a do entorno do convento.<\/li>\n\n\n\n<li>\u200bRastreamento de poss\u00edveis itens subtra\u00eddos para confirmar a hip\u00f3tese de assalto.<\/li>\n\n\n\n<li>\u200bAguardar o laudo oficial de necropsia do IML de Ponta Grossa.<\/li>\n<\/ol>\n","protected":false},"excerpt":{"rendered":"<p>\u200bA comunidade religiosa de Iva\u00ed, na regi\u00e3o dos Campos Gerais, amanheceu em luto e choque ap\u00f3s a confirma\u00e7\u00e3o da morte da irm\u00e3 N\u00e1dia Gavanski, de [&#8230;]<\/p>\n","protected":false},"author":1,"featured_media":4503,"comment_status":"open","ping_status":"open","sticky":false,"template":"","format":"standard","meta":{"_crdt_document":"","_jetpack_memberships_contains_paid_content":false,"footnotes":"","jetpack_publicize_message":"","jetpack_publicize_feature_enabled":true,"jetpack_social_post_already_shared":true,"jetpack_social_options":{"image_generator_settings":{"template":"highway","default_image_id":0,"font":"","enabled":false},"version":2}},"categories":[9],"tags":[],"class_list":["post-4502","post","type-post","status-publish","format-standard","has-post-thumbnail","hentry","category-policia"],"jetpack_publicize_connections":[],"jetpack_featured_media_url":"https:\/\/i0.wp.com\/oexpressobr.com.br\/wp-content\/uploads\/2026\/02\/design-sem-nome-3-.jpg?fit=1000%2C562&ssl=1","jetpack_likes_enabled":true,"jetpack_sharing_enabled":true,"_links":{"self":[{"href":"https:\/\/oexpressobr.com.br\/index.php?rest_route=\/wp\/v2\/posts\/4502","targetHints":{"allow":["GET"]}}],"collection":[{"href":"https:\/\/oexpressobr.com.br\/index.php?rest_route=\/wp\/v2\/posts"}],"about":[{"href":"https:\/\/oexpressobr.com.br\/index.php?rest_route=\/wp\/v2\/types\/post"}],"author":[{"embeddable":true,"href":"https:\/\/oexpressobr.com.br\/index.php?rest_route=\/wp\/v2\/users\/1"}],"replies":[{"embeddable":true,"href":"https:\/\/oexpressobr.com.br\/index.php?rest_route=%2Fwp%2Fv2%2Fcomments&post=4502"}],"version-history":[{"count":1,"href":"https:\/\/oexpressobr.com.br\/index.php?rest_route=\/wp\/v2\/posts\/4502\/revisions"}],"predecessor-version":[{"id":4504,"href":"https:\/\/oexpressobr.com.br\/index.php?rest_route=\/wp\/v2\/posts\/4502\/revisions\/4504"}],"wp:featuredmedia":[{"embeddable":true,"href":"https:\/\/oexpressobr.com.br\/index.php?rest_route=\/wp\/v2\/media\/4503"}],"wp:attachment":[{"href":"https:\/\/oexpressobr.com.br\/index.php?rest_route=%2Fwp%2Fv2%2Fmedia&parent=4502"}],"wp:term":[{"taxonomy":"category","embeddable":true,"href":"https:\/\/oexpressobr.com.br\/index.php?rest_route=%2Fwp%2Fv2%2Fcategories&post=4502"},{"taxonomy":"post_tag","embeddable":true,"href":"https:\/\/oexpressobr.com.br\/index.php?rest_route=%2Fwp%2Fv2%2Ftags&post=4502"}],"curies":[{"name":"wp","href":"https:\/\/api.w.org\/{rel}","templated":true}]}}