{"id":4505,"date":"2026-02-23T12:06:28","date_gmt":"2026-02-23T15:06:28","guid":{"rendered":"https:\/\/oexpressobr.com.br\/?p=4505"},"modified":"2026-02-23T12:06:30","modified_gmt":"2026-02-23T15:06:30","slug":"lula-corrige-jornalista-sobre-repatriacao-de-brasileiros-presos-nos-eua-durante-cupula-na-india","status":"publish","type":"post","link":"https:\/\/oexpressobr.com.br\/?p=4505","title":{"rendered":"Lula corrige jornalista sobre repatria\u00e7\u00e3o de brasileiros presos nos EUA durante c\u00fapula na \u00cdndia"},"content":{"rendered":"\n<p class=\"wp-block-paragraph\">\u200bO presidente Luiz In\u00e1cio Lula da Silva protagonizou um momento de tens\u00e3o e esclarecimento durante coletiva de imprensa em Nova D\u00e9lhi, na \u00cdndia. Ao ser questionado sobre a situa\u00e7\u00e3o de cidad\u00e3os brasileiros detidos em solo americano, Lula interrompeu o rep\u00f3rter para corrigir uma interpreta\u00e7\u00e3o sobre suas declara\u00e7\u00f5es anteriores, enfatizando o rigor jur\u00eddico da repatria\u00e7\u00e3o.<\/p>\n\n\n\n<h3 class=\"wp-block-heading\">\u200bO embate: &#8220;Receber&#8221; vs. &#8220;Prender&#8221;<\/h3>\n\n\n\n<p class=\"wp-block-paragraph\">\u200bO epis\u00f3dio ocorreu quando um jornalista brasileiro iniciou uma pergunta mencionando que o presidente teria interesse em &#8220;receber&#8221; os brasileiros que cumprem pena nos Estados Unidos. Prontamente, Lula interveio para ajustar a narrativa:<\/p>\n\n\n\n<ul class=\"wp-block-list\">\n<li>\u200b<strong>A corre\u00e7\u00e3o:<\/strong> O presidente pontuou que o termo &#8220;receber&#8221; dava a entender uma recep\u00e7\u00e3o de liberdade ou complac\u00eancia.<\/li>\n\n\n\n<li>\u200b<strong>A postura oficial:<\/strong> Lula esclareceu que o objetivo do governo \u00e9 que esses indiv\u00edduos <strong>cumpram suas penas no Brasil<\/strong>, sob a cust\u00f3dia das autoridades brasileiras, e n\u00e3o que retornem ao pa\u00eds sem prestar contas \u00e0 justi\u00e7a.<\/li>\n<\/ul>\n\n\n\n<p class=\"wp-block-paragraph\">\u200bAp\u00f3s o ajuste, o clima da coletiva seguiu o protocolo, com o presidente respondendo aos desdobramentos sobre acordos bilaterais e coopera\u00e7\u00e3o jur\u00eddica.<\/p>\n\n\n\n<h3 class=\"wp-block-heading\">\u200bContexto e implica\u00e7\u00f5es diplom\u00e1ticas<\/h3>\n\n\n\n<p class=\"wp-block-paragraph\">\u200bA discuss\u00e3o sobre a transfer\u00eancia de presos \u00e9 um tema sens\u00edvel na agenda entre Brasil e Estados Unidos.<\/p>\n\n\n\n<h3 class=\"wp-block-heading\">Por que isso importa?<\/h3>\n\n\n\n<p class=\"wp-block-paragraph\">\u200bA fala de Lula refor\u00e7a uma postura de <strong>responsabilidade institucional<\/strong>. Ao exigir que o termo &#8220;prender&#8221; fosse utilizado, o presidente sinaliza aos parceiros internacionais (especialmente aos EUA) que o Brasil n\u00e3o pretende anistiar quem cometeu crimes no exterior, mas sim exercer sua jurisdi\u00e7\u00e3o sobre seus cidad\u00e3os.<\/p>\n","protected":false},"excerpt":{"rendered":"<p>\u200bO presidente Luiz In\u00e1cio Lula da Silva protagonizou um momento de tens\u00e3o e esclarecimento durante coletiva de imprensa em Nova D\u00e9lhi, na \u00cdndia. Ao ser [&#8230;]<\/p>\n","protected":false},"author":1,"featured_media":4506,"comment_status":"open","ping_status":"open","sticky":false,"template":"","format":"standard","meta":{"_crdt_document":"","_jetpack_memberships_contains_paid_content":false,"footnotes":"","jetpack_publicize_message":"","jetpack_publicize_feature_enabled":true,"jetpack_social_post_already_shared":true,"jetpack_social_options":{"image_generator_settings":{"template":"highway","default_image_id":0,"font":"","enabled":false},"version":2}},"categories":[15],"tags":[],"class_list":["post-4505","post","type-post","status-publish","format-standard","has-post-thumbnail","hentry","category-internacional"],"jetpack_publicize_connections":[],"jetpack_featured_media_url":"https:\/\/i0.wp.com\/oexpressobr.com.br\/wp-content\/uploads\/2026\/02\/IMG-20260223-WA0177.jpg?fit=1001%2C644&ssl=1","jetpack_likes_enabled":true,"jetpack_sharing_enabled":true,"_links":{"self":[{"href":"https:\/\/oexpressobr.com.br\/index.php?rest_route=\/wp\/v2\/posts\/4505","targetHints":{"allow":["GET"]}}],"collection":[{"href":"https:\/\/oexpressobr.com.br\/index.php?rest_route=\/wp\/v2\/posts"}],"about":[{"href":"https:\/\/oexpressobr.com.br\/index.php?rest_route=\/wp\/v2\/types\/post"}],"author":[{"embeddable":true,"href":"https:\/\/oexpressobr.com.br\/index.php?rest_route=\/wp\/v2\/users\/1"}],"replies":[{"embeddable":true,"href":"https:\/\/oexpressobr.com.br\/index.php?rest_route=%2Fwp%2Fv2%2Fcomments&post=4505"}],"version-history":[{"count":1,"href":"https:\/\/oexpressobr.com.br\/index.php?rest_route=\/wp\/v2\/posts\/4505\/revisions"}],"predecessor-version":[{"id":4507,"href":"https:\/\/oexpressobr.com.br\/index.php?rest_route=\/wp\/v2\/posts\/4505\/revisions\/4507"}],"wp:featuredmedia":[{"embeddable":true,"href":"https:\/\/oexpressobr.com.br\/index.php?rest_route=\/wp\/v2\/media\/4506"}],"wp:attachment":[{"href":"https:\/\/oexpressobr.com.br\/index.php?rest_route=%2Fwp%2Fv2%2Fmedia&parent=4505"}],"wp:term":[{"taxonomy":"category","embeddable":true,"href":"https:\/\/oexpressobr.com.br\/index.php?rest_route=%2Fwp%2Fv2%2Fcategories&post=4505"},{"taxonomy":"post_tag","embeddable":true,"href":"https:\/\/oexpressobr.com.br\/index.php?rest_route=%2Fwp%2Fv2%2Ftags&post=4505"}],"curies":[{"name":"wp","href":"https:\/\/api.w.org\/{rel}","templated":true}]}}