{"id":4508,"date":"2026-02-23T12:10:47","date_gmt":"2026-02-23T15:10:47","guid":{"rendered":"https:\/\/oexpressobr.com.br\/?p=4508"},"modified":"2026-02-23T12:10:50","modified_gmt":"2026-02-23T15:10:50","slug":"uefa-suspende-gianluca-prestianni-apos-denuncia-de-racismo-contra-vini-jr-em-jogo-da-champions-league","status":"publish","type":"post","link":"https:\/\/oexpressobr.com.br\/?p=4508","title":{"rendered":"UEFA suspende Gianluca Prestianni ap\u00f3s den\u00fancia de racismo contra Vini Jr. em jogo da Champions League"},"content":{"rendered":"\n<p class=\"wp-block-paragraph\">\u200bA <strong>Uefa<\/strong> anunciou nesta segunda-feira (23) a <strong>suspens\u00e3o provis\u00f3ria por um jogo<\/strong> do meia argentino <strong>Gianluca Prestianni<\/strong>, do Benfica. A decis\u00e3o ocorre ap\u00f3s o brasileiro <strong>Vinicius Junior<\/strong> acusar o advers\u00e1rio de ofensas racistas durante a partida de ida dos playoffs da Champions League, realizada na \u00faltima ter\u00e7a-feira (17), no Est\u00e1dio da Luz, em Lisboa.<\/p>\n\n\n\n<h3 class=\"wp-block-heading\">\u200bO Incidente e o Protocolo Antirracismo<\/h3>\n\n\n\n<p class=\"wp-block-paragraph\">\u200bO epis\u00f3dio aconteceu logo ap\u00f3s Vini Jr. marcar o gol da vit\u00f3ria do Real Madrid por 1 a 0. Durante a comemora\u00e7\u00e3o, iniciou-se uma discuss\u00e3o na qual Prestianni teria chamado o brasileiro de &#8220;macaco&#8221; (em espanhol, <em>mono<\/em>) enquanto cobria a boca com a camisa para evitar a leitura labial.<\/p>\n\n\n\n<p class=\"wp-block-paragraph\">\u200bO atacante brasileiro imediatamente reportou o ocorrido ao \u00e1rbitro <strong>Fran\u00e7ois Letexier<\/strong>, que acionou o protocolo antirracismo da Uefa, paralisando o confronto por cerca de 10 minutos. Na ocasi\u00e3o, Vini Jr. chegou a se sentar no banco de reservas em sinal de protesto, enquanto o astro <strong>Kylian Mbapp\u00e9<\/strong> defendeu o companheiro, afirmando ter ouvido as ofensas.<\/p>\n\n\n\n<h3 class=\"wp-block-heading\">\u200bDetalhes da Suspens\u00e3o<\/h3>\n\n\n\n<p class=\"wp-block-paragraph\">\u200bCom a puni\u00e7\u00e3o preventiva baseada no <strong>Artigo 14 do Regulamento Disciplinar da Uefa<\/strong> (comportamento discriminat\u00f3rio), Prestianni est\u00e1 fora do jogo de volta, que acontece nesta quarta-feira (25) no Santiago Bernab\u00e9u.<\/p>\n\n\n\n<ul class=\"wp-block-list\">\n<li>\u200b<strong>Puni\u00e7\u00e3o Provis\u00f3ria:<\/strong> 1 jogo de suspens\u00e3o.<\/li>\n\n\n\n<li>\u200b<strong>Investiga\u00e7\u00e3o em curso:<\/strong> A Uefa nomeou um Inspetor de \u00c9tica e Disciplina para analisar as provas e depoimentos.<\/li>\n\n\n\n<li>\u200b<strong>Pr\u00f3ximos passos:<\/strong> Caso a culpa seja confirmada ao final do processo, o argentino pode enfrentar uma suspens\u00e3o m\u00ednima de <strong>10 partidas<\/strong>.<\/li>\n<\/ul>\n\n\n\n<h3 class=\"wp-block-heading\">\u200bPosicionamentos<\/h3>\n\n\n\n<p class=\"wp-block-paragraph\">\u200bO <strong>Benfica<\/strong> nega as acusa\u00e7\u00f5es e afirma que o jogador est\u00e1 sendo v\u00edtima de uma &#8220;campanha de difama\u00e7\u00e3o&#8221;. Em sua defesa \u00e0 entidade, Prestianni alegou ter utilizado um termo homof\u00f3bico em vez de racista durante a discuss\u00e3o.<\/p>\n\n\n\n<p class=\"wp-block-paragraph\">\u200bPor outro lado, Vini Jr. manifestou-se duramente nas redes sociais ap\u00f3s a partida:<\/p>\n\n\n\n<blockquote class=\"wp-block-quote is-layout-flow wp-block-quote-is-layout-flow\">\n<p class=\"wp-block-paragraph\">\u200b&#8221;Os racistas s\u00e3o, acima de tudo, covardes. Precisam colocar a camisa na boca para demonstrar como s\u00e3o fracos. Mas eles t\u00eam, ao lado, prote\u00e7\u00e3o de outros que, teoricamente, t\u00eam a obriga\u00e7\u00e3o de punir.&#8221;<\/p>\n<\/blockquote>\n","protected":false},"excerpt":{"rendered":"<p>\u200bA Uefa anunciou nesta segunda-feira (23) a suspens\u00e3o provis\u00f3ria por um jogo do meia argentino Gianluca Prestianni, do Benfica. A decis\u00e3o ocorre ap\u00f3s o brasileiro [&#8230;]<\/p>\n","protected":false},"author":1,"featured_media":4509,"comment_status":"open","ping_status":"open","sticky":false,"template":"","format":"standard","meta":{"_crdt_document":"","_jetpack_memberships_contains_paid_content":false,"footnotes":"","jetpack_publicize_message":"","jetpack_publicize_feature_enabled":true,"jetpack_social_post_already_shared":true,"jetpack_social_options":{"image_generator_settings":{"template":"highway","default_image_id":0,"font":"","enabled":false},"version":2}},"categories":[12],"tags":[],"class_list":["post-4508","post","type-post","status-publish","format-standard","has-post-thumbnail","hentry","category-esporte"],"jetpack_publicize_connections":[],"jetpack_featured_media_url":"https:\/\/i0.wp.com\/oexpressobr.com.br\/wp-content\/uploads\/2026\/02\/IMG-20260223-WA0178.jpg?fit=450%2C450&ssl=1","jetpack_likes_enabled":true,"jetpack_sharing_enabled":true,"_links":{"self":[{"href":"https:\/\/oexpressobr.com.br\/index.php?rest_route=\/wp\/v2\/posts\/4508","targetHints":{"allow":["GET"]}}],"collection":[{"href":"https:\/\/oexpressobr.com.br\/index.php?rest_route=\/wp\/v2\/posts"}],"about":[{"href":"https:\/\/oexpressobr.com.br\/index.php?rest_route=\/wp\/v2\/types\/post"}],"author":[{"embeddable":true,"href":"https:\/\/oexpressobr.com.br\/index.php?rest_route=\/wp\/v2\/users\/1"}],"replies":[{"embeddable":true,"href":"https:\/\/oexpressobr.com.br\/index.php?rest_route=%2Fwp%2Fv2%2Fcomments&post=4508"}],"version-history":[{"count":1,"href":"https:\/\/oexpressobr.com.br\/index.php?rest_route=\/wp\/v2\/posts\/4508\/revisions"}],"predecessor-version":[{"id":4510,"href":"https:\/\/oexpressobr.com.br\/index.php?rest_route=\/wp\/v2\/posts\/4508\/revisions\/4510"}],"wp:featuredmedia":[{"embeddable":true,"href":"https:\/\/oexpressobr.com.br\/index.php?rest_route=\/wp\/v2\/media\/4509"}],"wp:attachment":[{"href":"https:\/\/oexpressobr.com.br\/index.php?rest_route=%2Fwp%2Fv2%2Fmedia&parent=4508"}],"wp:term":[{"taxonomy":"category","embeddable":true,"href":"https:\/\/oexpressobr.com.br\/index.php?rest_route=%2Fwp%2Fv2%2Fcategories&post=4508"},{"taxonomy":"post_tag","embeddable":true,"href":"https:\/\/oexpressobr.com.br\/index.php?rest_route=%2Fwp%2Fv2%2Ftags&post=4508"}],"curies":[{"name":"wp","href":"https:\/\/api.w.org\/{rel}","templated":true}]}}