{"id":452,"date":"2025-12-09T08:02:38","date_gmt":"2025-12-09T11:02:38","guid":{"rendered":"https:\/\/oexpressobr.com.br\/?p=452"},"modified":"2025-12-09T08:02:39","modified_gmt":"2025-12-09T11:02:39","slug":"justica-da-italia-pede-a-moraes-informacoes-sobre-prisao-de-zambelli-e-adia-julgamento-de-extradicao","status":"publish","type":"post","link":"https:\/\/oexpressobr.com.br\/?p=452","title":{"rendered":"Justi\u00e7a da It\u00e1lia Pede a Moraes Informa\u00e7\u00f5es Sobre Pris\u00e3o de Zambelli e Adia Julgamento de Extradi\u00e7\u00e3o"},"content":{"rendered":"\n<p class=\"wp-block-paragraph\">A Justi\u00e7a da It\u00e1lia solicitou ao ministro Alexandre de Moraes, do Supremo Tribunal Federal (STF), uma s\u00e9rie de esclarecimentos sobre o sistema prisional brasileiro, um procedimento que faz parte da an\u00e1lise do pedido de extradi\u00e7\u00e3o da deputada federal licenciada Carla Zambelli (PL-SP). A comunica\u00e7\u00e3o oficial foi realizada pelo Departamento de Recupera\u00e7\u00e3o de Ativos e Coopera\u00e7\u00e3o Jur\u00eddica Internacional do Minist\u00e9rio da Justi\u00e7a, dando a Moraes o prazo final de <strong>14 de dezembro de 2025<\/strong> para responder aos questionamentos.<\/p>\n\n\n\n<p class=\"wp-block-paragraph\">\u200bO processo de extradi\u00e7\u00e3o da parlamentar, condenada pelo STF a 10 anos de pris\u00e3o por envolvimento na invas\u00e3o hacker dos sistemas do Conselho Nacional de Justi\u00e7a (CNJ), segue em curso, mas com mais um adiamento na Corte de Apela\u00e7\u00e3o de Roma.<\/p>\n\n\n\n<ul class=\"wp-block-list\">\n<li>\u200b<strong>Julgamento Adiado:<\/strong> A Justi\u00e7a italiana adiou novamente a audi\u00eancia de extradi\u00e7\u00e3o da deputada para <strong>18 de dezembro de 2025<\/strong>. Originalmente, o julgamento estava previsto para ocorrer antes, mas foi postergado.<\/li>\n\n\n\n<li>\u200b<strong>Parecer Favor\u00e1vel \u00e0 Extradi\u00e7\u00e3o:<\/strong> Em outubro de 2025, o Minist\u00e9rio P\u00fablico da It\u00e1lia emitiu parecer favor\u00e1vel \u00e0 extradi\u00e7\u00e3o da deputada, argumentando que as condi\u00e7\u00f5es do acordo bilateral foram atendidas, incluindo a dupla tipicidade do crime e as garantias de defesa.<\/li>\n\n\n\n<li>\u200b<strong>Pris\u00e3o Mantida:<\/strong> Desde sua deten\u00e7\u00e3o em julho de 2025, Zambelli permanece presa cautelarmente no pres\u00eddio feminino de Rebibbia, em Roma. A Justi\u00e7a italiana rejeitou seguidos pedidos da defesa para que ela aguardasse o processo em pris\u00e3o domiciliar ou em liberdade, alegando <strong>grave risco de fuga<\/strong>. A Corte de Cassa\u00e7\u00e3o, \u00faltima inst\u00e2ncia da Justi\u00e7a do pa\u00eds, manteve a decis\u00e3o em outubro.<\/li>\n\n\n\n<li>\u200b<strong>Origem da Condena\u00e7\u00e3o:<\/strong> Carla Zambelli foi condenada pelo STF por ser, conforme as investiga\u00e7\u00f5es, a autora intelectual da invas\u00e3o ao sistema do CNJ, que resultou na emiss\u00e3o de um falso mandado de pris\u00e3o contra o pr\u00f3prio ministro Alexandre de Moraes. O hacker Walter Delgatti Neto, condenado no mesmo processo, confirmou ter agido a mando da parlamentar.<\/li>\n<\/ul>\n\n\n\n<p class=\"wp-block-paragraph\">\u200bO pedido de extradi\u00e7\u00e3o foi formalizado pelo STF em 11 de junho de 2025 e enviado pelo Itamaraty ao governo italiano. Mesmo com as decis\u00f5es judiciais, a palavra final sobre a entrega da parlamentar ao Brasil caber\u00e1 ao Minist\u00e9rio da Justi\u00e7a da It\u00e1lia.<\/p>\n","protected":false},"excerpt":{"rendered":"<p>A Justi\u00e7a da It\u00e1lia solicitou ao ministro Alexandre de Moraes, do Supremo Tribunal Federal (STF), uma s\u00e9rie de esclarecimentos sobre o sistema prisional brasileiro, um [&#8230;]<\/p>\n","protected":false},"author":1,"featured_media":453,"comment_status":"open","ping_status":"open","sticky":false,"template":"","format":"standard","meta":{"_crdt_document":"","_jetpack_memberships_contains_paid_content":false,"footnotes":"","jetpack_publicize_message":"","jetpack_publicize_feature_enabled":true,"jetpack_social_post_already_shared":false,"jetpack_social_options":{"image_generator_settings":{"template":"highway","default_image_id":0,"font":"","enabled":false},"version":2}},"categories":[8],"tags":[],"class_list":["post-452","post","type-post","status-publish","format-standard","has-post-thumbnail","hentry","category-judiciario"],"jetpack_publicize_connections":[],"jetpack_featured_media_url":"https:\/\/i0.wp.com\/oexpressobr.com.br\/wp-content\/uploads\/2025\/12\/02082023-lula7886.webp?fit=1170%2C700&ssl=1","jetpack_likes_enabled":true,"jetpack_sharing_enabled":true,"_links":{"self":[{"href":"https:\/\/oexpressobr.com.br\/index.php?rest_route=\/wp\/v2\/posts\/452","targetHints":{"allow":["GET"]}}],"collection":[{"href":"https:\/\/oexpressobr.com.br\/index.php?rest_route=\/wp\/v2\/posts"}],"about":[{"href":"https:\/\/oexpressobr.com.br\/index.php?rest_route=\/wp\/v2\/types\/post"}],"author":[{"embeddable":true,"href":"https:\/\/oexpressobr.com.br\/index.php?rest_route=\/wp\/v2\/users\/1"}],"replies":[{"embeddable":true,"href":"https:\/\/oexpressobr.com.br\/index.php?rest_route=%2Fwp%2Fv2%2Fcomments&post=452"}],"version-history":[{"count":0,"href":"https:\/\/oexpressobr.com.br\/index.php?rest_route=\/wp\/v2\/posts\/452\/revisions"}],"wp:featuredmedia":[{"embeddable":true,"href":"https:\/\/oexpressobr.com.br\/index.php?rest_route=\/wp\/v2\/media\/453"}],"wp:attachment":[{"href":"https:\/\/oexpressobr.com.br\/index.php?rest_route=%2Fwp%2Fv2%2Fmedia&parent=452"}],"wp:term":[{"taxonomy":"category","embeddable":true,"href":"https:\/\/oexpressobr.com.br\/index.php?rest_route=%2Fwp%2Fv2%2Fcategories&post=452"},{"taxonomy":"post_tag","embeddable":true,"href":"https:\/\/oexpressobr.com.br\/index.php?rest_route=%2Fwp%2Fv2%2Ftags&post=452"}],"curies":[{"name":"wp","href":"https:\/\/api.w.org\/{rel}","templated":true}]}}