{"id":455,"date":"2025-12-09T08:08:09","date_gmt":"2025-12-09T11:08:09","guid":{"rendered":"https:\/\/oexpressobr.com.br\/?p=455"},"modified":"2025-12-09T08:08:09","modified_gmt":"2025-12-09T11:08:09","slug":"ministerio-da-justica-lanca-projeto-captura-contra-foragidos-mais-perigosos","status":"publish","type":"post","link":"https:\/\/oexpressobr.com.br\/?p=455","title":{"rendered":"Minist\u00e9rio da Justi\u00e7a Lan\u00e7a &#8216;Projeto Captura&#8217; Contra Foragidos Mais Perigosos"},"content":{"rendered":"\n<p class=\"wp-block-paragraph\">O <strong>Minist\u00e9rio da Justi\u00e7a e Seguran\u00e7a P\u00fablica (MJSP)<\/strong>, em uma iniciativa audaciosa, lan\u00e7ou o <strong>&#8220;Projeto Captura&#8221;<\/strong>, uma lista p\u00fablica que compila os perfis dos <strong>criminosos foragidos mais perigosos do pa\u00eds<\/strong>. A a\u00e7\u00e3o visa aumentar a efic\u00e1cia na localiza\u00e7\u00e3o e pris\u00e3o desses indiv\u00edduos, mobilizando for\u00e7as de seguran\u00e7a e, em alguns casos, a pr\u00f3pria popula\u00e7\u00e3o atrav\u00e9s da divulga\u00e7\u00e3o.<\/p>\n\n\n\n<p class=\"wp-block-paragraph\">\u200bA lista, que tem capacidade para incluir at\u00e9 216 nomes de alta periculosidade, j\u00e1 conta com <strong>199 foragidos catalogados<\/strong>. Esses criminosos s\u00e3o procurados por envolvimento em crimes graves, como homic\u00eddio, latroc\u00ednio, tr\u00e1fico de drogas e organiza\u00e7\u00e3o criminosa. A divulga\u00e7\u00e3o dos nomes e perfis \u00e9 uma estrat\u00e9gia-chave para dificultar a perman\u00eancia na clandestinidade.<\/p>\n\n\n\n<h3 class=\"wp-block-heading\">\u200b\ud83c\udde7\ud83c\uddf7 O Impacto Nacional da Iniciativa<\/h3>\n\n\n\n<p class=\"wp-block-paragraph\">\u200bO &#8220;Projeto Captura&#8221; \u00e9 uma evolu\u00e7\u00e3o de esfor\u00e7os anteriores e demonstra o compromisso do MJSP em integrar as for\u00e7as policiais estaduais e federais. Ao criar um banco de dados centralizado dos indiv\u00edduos mais procurados, o Minist\u00e9rio busca:<\/p>\n\n\n\n<ul class=\"wp-block-list\">\n<li>\u200b<strong>Acelerar as pris\u00f5es:<\/strong> Focando recursos e aten\u00e7\u00e3o nas pessoas que representam maior risco para a sociedade.<\/li>\n\n\n\n<li>\u200b<strong>Melhorar a coopera\u00e7\u00e3o:<\/strong> Facilitando a troca de informa\u00e7\u00f5es entre as pol\u00edcias civis, militares, federal e a Pol\u00edcia Rodovi\u00e1ria Federal (PRF).<\/li>\n\n\n\n<li>\u200b<strong>Envolvimento da sociedade:<\/strong> Tornando p\u00fablicas as identidades dos foragidos, o que pode gerar den\u00fancias an\u00f4nimas e informa\u00e7\u00f5es cruciais.<\/li>\n<\/ul>\n\n\n\n<h3 class=\"wp-block-heading\">\u200b\ud83d\udd0e \u00daltimas Novidades e Resultados<\/h3>\n\n\n\n<p class=\"wp-block-paragraph\">\u200bDesde o lan\u00e7amento do projeto, as for\u00e7as de seguran\u00e7a t\u00eam intensificado as opera\u00e7\u00f5es. De acordo com informa\u00e7\u00f5es mais recentes, o projeto j\u00e1 come\u00e7ou a colher frutos:<\/p>\n\n\n\n<ul class=\"wp-block-list\">\n<li>\u200b<strong>Pris\u00f5es de Destaque:<\/strong> Diversos criminosos que estavam no topo da lista j\u00e1 foram localizados e presos em diferentes estados do pa\u00eds, com a coopera\u00e7\u00e3o de ag\u00eancias de intelig\u00eancia.<\/li>\n\n\n\n<li>\u200b<strong>Foco Regional:<\/strong> O projeto tamb\u00e9m tem auxiliado a desarticular grupos criminosos interestaduais, j\u00e1 que a lista n\u00e3o se restringe a uma \u00fanica jurisdi\u00e7\u00e3o.<\/li>\n\n\n\n<li>\u200b<strong>Atualiza\u00e7\u00e3o Constante:<\/strong> O MJSP garante que a lista \u00e9 um documento &#8220;vivo&#8221;, sendo constantemente revisado e atualizado, com a inclus\u00e3o de novos foragidos e a remo\u00e7\u00e3o dos que s\u00e3o capturados.<\/li>\n<\/ul>\n\n\n\n<p class=\"wp-block-paragraph\">\u200bO sucesso do &#8220;Projeto Captura&#8221; depende diretamente da sinergia entre as ag\u00eancias de seguran\u00e7a. A expectativa do Minist\u00e9rio da Justi\u00e7a \u00e9 que a lista sirva como um catalisador para reduzir os \u00edndices de criminalidade, garantindo que os criminosos mais perigosos n\u00e3o permane\u00e7am impunes.<\/p>\n","protected":false},"excerpt":{"rendered":"<p>O Minist\u00e9rio da Justi\u00e7a e Seguran\u00e7a P\u00fablica (MJSP), em uma iniciativa audaciosa, lan\u00e7ou o &#8220;Projeto Captura&#8221;, uma lista p\u00fablica que compila os perfis dos criminosos [&#8230;]<\/p>\n","protected":false},"author":1,"featured_media":456,"comment_status":"open","ping_status":"open","sticky":false,"template":"","format":"standard","meta":{"_crdt_document":"","_jetpack_memberships_contains_paid_content":false,"footnotes":"","jetpack_publicize_message":"","jetpack_publicize_feature_enabled":true,"jetpack_social_post_already_shared":false,"jetpack_social_options":{"image_generator_settings":{"template":"highway","default_image_id":0,"font":"","enabled":false},"version":2}},"categories":[9],"tags":[],"class_list":["post-455","post","type-post","status-publish","format-standard","has-post-thumbnail","hentry","category-policia"],"jetpack_publicize_connections":[],"jetpack_featured_media_url":"https:\/\/i0.wp.com\/oexpressobr.com.br\/wp-content\/uploads\/2025\/12\/IMG-20251209-WA0086.jpg?fit=897%2C505&ssl=1","jetpack_likes_enabled":true,"jetpack_sharing_enabled":true,"_links":{"self":[{"href":"https:\/\/oexpressobr.com.br\/index.php?rest_route=\/wp\/v2\/posts\/455","targetHints":{"allow":["GET"]}}],"collection":[{"href":"https:\/\/oexpressobr.com.br\/index.php?rest_route=\/wp\/v2\/posts"}],"about":[{"href":"https:\/\/oexpressobr.com.br\/index.php?rest_route=\/wp\/v2\/types\/post"}],"author":[{"embeddable":true,"href":"https:\/\/oexpressobr.com.br\/index.php?rest_route=\/wp\/v2\/users\/1"}],"replies":[{"embeddable":true,"href":"https:\/\/oexpressobr.com.br\/index.php?rest_route=%2Fwp%2Fv2%2Fcomments&post=455"}],"version-history":[{"count":0,"href":"https:\/\/oexpressobr.com.br\/index.php?rest_route=\/wp\/v2\/posts\/455\/revisions"}],"wp:featuredmedia":[{"embeddable":true,"href":"https:\/\/oexpressobr.com.br\/index.php?rest_route=\/wp\/v2\/media\/456"}],"wp:attachment":[{"href":"https:\/\/oexpressobr.com.br\/index.php?rest_route=%2Fwp%2Fv2%2Fmedia&parent=455"}],"wp:term":[{"taxonomy":"category","embeddable":true,"href":"https:\/\/oexpressobr.com.br\/index.php?rest_route=%2Fwp%2Fv2%2Fcategories&post=455"},{"taxonomy":"post_tag","embeddable":true,"href":"https:\/\/oexpressobr.com.br\/index.php?rest_route=%2Fwp%2Fv2%2Ftags&post=455"}],"curies":[{"name":"wp","href":"https:\/\/api.w.org\/{rel}","templated":true}]}}