{"id":4552,"date":"2026-02-23T22:23:52","date_gmt":"2026-02-24T01:23:52","guid":{"rendered":"https:\/\/oexpressobr.com.br\/?p=4552"},"modified":"2026-02-23T22:23:56","modified_gmt":"2026-02-24T01:23:56","slug":"unesco-adverte-que-ia-pode-reduzir-receitas-da-musica-em-24-ate-2028","status":"publish","type":"post","link":"https:\/\/oexpressobr.com.br\/?p=4552","title":{"rendered":"UNESCO adverte que IA pode reduzir receitas da m\u00fasica em 24% at\u00e9 2028"},"content":{"rendered":"\n<p class=\"wp-block-paragraph\"><strong>PARIS<\/strong> \u2013 Um novo relat\u00f3rio global da Unesco, intitulado <em>&#8220;Re|thinking Policies for Creativity&#8221;<\/em>, acendeu um alerta vermelho para o futuro da cultura. O documento, divulgado nesta segunda-feira (23), aponta que o avan\u00e7o desregulado da Intelig\u00eancia Artificial (IA) generativa pode causar uma perda de at\u00e9 24% nas receitas da ind\u00fastria musical nos pr\u00f3ximos dois anos. O impacto n\u00e3o se restringe apenas aos ganhos diretos de artistas, mas amea\u00e7a a pr\u00f3pria sustentabilidade do financiamento p\u00fablico e a diversidade cultural em escala global.<\/p>\n\n\n\n<p class=\"wp-block-paragraph\">\u200bO diretor-geral da Unesco, Khaled El-Enany, enfatizou que a tecnologia est\u00e1 redefinindo as ind\u00fastrias criativas de forma t\u00e3o acelerada que as pol\u00edticas de governan\u00e7a n\u00e3o conseguem acompanhar. &#8220;\u00c9 urgente renovar e fortalecer o apoio \u00e0queles que est\u00e3o engajados na cria\u00e7\u00e3o art\u00edstica em um contexto onde a IA est\u00e1 redesenhando o modelo econ\u00f4mico do setor&#8221;, destacou durante a apresenta\u00e7\u00e3o dos dados coletados em mais de 120 pa\u00edses.<\/p>\n\n\n\n<h3 class=\"wp-block-heading\">\u200b<strong>O abismo digital e a pirataria algor\u00edtmica<\/strong><\/h3>\n\n\n\n<p class=\"wp-block-paragraph\">\u200bO estudo revela que a substitui\u00e7\u00e3o de fontes tradicionais de receita por conte\u00fados gerados por m\u00e1quinas e o uso n\u00e3o autorizado de obras para o treinamento de modelos de IA s\u00e3o os principais vil\u00f5es. Estima-se que, sem uma regulamenta\u00e7\u00e3o que garanta a remunera\u00e7\u00e3o justa, o preju\u00edzo acumulado para m\u00fasicos e criativos do audiovisual possa chegar a bilh\u00f5es de d\u00f3lares at\u00e9 2028.<\/p>\n\n\n\n<p class=\"wp-block-paragraph\">\u200bAl\u00e9m das perdas financeiras, a Unesco destaca um &#8220;abismo digital&#8221; crescente: enquanto 67% da popula\u00e7\u00e3o em pa\u00edses desenvolvidos possui habilidades para lidar com ferramentas digitais, esse \u00edndice despenca para 28% em pa\u00edses em desenvolvimento. Isso coloca artistas de regi\u00f5es como o Sul Global em uma posi\u00e7\u00e3o de vulnerabilidade ainda maior diante da competi\u00e7\u00e3o algor\u00edtmica.<\/p>\n\n\n\n<h3 class=\"wp-block-heading\">\u200b<strong>Brasil se mobiliza por direitos autorais<\/strong><\/h3>\n\n\n\n<p class=\"wp-block-paragraph\">\u200bNo cen\u00e1rio nacional, a rea\u00e7\u00e3o j\u00e1 come\u00e7ou. Na \u00faltima semana, as principais entidades brasileiras representantes dos setores de m\u00eddia, m\u00fasica e direitos autorais \u2014 incluindo o Ecad e associa\u00e7\u00f5es de compositores \u2014 divulgaram um manifesto conjunto. O grupo exige que as empresas de tecnologia respeitem a Lei de Direitos Autorais (Lei n\u00ba 9.610\/98) e solicita di\u00e1logo para garantir que o treinamento de IAs com obras protegidas dependa de autoriza\u00e7\u00e3o pr\u00e9via e pagamento de royalties.<\/p>\n\n\n\n<p class=\"wp-block-paragraph\">\u200bNo Congresso Nacional, o debate ganha for\u00e7a com o Projeto de Lei 2.338\/23, que busca estabelecer um marco legal para a IA no Brasil. Decis\u00f5es judiciais recentes, como liminares que permitem a cobran\u00e7a de direitos autorais sobre m\u00fasicas criadas com aux\u00edlio de IA, j\u00e1 come\u00e7am a criar precedentes importantes para proteger o &#8220;intelecto humano&#8221; contra a massifica\u00e7\u00e3o de conte\u00fados gen\u00e9ricos.<\/p>\n\n\n\n<h3 class=\"wp-block-heading\">\u200b<strong>Futuro em jogo<\/strong><\/h3>\n\n\n\n<p class=\"wp-block-paragraph\">\u200bO relat\u00f3rio da Unesco conclui que o financiamento p\u00fablico direto para a cultura permanece criticamente baixo, situando-se abaixo de 0,6% do PIB global. Com a IA capturando uma fatia cada vez maior do mercado de streaming e das bibliotecas musicais, a sobreviv\u00eancia de novos talentos depender\u00e1 de uma coaliz\u00e3o entre governos e a ind\u00fastria para assegurar que a tecnologia seja uma aliada da criatividade, e n\u00e3o sua substituta econ\u00f4mica.<\/p>\n","protected":false},"excerpt":{"rendered":"<p>PARIS \u2013 Um novo relat\u00f3rio global da Unesco, intitulado &#8220;Re|thinking Policies for Creativity&#8221;, acendeu um alerta vermelho para o futuro da cultura. O documento, divulgado [&#8230;]<\/p>\n","protected":false},"author":1,"featured_media":4553,"comment_status":"open","ping_status":"open","sticky":false,"template":"","format":"standard","meta":{"_crdt_document":"","_jetpack_memberships_contains_paid_content":false,"footnotes":"","jetpack_publicize_message":"","jetpack_publicize_feature_enabled":true,"jetpack_social_post_already_shared":true,"jetpack_social_options":{"image_generator_settings":{"template":"highway","default_image_id":0,"font":"","enabled":false},"version":2}},"categories":[15],"tags":[],"class_list":["post-4552","post","type-post","status-publish","format-standard","has-post-thumbnail","hentry","category-internacional"],"jetpack_publicize_connections":[],"jetpack_featured_media_url":"https:\/\/i0.wp.com\/oexpressobr.com.br\/wp-content\/uploads\/2026\/02\/pessoa-que-usa-a-ferramenta-ai-no-trabalho.webp?fit=1170%2C700&ssl=1","jetpack_likes_enabled":true,"jetpack_sharing_enabled":true,"_links":{"self":[{"href":"https:\/\/oexpressobr.com.br\/index.php?rest_route=\/wp\/v2\/posts\/4552","targetHints":{"allow":["GET"]}}],"collection":[{"href":"https:\/\/oexpressobr.com.br\/index.php?rest_route=\/wp\/v2\/posts"}],"about":[{"href":"https:\/\/oexpressobr.com.br\/index.php?rest_route=\/wp\/v2\/types\/post"}],"author":[{"embeddable":true,"href":"https:\/\/oexpressobr.com.br\/index.php?rest_route=\/wp\/v2\/users\/1"}],"replies":[{"embeddable":true,"href":"https:\/\/oexpressobr.com.br\/index.php?rest_route=%2Fwp%2Fv2%2Fcomments&post=4552"}],"version-history":[{"count":1,"href":"https:\/\/oexpressobr.com.br\/index.php?rest_route=\/wp\/v2\/posts\/4552\/revisions"}],"predecessor-version":[{"id":4554,"href":"https:\/\/oexpressobr.com.br\/index.php?rest_route=\/wp\/v2\/posts\/4552\/revisions\/4554"}],"wp:featuredmedia":[{"embeddable":true,"href":"https:\/\/oexpressobr.com.br\/index.php?rest_route=\/wp\/v2\/media\/4553"}],"wp:attachment":[{"href":"https:\/\/oexpressobr.com.br\/index.php?rest_route=%2Fwp%2Fv2%2Fmedia&parent=4552"}],"wp:term":[{"taxonomy":"category","embeddable":true,"href":"https:\/\/oexpressobr.com.br\/index.php?rest_route=%2Fwp%2Fv2%2Fcategories&post=4552"},{"taxonomy":"post_tag","embeddable":true,"href":"https:\/\/oexpressobr.com.br\/index.php?rest_route=%2Fwp%2Fv2%2Ftags&post=4552"}],"curies":[{"name":"wp","href":"https:\/\/api.w.org\/{rel}","templated":true}]}}