{"id":4556,"date":"2026-02-23T22:30:10","date_gmt":"2026-02-24T01:30:10","guid":{"rendered":"https:\/\/oexpressobr.com.br\/?p=4556"},"modified":"2026-02-23T22:30:14","modified_gmt":"2026-02-24T01:30:14","slug":"ex-embaixador-britanico-e-preso-em-londres-apos-novas-revelacoes-do-caso-epstein","status":"publish","type":"post","link":"https:\/\/oexpressobr.com.br\/?p=4556","title":{"rendered":"Ex-embaixador brit\u00e2nico, \u00e9 preso em Londres ap\u00f3s novas revela\u00e7\u00f5es do caso Epstein"},"content":{"rendered":"\n<p class=\"wp-block-paragraph\">A Pol\u00edcia Metropolitana de Londres prendeu, nesta segunda-feira (23), o ex-embaixador do Reino Unido nos Estados Unidos, Peter Mandelson. A deten\u00e7\u00e3o ocorreu em sua resid\u00eancia, em Camden, ap\u00f3s o cumprimento de mandados de busca relacionados a uma investiga\u00e7\u00e3o criminal sobre m\u00e1 conduta no exerc\u00edcio de cargo p\u00fablico. Mandelson, de 72 anos, \u00e9 suspeito de ter compartilhado informa\u00e7\u00f5es governamentais confidenciais com o financista Jeffrey Epstein, condenado por crimes sexuais e morto em 2019.<\/p>\n\n\n\n<p class=\"wp-block-paragraph\">\u200b<strong>Novas evid\u00eancias e vazamento de dados<\/strong><\/p>\n\n\n\n<p class=\"wp-block-paragraph\">A pris\u00e3o de Mandelson marca um desdobramento cr\u00edtico ap\u00f3s a divulga\u00e7\u00e3o, em janeiro de 2026, de cerca de 3 milh\u00f5es de p\u00e1ginas de documentos do Departamento de Justi\u00e7a dos EUA. Segundo as investiga\u00e7\u00f5es, mensagens sugerem que, em 2009, enquanto ocupava cargo de alto escal\u00e3o no governo brit\u00e2nico, Mandelson teria enviado relat\u00f3rios sigilosos a Epstein, incluindo estrat\u00e9gias de arrecada\u00e7\u00e3o de fundos p\u00f3s-crise financeira de 2008 e planos de venda de ativos estatais. H\u00e1 tamb\u00e9m ind\u00edcios de que o ex-diplomata teria recebido pagamentos que somam cerca de US$ 75 mil de contas ligadas ao financista.<\/p>\n\n\n\n<p class=\"wp-block-paragraph\">\u200b<strong>Crise pol\u00edtica no Reino Unido<\/strong><\/p>\n\n\n\n<p class=\"wp-block-paragraph\">O esc\u00e2ndalo atinge diretamente o governo do primeiro-ministro Keir Starmer. Mandelson havia sido nomeado embaixador em Washington por Starmer, mas foi demitido em setembro de 2025 quando a profundidade de sua rela\u00e7\u00e3o com Epstein come\u00e7ou a emergir. Atualmente, a popularidade de Starmer enfrenta quedas acentuadas, enquanto a oposi\u00e7\u00e3o e parte de seu pr\u00f3prio partido questionam os crit\u00e9rios de vetting (checagem de antecedentes) utilizados na nomea\u00e7\u00e3o do diplomata.<\/p>\n\n\n\n<p class=\"wp-block-paragraph\">\u200b<strong>Conex\u00e3o com a Realeza<\/strong><\/p>\n\n\n\n<p class=\"wp-block-paragraph\">O caso de Peter Mandelson ocorre poucos dias ap\u00f3s outro evento s\u00edsmico na pol\u00edtica brit\u00e2nica: a deten\u00e7\u00e3o tempor\u00e1ria de Andrew Mountbatten-Windsor, o ex-pr\u00edncipe Andrew. O irm\u00e3o do rei Charles III tamb\u00e9m foi interrogado sob suspeita de m\u00e1 conduta em cargo p\u00fablico, envolvendo o suposto compartilhamento de documentos confidenciais sobre visitas oficiais a pa\u00edses como Afeganist\u00e3o e Vietn\u00e3 com o c\u00edrculo de Epstein.<\/p>\n\n\n\n<p class=\"wp-block-paragraph\">\u200bAt\u00e9 o momento, a defesa de Peter Mandelson n\u00e3o emitiu uma declara\u00e7\u00e3o detalhada sobre a pris\u00e3o, embora o ex-diplomata tenha afirmado anteriormente que &#8220;lamentava profundamente&#8221; sua associa\u00e7\u00e3o com Epstein, negando, contudo, qualquer pr\u00e1tica ilegal. A legisla\u00e7\u00e3o brit\u00e2nica permite que ele seja mantido sob cust\u00f3dia para interrogat\u00f3rio por at\u00e9 96 horas enquanto as investiga\u00e7\u00f5es prosseguem.<\/p>\n","protected":false},"excerpt":{"rendered":"<p>A Pol\u00edcia Metropolitana de Londres prendeu, nesta segunda-feira (23), o ex-embaixador do Reino Unido nos Estados Unidos, Peter Mandelson. A deten\u00e7\u00e3o ocorreu em sua resid\u00eancia, [&#8230;]<\/p>\n","protected":false},"author":1,"featured_media":4557,"comment_status":"open","ping_status":"open","sticky":false,"template":"","format":"standard","meta":{"_crdt_document":"","_jetpack_memberships_contains_paid_content":false,"footnotes":"","jetpack_publicize_message":"","jetpack_publicize_feature_enabled":true,"jetpack_social_post_already_shared":true,"jetpack_social_options":{"image_generator_settings":{"template":"highway","default_image_id":0,"font":"","enabled":false},"version":2}},"categories":[15],"tags":[],"class_list":["post-4556","post","type-post","status-publish","format-standard","has-post-thumbnail","hentry","category-internacional"],"jetpack_publicize_connections":[],"jetpack_featured_media_url":"https:\/\/i0.wp.com\/oexpressobr.com.br\/wp-content\/uploads\/2026\/02\/2026-02-23t172430z_321332077_rc2qljaoux3m_rtrmadp_3_usa-epstein-britain-mandelson.webp?fit=1170%2C700&ssl=1","jetpack_likes_enabled":true,"jetpack_sharing_enabled":true,"_links":{"self":[{"href":"https:\/\/oexpressobr.com.br\/index.php?rest_route=\/wp\/v2\/posts\/4556","targetHints":{"allow":["GET"]}}],"collection":[{"href":"https:\/\/oexpressobr.com.br\/index.php?rest_route=\/wp\/v2\/posts"}],"about":[{"href":"https:\/\/oexpressobr.com.br\/index.php?rest_route=\/wp\/v2\/types\/post"}],"author":[{"embeddable":true,"href":"https:\/\/oexpressobr.com.br\/index.php?rest_route=\/wp\/v2\/users\/1"}],"replies":[{"embeddable":true,"href":"https:\/\/oexpressobr.com.br\/index.php?rest_route=%2Fwp%2Fv2%2Fcomments&post=4556"}],"version-history":[{"count":1,"href":"https:\/\/oexpressobr.com.br\/index.php?rest_route=\/wp\/v2\/posts\/4556\/revisions"}],"predecessor-version":[{"id":4558,"href":"https:\/\/oexpressobr.com.br\/index.php?rest_route=\/wp\/v2\/posts\/4556\/revisions\/4558"}],"wp:featuredmedia":[{"embeddable":true,"href":"https:\/\/oexpressobr.com.br\/index.php?rest_route=\/wp\/v2\/media\/4557"}],"wp:attachment":[{"href":"https:\/\/oexpressobr.com.br\/index.php?rest_route=%2Fwp%2Fv2%2Fmedia&parent=4556"}],"wp:term":[{"taxonomy":"category","embeddable":true,"href":"https:\/\/oexpressobr.com.br\/index.php?rest_route=%2Fwp%2Fv2%2Fcategories&post=4556"},{"taxonomy":"post_tag","embeddable":true,"href":"https:\/\/oexpressobr.com.br\/index.php?rest_route=%2Fwp%2Fv2%2Ftags&post=4556"}],"curies":[{"name":"wp","href":"https:\/\/api.w.org\/{rel}","templated":true}]}}