{"id":4562,"date":"2026-02-23T22:41:07","date_gmt":"2026-02-24T01:41:07","guid":{"rendered":"https:\/\/oexpressobr.com.br\/?p=4562"},"modified":"2026-02-23T22:41:10","modified_gmt":"2026-02-24T01:41:10","slug":"smotrich-impulsiona-expansao-de-assentamentos-e-gera-condenacao-internacional-por-anexacao-de-fato-na-cisjordania","status":"publish","type":"post","link":"https:\/\/oexpressobr.com.br\/?p=4562","title":{"rendered":"Smotrich impulsiona expans\u00e3o de assentamentos e gera condena\u00e7\u00e3o internacional por &#8220;anexa\u00e7\u00e3o de fato&#8221; na Cisjord\u00e2nia"},"content":{"rendered":"\n<p class=\"wp-block-paragraph\">\u200bO gabinete de seguran\u00e7a de Israel aprovou um pacote de medidas que aprofunda drasticamente o controle sobre a Cisjord\u00e2nia ocupada, provocando uma onda de rep\u00fadio global. O movimento, liderado pelo ministro das Finan\u00e7as <strong>Bezalel Smotrich<\/strong>, \u00e9 visto por especialistas e diplomatas como um passo decisivo para a &#8220;anexa\u00e7\u00e3o de fato&#8221; do territ\u00f3rio, inviabilizando a solu\u00e7\u00e3o de dois Estados.<\/p>\n\n\n\n<h3 class=\"wp-block-heading\">\u200bOs pontos centrais da medida<\/h3>\n\n\n\n<p class=\"wp-block-paragraph\">\u200bAs novas diretrizes visam transferir poderes administrativos da esfera militar para autoridades civis sob o comando de Smotrich, facilitando a expans\u00e3o de col\u00f4nias judaicas. Entre os principais pilares est\u00e3o:<\/p>\n\n\n\n<ul class=\"wp-block-list\">\n<li>\u200b<strong>Legaliza\u00e7\u00e3o de postos avan\u00e7ados:<\/strong> Reconhecimento retroativo de assentamentos que eram considerados ilegais at\u00e9 mesmo pela legisla\u00e7\u00e3o israelense.<\/li>\n\n\n\n<li>\u200b<strong>Controle de planejamento:<\/strong> Facilita\u00e7\u00e3o de licen\u00e7as para constru\u00e7\u00f5es israelenses e endurecimento da fiscaliza\u00e7\u00e3o contra edifica\u00e7\u00f5es palestinas.<\/li>\n\n\n\n<li>\u200b<strong>Apropria\u00e7\u00e3o de terras:<\/strong> Mecanismos que agilizam a declara\u00e7\u00e3o de vastas \u00e1reas como &#8220;terras do Estado&#8221;.<\/li>\n<\/ul>\n\n\n\n<h3 class=\"wp-block-heading\">\u200bRea\u00e7\u00f5es e o &#8220;Estado palestino&#8221; em xeque<\/h3>\n\n\n\n<p class=\"wp-block-paragraph\">\u200bA ret\u00f3rica do governo de Benjamin Netanyahu tem se tornado cada vez mais expl\u00edcita. Smotrich, em declara\u00e7\u00f5es recentes, afirmou que o objetivo \u00e9 impedir a forma\u00e7\u00e3o de um Estado palestino, classificando-o como uma &#8220;amea\u00e7a existencial&#8221; a Israel.<\/p>\n\n\n\n<p class=\"wp-block-paragraph\">\u200bA resposta internacional foi imediata e severa:<\/p>\n\n\n\n<blockquote class=\"wp-block-quote is-layout-flow wp-block-quote-is-layout-flow\">\n<p class=\"wp-block-paragraph\">\u200b&#8221;Essas medidas s\u00e3o ilegais sob o direito internacional e apenas servem para inflamar tens\u00f5es em um momento j\u00e1 cr\u00edtico para a regi\u00e3o&#8221;, afirmou o porta-voz do governo do <strong>Reino Unido<\/strong>.<\/p>\n<\/blockquote>\n\n\n\n<p class=\"wp-block-paragraph\">\u200bPa\u00edses \u00e1rabes, como <strong>Jord\u00e2nia e Egito<\/strong>, alertaram que a expans\u00e3o dos assentamentos destr\u00f3i as chances de uma paz duradoura. Internamente, grupos israelenses que se op\u00f5em \u00e0 ocupa\u00e7\u00e3o descrevem a manobra como um &#8220;golpe administrativo&#8221; que ignora as normas internacionais de Genebra.<\/p>\n\n\n\n<h3 class=\"wp-block-heading\">\u200bContexto de escalada<\/h3>\n\n\n\n<p class=\"wp-block-paragraph\">\u200bA decis\u00e3o ocorre em meio a um cen\u00e1rio de viol\u00eancia crescente na Cisjord\u00e2nia desde o in\u00edcio do conflito em Gaza. A ONU e organiza\u00e7\u00f5es de direitos humanos relatam um aumento recorde na viol\u00eancia de colonos contra civis palestinos, muitas vezes sob a prote\u00e7\u00e3o ou omiss\u00e3o das for\u00e7as de seguran\u00e7a.<\/p>\n","protected":false},"excerpt":{"rendered":"<p>\u200bO gabinete de seguran\u00e7a de Israel aprovou um pacote de medidas que aprofunda drasticamente o controle sobre a Cisjord\u00e2nia ocupada, provocando uma onda de rep\u00fadio [&#8230;]<\/p>\n","protected":false},"author":1,"featured_media":4563,"comment_status":"open","ping_status":"open","sticky":false,"template":"","format":"standard","meta":{"_crdt_document":"","_jetpack_memberships_contains_paid_content":false,"footnotes":"","jetpack_publicize_message":"","jetpack_publicize_feature_enabled":true,"jetpack_social_post_already_shared":true,"jetpack_social_options":{"image_generator_settings":{"template":"highway","default_image_id":0,"font":"","enabled":false},"version":2}},"categories":[15],"tags":[],"class_list":["post-4562","post","type-post","status-publish","format-standard","has-post-thumbnail","hentry","category-internacional"],"jetpack_publicize_connections":[],"jetpack_featured_media_url":"https:\/\/i0.wp.com\/oexpressobr.com.br\/wp-content\/uploads\/2026\/02\/e11c4ae0-05c5-11f1-9972-d3f265c101c6.jpg.webp?fit=800%2C450&ssl=1","jetpack_likes_enabled":true,"jetpack_sharing_enabled":true,"_links":{"self":[{"href":"https:\/\/oexpressobr.com.br\/index.php?rest_route=\/wp\/v2\/posts\/4562","targetHints":{"allow":["GET"]}}],"collection":[{"href":"https:\/\/oexpressobr.com.br\/index.php?rest_route=\/wp\/v2\/posts"}],"about":[{"href":"https:\/\/oexpressobr.com.br\/index.php?rest_route=\/wp\/v2\/types\/post"}],"author":[{"embeddable":true,"href":"https:\/\/oexpressobr.com.br\/index.php?rest_route=\/wp\/v2\/users\/1"}],"replies":[{"embeddable":true,"href":"https:\/\/oexpressobr.com.br\/index.php?rest_route=%2Fwp%2Fv2%2Fcomments&post=4562"}],"version-history":[{"count":1,"href":"https:\/\/oexpressobr.com.br\/index.php?rest_route=\/wp\/v2\/posts\/4562\/revisions"}],"predecessor-version":[{"id":4564,"href":"https:\/\/oexpressobr.com.br\/index.php?rest_route=\/wp\/v2\/posts\/4562\/revisions\/4564"}],"wp:featuredmedia":[{"embeddable":true,"href":"https:\/\/oexpressobr.com.br\/index.php?rest_route=\/wp\/v2\/media\/4563"}],"wp:attachment":[{"href":"https:\/\/oexpressobr.com.br\/index.php?rest_route=%2Fwp%2Fv2%2Fmedia&parent=4562"}],"wp:term":[{"taxonomy":"category","embeddable":true,"href":"https:\/\/oexpressobr.com.br\/index.php?rest_route=%2Fwp%2Fv2%2Fcategories&post=4562"},{"taxonomy":"post_tag","embeddable":true,"href":"https:\/\/oexpressobr.com.br\/index.php?rest_route=%2Fwp%2Fv2%2Ftags&post=4562"}],"curies":[{"name":"wp","href":"https:\/\/api.w.org\/{rel}","templated":true}]}}