{"id":4565,"date":"2026-02-23T22:47:25","date_gmt":"2026-02-24T01:47:25","guid":{"rendered":"https:\/\/oexpressobr.com.br\/?p=4565"},"modified":"2026-02-23T22:47:28","modified_gmt":"2026-02-24T01:47:28","slug":"sindifisco-defende-atuacao-da-receita-e-destaca-que-investigacao-sobre-sigilo-de-ministros-do-stf-apura-conformidade-de-acessos","status":"publish","type":"post","link":"https:\/\/oexpressobr.com.br\/?p=4565","title":{"rendered":"Sindifisco defende atua\u00e7\u00e3o da Receita e destaca que investiga\u00e7\u00e3o sobre sigilo de ministros do STF apura conformidade de acessos"},"content":{"rendered":"\n<p class=\"wp-block-paragraph\">\u200bA Receita Federal est\u00e1 no centro de uma investiga\u00e7\u00e3o que busca esclarecer se houve uso indevido de sistemas oficiais para o acesso a dados fiscais de ministros do Supremo Tribunal Federal (STF) e de seus familiares. Em meio ao debate sobre a legitimidade dessas consultas, o presidente do Sindifisco Nacional, D\u00e3o Real, afirmou que a fiscaliza\u00e7\u00e3o de autoridades faz parte da rotina do \u00f3rg\u00e3o, mas ressaltou que o ponto central da quest\u00e3o \u00e9 a legalidade e a motiva\u00e7\u00e3o por tr\u00e1s de tais acessos.<\/p>\n\n\n\n<p class=\"wp-block-paragraph\">\u200bSegundo o representante dos auditores-fiscais, a identifica\u00e7\u00e3o de m\u00faltiplos acessos aos dados desses contribuintes n\u00e3o configura, por si s\u00f3, uma irregularidade, uma vez que figuras p\u00fablicas de alto escal\u00e3o est\u00e3o frequentemente sob o radar de monitoramentos preventivos de lavagem de dinheiro e conformidade tribut\u00e1ria. Contudo, a instaura\u00e7\u00e3o de um inqu\u00e9rito \u00e9 vista como um passo natural quando informa\u00e7\u00f5es sigilosas emergem na imprensa sem uma justificativa administrativa clara.<\/p>\n\n\n\n<p class=\"wp-block-paragraph\">\u200b<strong>O contexto das investiga\u00e7\u00f5es e as atualiza\u00e7\u00f5es recentes<\/strong><\/p>\n\n\n\n<p class=\"wp-block-paragraph\">\u200bO caso ganhou novos contornos com o avan\u00e7o de investiga\u00e7\u00f5es coordenadas pela Pol\u00edcia Federal e pelo pr\u00f3prio STF, que buscam apurar a exist\u00eancia de uma suposta rede que utilizava a estrutura do Estado para fins de persegui\u00e7\u00e3o pol\u00edtica ou obten\u00e7\u00e3o de vantagens informacionais.<\/p>\n\n\n\n<p class=\"wp-block-paragraph\">\u200bDe acordo com as atualiza\u00e7\u00f5es mais recentes sobre o tema:<\/p>\n\n\n\n<ul class=\"wp-block-list\">\n<li>\u200b<strong>Monitoramento de &#8220;Pessoas Politicamente Expostas&#8221; (PPEs):<\/strong> A Receita Federal mant\u00e9m protocolos r\u00edgidos para a consulta de dados de autoridades. A investiga\u00e7\u00e3o atual foca em saber se os auditores que acessaram os dados possu\u00edam processos administrativos abertos que justificassem a consulta ou se os acessos foram feitos de forma explorat\u00f3ria (a chamada &#8220;pesquisa de prateleira&#8221;).<\/li>\n\n\n\n<li>\u200b<strong>Decis\u00f5es do STF:<\/strong> O ministro Alexandre de Moraes tem acompanhado de perto os desdobramentos, especialmente ap\u00f3s relat\u00f3rios apontarem que o uso de sistemas de intelig\u00eancia e \u00f3rg\u00e3os de controle pode ter sido instrumentalizado em gest\u00f5es anteriores.<\/li>\n\n\n\n<li>\u200b<strong>Defesa da Categoria:<\/strong> O Sindifisco tem refor\u00e7ado que a autonomia t\u00e9cnica do auditor-fiscal \u00e9 inegoci\u00e1vel, mas admite que qualquer desvio de finalidade deve ser punido rigorosamente para preservar a credibilidade da institui\u00e7\u00e3o. &#8220;A quest\u00e3o n\u00e3o \u00e9 quem foi fiscalizado, mas se houve o cumprimento do devido processo legal e o respeito ao sigilo fiscal&#8221;, pontua a entidade.<\/li>\n<\/ul>\n\n\n\n<p class=\"wp-block-paragraph\">\u200b<strong>O que est\u00e1 em jogo<\/strong><\/p>\n\n\n\n<p class=\"wp-block-paragraph\">\u200bA repercuss\u00e3o do caso coloca em xeque o equil\u00edbrio entre o dever de fiscalizar do Estado e o direito \u00e0 privacidade das autoridades. Se confirmada a quebra de sigilo sem fundamenta\u00e7\u00e3o legal, os envolvidos podem responder administrativa e criminalmente por viola\u00e7\u00e3o de sigilo funcional.<\/p>\n\n\n\n<p class=\"wp-block-paragraph\">\u200bPor outro lado, integrantes do fisco temem que a investiga\u00e7\u00e3o iniba a fiscaliza\u00e7\u00e3o leg\u00edtima sobre grandes contribuintes e detentores de poder, o que, segundo D\u00e3o Real, prejudicaria o combate \u00e0 evas\u00e3o fiscal no pa\u00eds. O desenrolar das per\u00edcias nos sistemas da Receita Federal ser\u00e1 determinante para separar o que foi trabalho t\u00e9cnico de poss\u00edveis excessos de natureza pol\u00edtica.<\/p>\n","protected":false},"excerpt":{"rendered":"<p>\u200bA Receita Federal est\u00e1 no centro de uma investiga\u00e7\u00e3o que busca esclarecer se houve uso indevido de sistemas oficiais para o acesso a dados fiscais [&#8230;]<\/p>\n","protected":false},"author":1,"featured_media":4566,"comment_status":"open","ping_status":"open","sticky":false,"template":"","format":"standard","meta":{"_crdt_document":"","_jetpack_memberships_contains_paid_content":false,"footnotes":"","jetpack_publicize_message":"","jetpack_publicize_feature_enabled":true,"jetpack_social_post_already_shared":true,"jetpack_social_options":{"image_generator_settings":{"template":"highway","default_image_id":0,"font":"","enabled":false},"version":2}},"categories":[8],"tags":[],"class_list":["post-4565","post","type-post","status-publish","format-standard","has-post-thumbnail","hentry","category-judiciario"],"jetpack_publicize_connections":[],"jetpack_featured_media_url":"https:\/\/i0.wp.com\/oexpressobr.com.br\/wp-content\/uploads\/2026\/02\/e0b459e0-0ddf-11f1-9972-d3f265c101c6.jpg.webp?fit=800%2C532&ssl=1","jetpack_likes_enabled":true,"jetpack_sharing_enabled":true,"_links":{"self":[{"href":"https:\/\/oexpressobr.com.br\/index.php?rest_route=\/wp\/v2\/posts\/4565","targetHints":{"allow":["GET"]}}],"collection":[{"href":"https:\/\/oexpressobr.com.br\/index.php?rest_route=\/wp\/v2\/posts"}],"about":[{"href":"https:\/\/oexpressobr.com.br\/index.php?rest_route=\/wp\/v2\/types\/post"}],"author":[{"embeddable":true,"href":"https:\/\/oexpressobr.com.br\/index.php?rest_route=\/wp\/v2\/users\/1"}],"replies":[{"embeddable":true,"href":"https:\/\/oexpressobr.com.br\/index.php?rest_route=%2Fwp%2Fv2%2Fcomments&post=4565"}],"version-history":[{"count":1,"href":"https:\/\/oexpressobr.com.br\/index.php?rest_route=\/wp\/v2\/posts\/4565\/revisions"}],"predecessor-version":[{"id":4567,"href":"https:\/\/oexpressobr.com.br\/index.php?rest_route=\/wp\/v2\/posts\/4565\/revisions\/4567"}],"wp:featuredmedia":[{"embeddable":true,"href":"https:\/\/oexpressobr.com.br\/index.php?rest_route=\/wp\/v2\/media\/4566"}],"wp:attachment":[{"href":"https:\/\/oexpressobr.com.br\/index.php?rest_route=%2Fwp%2Fv2%2Fmedia&parent=4565"}],"wp:term":[{"taxonomy":"category","embeddable":true,"href":"https:\/\/oexpressobr.com.br\/index.php?rest_route=%2Fwp%2Fv2%2Fcategories&post=4565"},{"taxonomy":"post_tag","embeddable":true,"href":"https:\/\/oexpressobr.com.br\/index.php?rest_route=%2Fwp%2Fv2%2Ftags&post=4565"}],"curies":[{"name":"wp","href":"https:\/\/api.w.org\/{rel}","templated":true}]}}