{"id":4568,"date":"2026-02-23T22:52:34","date_gmt":"2026-02-24T01:52:34","guid":{"rendered":"https:\/\/oexpressobr.com.br\/?p=4568"},"modified":"2026-02-23T22:52:37","modified_gmt":"2026-02-24T01:52:37","slug":"brasil-entre-os-maiores-beneficiados-com-queda-de-tarifas-nos-eua-apos-decisao-judicial","status":"publish","type":"post","link":"https:\/\/oexpressobr.com.br\/?p=4568","title":{"rendered":"Brasil entre os maiores beneficiados com queda de tarifas nos EUA ap\u00f3s decis\u00e3o judicial"},"content":{"rendered":"\n<p class=\"wp-block-paragraph\">\u200bA recente movimenta\u00e7\u00e3o no cen\u00e1rio do com\u00e9rcio exterior trouxe um al\u00edvio inesperado para os exportadores brasileiros. Ap\u00f3s um per\u00edodo de incertezas sob a administra\u00e7\u00e3o de Donald Trump, uma decis\u00e3o da <strong>Suprema Corte dos Estados Unidos<\/strong> barrou a aplica\u00e7\u00e3o de tarifas unilaterais, impactando diretamente o fluxo comercial entre as duas maiores economias das Am\u00e9ricas.<\/p>\n\n\n\n<h3 class=\"wp-block-heading\">\u200bO cen\u00e1rio da disputa<\/h3>\n\n\n\n<p class=\"wp-block-paragraph\">\u200bNo \u00faltimo fim de semana, o governo Trump tentou consolidar uma pol\u00edtica protecionista ao anunciar o uso de um novo instrumento legal para taxar em <strong>15%<\/strong> produtos importados globalmente. No entanto, a interven\u00e7\u00e3o do Judici\u00e1rio norte-americano reverteu a medida, gerando uma redu\u00e7\u00e3o imediata no custo de entrada de produtos estrangeiros no mercado dos EUA.<\/p>\n\n\n\n<h3 class=\"wp-block-heading\">\u200bBrasil em destaque no ranking global<\/h3>\n\n\n\n<p class=\"wp-block-paragraph\">\u200bDe acordo com dados do <strong>Global Trade Alert (GTA)<\/strong>, organiza\u00e7\u00e3o independente que monitora pol\u00edticas comerciais, o Brasil figura em uma posi\u00e7\u00e3o privilegiada ap\u00f3s essa reviravolta jur\u00eddica.<\/p>\n\n\n\n<ul class=\"wp-block-list\">\n<li>\u200b<strong>3\u00ba lugar no mundo:<\/strong> O Brasil \u00e9 o terceiro pa\u00eds com a maior queda proporcional na al\u00edquota m\u00e9dia de seus produtos exportados para os EUA.<\/li>\n\n\n\n<li>\u200b<strong>Impacto Setorial:<\/strong> Setores como o de <strong>a\u00e7o, alum\u00ednio e commodities agr\u00edcolas<\/strong>, que vinham sofrendo com as amea\u00e7as de sobretaxas, agora vislumbram uma recupera\u00e7\u00e3o nas margens de lucro.<\/li>\n\n\n\n<li>\u200b<strong>Competitividade:<\/strong> Com a queda das tarifas, o produto brasileiro ganha f\u00f4lego frente aos concorrentes internacionais que n\u00e3o possuem o mesmo n\u00edvel de penetra\u00e7\u00e3o no mercado americano.<\/li>\n<\/ul>\n\n\n\n<h3 class=\"wp-block-heading\">\u200bAn\u00e1lise e repercuss\u00e3o<\/h3>\n\n\n\n<p class=\"wp-block-paragraph\">\u200bEspecialistas em rela\u00e7\u00f5es internacionais apontam que a decis\u00e3o da Suprema Corte n\u00e3o apenas beneficia o PIB brasileiro no curto prazo, mas tamb\u00e9m limita o poder discricion\u00e1rio da Casa Branca em impor barreiras comerciais sem o aval legislativo ou conformidade constitucional.<\/p>\n\n\n\n<p class=\"wp-block-paragraph\">\u200bPara o Brasil, que tem nos Estados Unidos um de seus principais parceiros comerciais, a not\u00edcia chega em um momento crucial de tentativa de acelera\u00e7\u00e3o econ\u00f4mica.<\/p>\n","protected":false},"excerpt":{"rendered":"<p>\u200bA recente movimenta\u00e7\u00e3o no cen\u00e1rio do com\u00e9rcio exterior trouxe um al\u00edvio inesperado para os exportadores brasileiros. Ap\u00f3s um per\u00edodo de incertezas sob a administra\u00e7\u00e3o de [&#8230;]<\/p>\n","protected":false},"author":1,"featured_media":4569,"comment_status":"open","ping_status":"open","sticky":false,"template":"","format":"standard","meta":{"_crdt_document":"","_jetpack_memberships_contains_paid_content":false,"footnotes":"","jetpack_publicize_message":"","jetpack_publicize_feature_enabled":true,"jetpack_social_post_already_shared":true,"jetpack_social_options":{"image_generator_settings":{"template":"highway","default_image_id":0,"font":"","enabled":false},"version":2}},"categories":[3],"tags":[],"class_list":["post-4568","post","type-post","status-publish","format-standard","has-post-thumbnail","hentry","category-brasil"],"jetpack_publicize_connections":[],"jetpack_featured_media_url":"https:\/\/i0.wp.com\/oexpressobr.com.br\/wp-content\/uploads\/2026\/02\/IMG-20260223-WA0329.jpg?fit=1080%2C1080&ssl=1","jetpack_likes_enabled":true,"jetpack_sharing_enabled":true,"_links":{"self":[{"href":"https:\/\/oexpressobr.com.br\/index.php?rest_route=\/wp\/v2\/posts\/4568","targetHints":{"allow":["GET"]}}],"collection":[{"href":"https:\/\/oexpressobr.com.br\/index.php?rest_route=\/wp\/v2\/posts"}],"about":[{"href":"https:\/\/oexpressobr.com.br\/index.php?rest_route=\/wp\/v2\/types\/post"}],"author":[{"embeddable":true,"href":"https:\/\/oexpressobr.com.br\/index.php?rest_route=\/wp\/v2\/users\/1"}],"replies":[{"embeddable":true,"href":"https:\/\/oexpressobr.com.br\/index.php?rest_route=%2Fwp%2Fv2%2Fcomments&post=4568"}],"version-history":[{"count":1,"href":"https:\/\/oexpressobr.com.br\/index.php?rest_route=\/wp\/v2\/posts\/4568\/revisions"}],"predecessor-version":[{"id":4570,"href":"https:\/\/oexpressobr.com.br\/index.php?rest_route=\/wp\/v2\/posts\/4568\/revisions\/4570"}],"wp:featuredmedia":[{"embeddable":true,"href":"https:\/\/oexpressobr.com.br\/index.php?rest_route=\/wp\/v2\/media\/4569"}],"wp:attachment":[{"href":"https:\/\/oexpressobr.com.br\/index.php?rest_route=%2Fwp%2Fv2%2Fmedia&parent=4568"}],"wp:term":[{"taxonomy":"category","embeddable":true,"href":"https:\/\/oexpressobr.com.br\/index.php?rest_route=%2Fwp%2Fv2%2Fcategories&post=4568"},{"taxonomy":"post_tag","embeddable":true,"href":"https:\/\/oexpressobr.com.br\/index.php?rest_route=%2Fwp%2Fv2%2Ftags&post=4568"}],"curies":[{"name":"wp","href":"https:\/\/api.w.org\/{rel}","templated":true}]}}