{"id":458,"date":"2025-12-09T08:14:10","date_gmt":"2025-12-09T11:14:10","guid":{"rendered":"https:\/\/oexpressobr.com.br\/?p=458"},"modified":"2025-12-09T08:14:10","modified_gmt":"2025-12-09T11:14:10","slug":"prefeituras-mantem-correcao-do-iptu-2026-pela-inflacao-mas-capitais-trazem-novidades-na-planta-de-valores","status":"publish","type":"post","link":"https:\/\/oexpressobr.com.br\/?p=458","title":{"rendered":"Prefeituras Mant\u00eam Corre\u00e7\u00e3o do IPTU 2026 pela Infla\u00e7\u00e3o, Mas Capitais Trazem Novidades na Planta de Valores"},"content":{"rendered":"\n<p class=\"wp-block-paragraph\"><strong>O reajuste do Imposto Predial e Territorial Urbano (IPTU) para 2026, na maior parte do pa\u00eds, seguir\u00e1 a regra de corre\u00e7\u00e3o anual apenas pela infla\u00e7\u00e3o, medida pelo \u00cdndice de Pre\u00e7os ao Consumidor Amplo (IPCA). Essa pr\u00e1tica, adotada pela maioria das administra\u00e7\u00f5es municipais, visa a preservar o poder de compra da arrecada\u00e7\u00e3o sem impor um aumento real, ou seja, acima do custo de vida. No entanto, algumas capitais e grandes cidades, como Curitiba e Porto Alegre, aprovaram revis\u00f5es nas Plantas de Valores Gen\u00e9ricos (PGV) que impactar\u00e3o a cobran\u00e7a para uma parcela de contribuintes.<\/strong><\/p>\n\n\n\n<p class=\"wp-block-paragraph\">\u200bDe acordo com as proje\u00e7\u00f5es mais recentes baseadas no IPCA, o reajuste inflacion\u00e1rio do IPTU para o per\u00edodo de refer\u00eancia \u2013 tipicamente entre dezembro de 2024 e novembro de 2025 \u2013 deve se situar em torno de 4,68%. Esse percentual j\u00e1 est\u00e1 sendo referenciado por munic\u00edpios como Vinhedo (SP) e cidades do Grande Recife. A manuten\u00e7\u00e3o do reajuste pela infla\u00e7\u00e3o representa uma desacelera\u00e7\u00e3o em rela\u00e7\u00e3o a 2025, quando o \u00edndice ficou ligeiramente acima.<\/p>\n\n\n\n<h3 class=\"wp-block-heading\">\u200b Capitais com Revis\u00e3o na Planta de Valores Geram Aumentos Pontuais<\/h3>\n\n\n\n<p class=\"wp-block-paragraph\">\u200bEnquanto a maioria dos im\u00f3veis ter\u00e1 o valor do imposto corrigido apenas pela infla\u00e7\u00e3o, cidades que realizaram a revis\u00e3o de suas Plantas de Valores Gen\u00e9ricos (PGV) apresentam cen\u00e1rios de aumento real para uma parte dos contribuintes.<\/p>\n\n\n\n<ul class=\"wp-block-list\">\n<li>\u200b<strong>Curitiba (PR):<\/strong> A C\u00e2mara Municipal aprovou a revis\u00e3o da PGV. A regra geral mant\u00e9m a corre\u00e7\u00e3o pelo IPCA para mais de 80% dos im\u00f3veis. Contudo, propriedades de padr\u00e3o superior ter\u00e3o um reajuste que poder\u00e1 ir al\u00e9m da infla\u00e7\u00e3o, limitado a um acr\u00e9scimo de at\u00e9 18% em rela\u00e7\u00e3o ao valor pago em 2025. A Prefeitura estima uma arrecada\u00e7\u00e3o adicional significativa, decorrente, em parte, da atualiza\u00e7\u00e3o cadastral de im\u00f3veis.<\/li>\n\n\n\n<li>\u200b<strong>Porto Alegre (RS):<\/strong> A revis\u00e3o da planta na capital ga\u00facha prev\u00ea aumento do imposto para cerca de 5% dos im\u00f3veis (aqueles com valor acima de R$ 700 mil, em sua maioria), e redu\u00e7\u00e3o para 20% das propriedades, sem alterar a al\u00edquota geral. A Prefeitura imp\u00f4s uma &#8220;trava&#8221; de aumento de 10% ao ano, a fim de evitar reajustes bruscos.<\/li>\n\n\n\n<li>\u200b<strong>Distrito Federal (DF):<\/strong> A C\u00e2mara Legislativa aprovou um aumento de 5,1% no IPTU, que define a nova pauta de valores dos terrenos e constru\u00e7\u00f5es.<\/li>\n<\/ul>\n\n\n\n<h3 class=\"wp-block-heading\">\u200b Descontos e Prazos<\/h3>\n\n\n\n<p class=\"wp-block-paragraph\">\u200bCom a divulga\u00e7\u00e3o dos novos valores e al\u00edquotas, o contribuinte deve ficar atento ao calend\u00e1rio e \u00e0s possibilidades de desconto oferecidas por cada prefeitura. O pagamento em cota \u00fanica, no in\u00edcio do ano, geralmente garante a maior redu\u00e7\u00e3o no valor final do imposto.<\/p>\n\n\n\n<p class=\"wp-block-paragraph\">\u200bEm geral, as administra\u00e7\u00f5es municipais destacam a import\u00e2ncia da arrecada\u00e7\u00e3o do IPTU para a manuten\u00e7\u00e3o e investimento em servi\u00e7os p\u00fablicos essenciais, como sa\u00fade, educa\u00e7\u00e3o e infraestrutura urbana.<\/p>\n","protected":false},"excerpt":{"rendered":"<p>O reajuste do Imposto Predial e Territorial Urbano (IPTU) para 2026, na maior parte do pa\u00eds, seguir\u00e1 a regra de corre\u00e7\u00e3o anual apenas pela infla\u00e7\u00e3o, [&#8230;]<\/p>\n","protected":false},"author":1,"featured_media":459,"comment_status":"open","ping_status":"open","sticky":false,"template":"","format":"standard","meta":{"_crdt_document":"","_jetpack_memberships_contains_paid_content":false,"footnotes":"","jetpack_publicize_message":"","jetpack_publicize_feature_enabled":true,"jetpack_social_post_already_shared":false,"jetpack_social_options":{"image_generator_settings":{"template":"highway","default_image_id":0,"font":"","enabled":false},"version":2}},"categories":[3],"tags":[],"class_list":["post-458","post","type-post","status-publish","format-standard","has-post-thumbnail","hentry","category-brasil"],"jetpack_publicize_connections":[],"jetpack_featured_media_url":"https:\/\/i0.wp.com\/oexpressobr.com.br\/wp-content\/uploads\/2025\/12\/image-large.jpg?fit=984%2C656&ssl=1","jetpack_likes_enabled":true,"jetpack_sharing_enabled":true,"_links":{"self":[{"href":"https:\/\/oexpressobr.com.br\/index.php?rest_route=\/wp\/v2\/posts\/458","targetHints":{"allow":["GET"]}}],"collection":[{"href":"https:\/\/oexpressobr.com.br\/index.php?rest_route=\/wp\/v2\/posts"}],"about":[{"href":"https:\/\/oexpressobr.com.br\/index.php?rest_route=\/wp\/v2\/types\/post"}],"author":[{"embeddable":true,"href":"https:\/\/oexpressobr.com.br\/index.php?rest_route=\/wp\/v2\/users\/1"}],"replies":[{"embeddable":true,"href":"https:\/\/oexpressobr.com.br\/index.php?rest_route=%2Fwp%2Fv2%2Fcomments&post=458"}],"version-history":[{"count":0,"href":"https:\/\/oexpressobr.com.br\/index.php?rest_route=\/wp\/v2\/posts\/458\/revisions"}],"wp:featuredmedia":[{"embeddable":true,"href":"https:\/\/oexpressobr.com.br\/index.php?rest_route=\/wp\/v2\/media\/459"}],"wp:attachment":[{"href":"https:\/\/oexpressobr.com.br\/index.php?rest_route=%2Fwp%2Fv2%2Fmedia&parent=458"}],"wp:term":[{"taxonomy":"category","embeddable":true,"href":"https:\/\/oexpressobr.com.br\/index.php?rest_route=%2Fwp%2Fv2%2Fcategories&post=458"},{"taxonomy":"post_tag","embeddable":true,"href":"https:\/\/oexpressobr.com.br\/index.php?rest_route=%2Fwp%2Fv2%2Ftags&post=458"}],"curies":[{"name":"wp","href":"https:\/\/api.w.org\/{rel}","templated":true}]}}