{"id":4580,"date":"2026-02-23T23:09:57","date_gmt":"2026-02-24T02:09:57","guid":{"rendered":"https:\/\/oexpressobr.com.br\/?p=4580"},"modified":"2026-02-23T23:10:00","modified_gmt":"2026-02-24T02:10:00","slug":"palmeiras-suspende-associado-condenado-por-aliciamento-de-menores-e-leila-pereira-articula-expulsao","status":"publish","type":"post","link":"https:\/\/oexpressobr.com.br\/?p=4580","title":{"rendered":"Palmeiras suspende associado condenado por aliciamento de menores e Leila Pereira articula expuls\u00e3o"},"content":{"rendered":"\n<p class=\"wp-block-paragraph\">\u200bO <strong>Palmeiras<\/strong> oficializou a suspens\u00e3o preventiva de <strong>Fabio Barreto Bueno Adamo<\/strong>, associado do clube que foi condenado pela Justi\u00e7a por aliciar e assediar crian\u00e7as. A medida foi tomada imediatamente ap\u00f3s a repercuss\u00e3o do caso, revelado por uma reportagem do portal UOL, que trouxe \u00e0 tona detalhes dos crimes cometidos pelo s\u00f3cio.<\/p>\n\n\n\n<h3 class=\"wp-block-heading\">\u200bO Caso e a Rea\u00e7\u00e3o Interna<\/h3>\n\n\n\n<p class=\"wp-block-paragraph\">\u200bA decis\u00e3o de afastar Adamo partiu da diretoria executiva, que busca isolar a imagem da institui\u00e7\u00e3o de crimes de tamanha gravidade. Nos bastidores, a presidente <strong>Leila Pereira<\/strong> tem se posicionado de forma r\u00edgida, defendendo que a \u00fanica sa\u00edda cab\u00edvel para o caso \u00e9 a <strong>expuls\u00e3o definitiva<\/strong> do quadro de s\u00f3cios.<\/p>\n\n\n\n<p class=\"wp-block-paragraph\">\u200bPara que a exclus\u00e3o ocorra, no entanto, o clube segue o rito estatut\u00e1rio:<\/p>\n\n\n\n<ul class=\"wp-block-list\">\n<li>\u200b<strong>Sindic\u00e2ncia:<\/strong> Um processo administrativo interno foi aberto para apurar os fatos.<\/li>\n\n\n\n<li>\u200b<strong>Conselho Deliberativo:<\/strong> A palavra final sobre a expuls\u00e3o depender\u00e1 de uma vota\u00e7\u00e3o entre os conselheiros, ap\u00f3s a conclus\u00e3o do relat\u00f3rio da sindic\u00e2ncia.<\/li>\n<\/ul>\n\n\n\n<h3 class=\"wp-block-heading\">\u200bHist\u00f3rico Jur\u00eddico<\/h3>\n\n\n\n<p class=\"wp-block-paragraph\">\u200bFabio Barreto Bueno Adamo j\u00e1 possui condena\u00e7\u00e3o judicial em inst\u00e2ncias anteriores. O caso chocou a comunidade alviverde pelo modus operandi detalhado nas investiga\u00e7\u00f5es, que envolvem a aproxima\u00e7\u00e3o e o ass\u00e9dio a v\u00edtimas menores de idade.<\/p>\n\n\n\n<blockquote class=\"wp-block-quote is-layout-flow wp-block-quote-is-layout-flow\">\n<p class=\"wp-block-paragraph\">\u200b&#8221;O clube n\u00e3o tolera comportamentos que firam a integridade f\u00edsica e moral de crian\u00e7as e adolescentes. Estamos agindo dentro da legalidade para garantir que o ambiente do Palmeiras permane\u00e7a seguro&#8221;, afirmou uma fonte ligada \u00e0 diretoria.<\/p>\n<\/blockquote>\n\n\n\n<h3 class=\"wp-block-heading\">\u200bPr\u00f3ximos Passos<\/h3>\n\n\n\n<p class=\"wp-block-paragraph\">\u200bO Palmeiras agora aguarda os prazos de defesa do associado, conforme prev\u00ea o estatuto social, para evitar futuras contesta\u00e7\u00f5es jur\u00eddicas sobre o processo de expuls\u00e3o. A gest\u00e3o de Leila Pereira refor\u00e7a o discurso de &#8220;toler\u00e2ncia zero&#8221; contra crimes de viol\u00eancia sexual e abuso.<\/p>\n","protected":false},"excerpt":{"rendered":"<p>\u200bO Palmeiras oficializou a suspens\u00e3o preventiva de Fabio Barreto Bueno Adamo, associado do clube que foi condenado pela Justi\u00e7a por aliciar e assediar crian\u00e7as. A [&#8230;]<\/p>\n","protected":false},"author":1,"featured_media":4581,"comment_status":"open","ping_status":"open","sticky":false,"template":"","format":"standard","meta":{"_crdt_document":"","_jetpack_memberships_contains_paid_content":false,"footnotes":"","jetpack_publicize_message":"","jetpack_publicize_feature_enabled":true,"jetpack_social_post_already_shared":true,"jetpack_social_options":{"image_generator_settings":{"template":"highway","default_image_id":0,"font":"","enabled":false},"version":2}},"categories":[1],"tags":[],"class_list":["post-4580","post","type-post","status-publish","format-standard","has-post-thumbnail","hentry","category-geral"],"jetpack_publicize_connections":[],"jetpack_featured_media_url":"https:\/\/i0.wp.com\/oexpressobr.com.br\/wp-content\/uploads\/2026\/02\/IMG-20260223-WA0339.jpg?fit=615%2C470&ssl=1","jetpack_likes_enabled":true,"jetpack_sharing_enabled":true,"_links":{"self":[{"href":"https:\/\/oexpressobr.com.br\/index.php?rest_route=\/wp\/v2\/posts\/4580","targetHints":{"allow":["GET"]}}],"collection":[{"href":"https:\/\/oexpressobr.com.br\/index.php?rest_route=\/wp\/v2\/posts"}],"about":[{"href":"https:\/\/oexpressobr.com.br\/index.php?rest_route=\/wp\/v2\/types\/post"}],"author":[{"embeddable":true,"href":"https:\/\/oexpressobr.com.br\/index.php?rest_route=\/wp\/v2\/users\/1"}],"replies":[{"embeddable":true,"href":"https:\/\/oexpressobr.com.br\/index.php?rest_route=%2Fwp%2Fv2%2Fcomments&post=4580"}],"version-history":[{"count":1,"href":"https:\/\/oexpressobr.com.br\/index.php?rest_route=\/wp\/v2\/posts\/4580\/revisions"}],"predecessor-version":[{"id":4582,"href":"https:\/\/oexpressobr.com.br\/index.php?rest_route=\/wp\/v2\/posts\/4580\/revisions\/4582"}],"wp:featuredmedia":[{"embeddable":true,"href":"https:\/\/oexpressobr.com.br\/index.php?rest_route=\/wp\/v2\/media\/4581"}],"wp:attachment":[{"href":"https:\/\/oexpressobr.com.br\/index.php?rest_route=%2Fwp%2Fv2%2Fmedia&parent=4580"}],"wp:term":[{"taxonomy":"category","embeddable":true,"href":"https:\/\/oexpressobr.com.br\/index.php?rest_route=%2Fwp%2Fv2%2Fcategories&post=4580"},{"taxonomy":"post_tag","embeddable":true,"href":"https:\/\/oexpressobr.com.br\/index.php?rest_route=%2Fwp%2Fv2%2Ftags&post=4580"}],"curies":[{"name":"wp","href":"https:\/\/api.w.org\/{rel}","templated":true}]}}