{"id":4586,"date":"2026-02-24T05:22:22","date_gmt":"2026-02-24T08:22:22","guid":{"rendered":"https:\/\/oexpressobr.com.br\/?p=4586"},"modified":"2026-02-24T05:22:25","modified_gmt":"2026-02-24T08:22:25","slug":"receita-federal-mantem-prazos-e-amplia-isencao-para-rendas-ate-r-5-mil","status":"publish","type":"post","link":"https:\/\/oexpressobr.com.br\/?p=4586","title":{"rendered":"Receita Federal mant\u00e9m prazos e amplia isen\u00e7\u00e3o para rendas at\u00e9 R$ 5 mil"},"content":{"rendered":"\n<p class=\"wp-block-paragraph\">\u200bA temporada do Imposto de Renda 2026 (ano-base 2025) j\u00e1 mobiliza milh\u00f5es de brasileiros, trazendo mudan\u00e7as significativas na tabela de isen\u00e7\u00e3o e mantendo o rigor no cronograma de entrega. Com a aproxima\u00e7\u00e3o do per\u00edodo de declara\u00e7\u00e3o, o foco dos contribuintes se volta para os novos limites estabelecidos pelo Governo Federal e pela Receita Federal, que visam desonerar a classe m\u00e9dia.<\/p>\n\n\n\n<h3 class=\"wp-block-heading\">\u200bQuem precisa declarar?<\/h3>\n\n\n\n<p class=\"wp-block-paragraph\">\u200bAs regras de obrigatoriedade seguem crit\u00e9rios de rendimento e patrim\u00f4nio. Deve declarar quem, em 2025:<\/p>\n\n\n\n<ul class=\"wp-block-list\">\n<li>\u200bRecebeu rendimentos tribut\u00e1veis (sal\u00e1rios, aposentadoria, alugu\u00e9is) acima de <strong>R$ 33.888,00<\/strong> no ano (limite sujeito a confirma\u00e7\u00e3o oficial via Instru\u00e7\u00e3o Normativa em mar\u00e7o);<\/li>\n\n\n\n<li>\u200bObteve rendimentos isentos, n\u00e3o tribut\u00e1veis ou tributados exclusivamente na fonte acima de <strong>R$ 200 mil<\/strong>;<\/li>\n\n\n\n<li>\u200bPossu\u00eda, at\u00e9 31 de dezembro de 2025, a posse ou propriedade de bens e direitos (como im\u00f3veis e ve\u00edculos) com valor total superior a <strong>R$ 800 mil<\/strong>;<\/li>\n\n\n\n<li>\u200bRealizou opera\u00e7\u00f5es em bolsas de valores, de mercadorias, de futuros e assemelhadas cuja soma foi superior a R$ 40 mil ou com apura\u00e7\u00e3o de ganhos l\u00edquidos sujeitos \u00e0 incid\u00eancia do imposto.<\/li>\n<\/ul>\n\n\n\n<p class=\"wp-block-paragraph\">\u200b<strong>A Grande Novidade:<\/strong> Seguindo as promessas de campanha e atualiza\u00e7\u00f5es legislativas, a faixa de isen\u00e7\u00e3o mensal foi ampliada. Para 2026, contribuintes com renda mensal de at\u00e9 <strong>R$ 5.000,00<\/strong> passam a ser isentos do pagamento do tributo, embora muitos ainda precisem entregar a declara\u00e7\u00e3o caso se enquadrem nos crit\u00e9rios de patrim\u00f4nio ou rendimentos anuais.<\/p>\n\n\n\n<h3 class=\"wp-block-heading\">\u200bQual \u00e9 o prazo de entrega?<\/h3>\n\n\n\n<p class=\"wp-block-paragraph\">\u200bA Receita Federal mant\u00e9m o padr\u00e3o dos \u00faltimos anos. O per\u00edodo para o envio da declara\u00e7\u00e3o do IR 2026 ser\u00e1:<\/p>\n\n\n\n<ul class=\"wp-block-list\">\n<li>\u200b<strong>In\u00edcio:<\/strong> 15 de mar\u00e7o de 2026<\/li>\n\n\n\n<li>\u200b<strong>T\u00e9rmino:<\/strong> 31 de maio de 2026<\/li>\n<\/ul>\n\n\n\n<p class=\"wp-block-paragraph\">\u200b\u00c9 fundamental que as empresas e institui\u00e7\u00f5es financeiras entreguem os informes de rendimentos aos seus funcion\u00e1rios e clientes at\u00e9 o dia <strong>28 de fevereiro de 2026<\/strong>, prazo limite para que o cidad\u00e3o tenha em m\u00e3os os dados necess\u00e1rios.<\/p>\n\n\n\n<h3 class=\"wp-block-heading\">\u200bQuando come\u00e7a a restitui\u00e7\u00e3o?<\/h3>\n\n\n\n<p class=\"wp-block-paragraph\">\u200bO cronograma de pagamentos da restitui\u00e7\u00e3o segue dividido em cinco lotes mensais, iniciando logo ap\u00f3s o fim do prazo de entrega. As datas previstas s\u00e3o:<\/p>\n\n\n\n<ol class=\"wp-block-list\">\n<li>\u200b<strong>1\u00ba Lote:<\/strong> 29 de maio de 2026 (prioridade para idosos, pessoas com defici\u00eancia, professores e usu\u00e1rios da declara\u00e7\u00e3o pr\u00e9-preenchida\/Pix);<\/li>\n\n\n\n<li>\u200b<strong>2\u00ba Lote:<\/strong> 30 de junho de 2026;<\/li>\n\n\n\n<li>\u200b<strong>3\u00ba Lote:<\/strong> 31 de julho de 2026;<\/li>\n\n\n\n<li>\u200b<strong>4\u00ba Lote:<\/strong> 31 de agosto de 2026;<\/li>\n\n\n\n<li>\u200b<strong>5\u00ba Lote:<\/strong> 30 de setembro de 2026.<\/li>\n<\/ol>\n\n\n\n<h3 class=\"wp-block-heading\">\u200bDicas do Especialista<\/h3>\n\n\n\n<p class=\"wp-block-paragraph\">\u200bPara garantir o recebimento nos primeiros lotes e evitar a malha fina, o uso da <strong>declara\u00e7\u00e3o pr\u00e9-preenchida<\/strong> continua sendo a recomenda\u00e7\u00e3o principal da Receita Federal. Al\u00e9m de reduzir erros de digita\u00e7\u00e3o, ela confere prioridade no recebimento da restitui\u00e7\u00e3o para quem opta por receber via chave <strong>Pix (CPF)<\/strong>.<\/p>\n\n\n\n<p class=\"wp-block-paragraph\">\u200bFique atento aos recibos de despesas m\u00e9dicas (sem limite de dedu\u00e7\u00e3o) e de educa\u00e7\u00e3o (limite de R$ 3.561,50 por pessoa), que continuam sendo as principais formas de aumentar o valor a restituir ou reduzir o imposto a pagar.<\/p>\n","protected":false},"excerpt":{"rendered":"<p>\u200bA temporada do Imposto de Renda 2026 (ano-base 2025) j\u00e1 mobiliza milh\u00f5es de brasileiros, trazendo mudan\u00e7as significativas na tabela de isen\u00e7\u00e3o e mantendo o rigor [&#8230;]<\/p>\n","protected":false},"author":1,"featured_media":4587,"comment_status":"open","ping_status":"open","sticky":false,"template":"","format":"standard","meta":{"_crdt_document":"","_jetpack_memberships_contains_paid_content":false,"footnotes":"","jetpack_publicize_message":"","jetpack_publicize_feature_enabled":true,"jetpack_social_post_already_shared":true,"jetpack_social_options":{"image_generator_settings":{"template":"highway","default_image_id":0,"font":"","enabled":false},"version":2}},"categories":[10],"tags":[],"class_list":["post-4586","post","type-post","status-publish","format-standard","has-post-thumbnail","hentry","category-economia"],"jetpack_publicize_connections":[],"jetpack_featured_media_url":"https:\/\/i0.wp.com\/oexpressobr.com.br\/wp-content\/uploads\/2026\/02\/IMG-20260224-WA0021.jpg?fit=750%2C500&ssl=1","jetpack_likes_enabled":true,"jetpack_sharing_enabled":true,"_links":{"self":[{"href":"https:\/\/oexpressobr.com.br\/index.php?rest_route=\/wp\/v2\/posts\/4586","targetHints":{"allow":["GET"]}}],"collection":[{"href":"https:\/\/oexpressobr.com.br\/index.php?rest_route=\/wp\/v2\/posts"}],"about":[{"href":"https:\/\/oexpressobr.com.br\/index.php?rest_route=\/wp\/v2\/types\/post"}],"author":[{"embeddable":true,"href":"https:\/\/oexpressobr.com.br\/index.php?rest_route=\/wp\/v2\/users\/1"}],"replies":[{"embeddable":true,"href":"https:\/\/oexpressobr.com.br\/index.php?rest_route=%2Fwp%2Fv2%2Fcomments&post=4586"}],"version-history":[{"count":1,"href":"https:\/\/oexpressobr.com.br\/index.php?rest_route=\/wp\/v2\/posts\/4586\/revisions"}],"predecessor-version":[{"id":4588,"href":"https:\/\/oexpressobr.com.br\/index.php?rest_route=\/wp\/v2\/posts\/4586\/revisions\/4588"}],"wp:featuredmedia":[{"embeddable":true,"href":"https:\/\/oexpressobr.com.br\/index.php?rest_route=\/wp\/v2\/media\/4587"}],"wp:attachment":[{"href":"https:\/\/oexpressobr.com.br\/index.php?rest_route=%2Fwp%2Fv2%2Fmedia&parent=4586"}],"wp:term":[{"taxonomy":"category","embeddable":true,"href":"https:\/\/oexpressobr.com.br\/index.php?rest_route=%2Fwp%2Fv2%2Fcategories&post=4586"},{"taxonomy":"post_tag","embeddable":true,"href":"https:\/\/oexpressobr.com.br\/index.php?rest_route=%2Fwp%2Fv2%2Ftags&post=4586"}],"curies":[{"name":"wp","href":"https:\/\/api.w.org\/{rel}","templated":true}]}}