{"id":4589,"date":"2026-02-24T05:27:09","date_gmt":"2026-02-24T08:27:09","guid":{"rendered":"https:\/\/oexpressobr.com.br\/?p=4589"},"modified":"2026-02-24T05:27:14","modified_gmt":"2026-02-24T08:27:14","slug":"cni-e-congresso-nacional-debate-sobre-o-fim-da-escala-6x1-ganha-forca-e-acende-alerta-economico","status":"publish","type":"post","link":"https:\/\/oexpressobr.com.br\/?p=4589","title":{"rendered":"CNI e Congresso Nacional: debate sobre o fim da escala 6&#215;1 ganha for\u00e7a e acende alerta econ\u00f4mico"},"content":{"rendered":"\n<p class=\"wp-block-paragraph\">\u200bA discuss\u00e3o sobre o fim da escala de trabalho 6&#215;1 e a consequente redu\u00e7\u00e3o da jornada semanal de 44 para 40 horas atingiu um novo patamar de tens\u00e3o entre o setor produtivo e o governo nesta semana. Um estudo detalhado da Confedera\u00e7\u00e3o Nacional da Ind\u00fastria (CNI), divulgado nesta segunda-feira (23 de fevereiro de 2026), aponta que a medida poder\u00e1 custar at\u00e9 <strong>R$ 267 bilh\u00f5es anuais<\/strong> para as empresas brasileiras, representando um acr\u00e9scimo m\u00e9dio de 7% na folha de pagamentos nacional.<\/p>\n\n\n\n<h3 class=\"wp-block-heading\">\u200bO peso no bolso das empresas<\/h3>\n\n\n\n<p class=\"wp-block-paragraph\">\u200bDe acordo com a CNI, o impacto financeiro varia conforme a estrat\u00e9gia adotada pelas empresas para suprir a redu\u00e7\u00e3o das horas:<\/p>\n\n\n\n<ul class=\"wp-block-list\">\n<li>\u200b<strong>Contrata\u00e7\u00e3o de novos trabalhadores:<\/strong> O custo estimado seria de R$ 178,2 bilh\u00f5es.<\/li>\n\n\n\n<li>\u200b<strong>Pagamento de horas extras:<\/strong> Caso a op\u00e7\u00e3o seja manter a equipe atual trabalhando as mesmas horas via regime extra, o impacto subiria para R$ 267,2 bilh\u00f5es.<\/li>\n<\/ul>\n\n\n\n<p class=\"wp-block-paragraph\">\u200bO presidente da CNI, Ricardo Alban, alertou que os setores mais atingidos ser\u00e3o a <strong>ind\u00fastria da constru\u00e7\u00e3o<\/strong> (com aumentos de at\u00e9 13,2%) e a <strong>agropecu\u00e1ria<\/strong> (at\u00e9 13,5%), al\u00e9m de pressionar severamente as micro e pequenas empresas, que det\u00eam 52% dos empregos formais no pa\u00eds. A entidade argumenta que a mudan\u00e7a pode gerar perda de competitividade e queda na produ\u00e7\u00e3o, afetando diretamente o PIB brasileiro.<\/p>\n\n\n\n<h3 class=\"wp-block-heading\">\u200bMovimenta\u00e7\u00e3o no Congresso Nacional<\/h3>\n\n\n\n<p class=\"wp-block-paragraph\">\u200bEnquanto as entidades patronais pedem cautela, o cen\u00e1rio pol\u00edtico acelera. A Proposta de Emenda \u00e0 Constitui\u00e7\u00e3o (PEC) que prop\u00f5e o fim da escala 6&#215;1 \u2014 liderada pela deputada <strong>Erika Hilton (PSOL-RJ)<\/strong> \u2014 avan\u00e7ou significativamente no Legislativo.<\/p>\n\n\n\n<ul class=\"wp-block-list\">\n<li>\u200b<strong>Relatoria na CCJ:<\/strong> O presidente da Comiss\u00e3o de Constitui\u00e7\u00e3o e Justi\u00e7a (CCJ) da C\u00e2mara, Leur Lomanto Jr., deve anunciar o relator da PEC nesta ter\u00e7a-feira (24). A proposta \u00e9 considerada uma das prioridades da comiss\u00e3o para este semestre.<\/li>\n\n\n\n<li>\u200b<strong>Prioridade do Governo:<\/strong> Na abertura do ano legislativo, o presidente Lula refor\u00e7ou em mensagem ao Congresso que o fim da escala 6&#215;1 \u00e9 uma prioridade para 2026. O governo busca unificar os textos em tramita\u00e7\u00e3o na C\u00e2mara e no Senado para acelerar a aprova\u00e7\u00e3o, possivelmente ainda no primeiro semestre.<\/li>\n\n\n\n<li>\u200b<strong>Transi\u00e7\u00e3o gradual:<\/strong> No Senado, a PEC 148\/2015, relatada pelo senador Rog\u00e9rio Carvalho (PT-SE), tamb\u00e9m ganha f\u00f4lego. O texto prop\u00f5e uma redu\u00e7\u00e3o escalonada: a jornada cairia de 44 para 36 horas semanais ao longo de seis anos, tentando mitigar o choque econ\u00f4mico imediato apontado pela ind\u00fastria.<\/li>\n<\/ul>\n\n\n\n<h3 class=\"wp-block-heading\">\u200bO que dizem os envolvidos<\/h3>\n\n\n\n<p class=\"wp-block-paragraph\">\u200bPara a deputada <strong>Erika Hilton<\/strong>, a mudan\u00e7a \u00e9 uma quest\u00e3o de &#8220;dignidade humana&#8221; e sa\u00fade mental do trabalhador, argumentando que a produtividade pode ser compensada pela moderniza\u00e7\u00e3o dos processos tecnol\u00f3gicos.<\/p>\n\n\n\n<p class=\"wp-block-paragraph\">\u200bJ\u00e1 o presidente da C\u00e2mara, <strong>Hugo Motta (Republicanos-PB)<\/strong>, tem buscado um tom de equil\u00edbrio, afirmando que o pa\u00eds est\u00e1 &#8220;maduro&#8221; para o debate, mas que a discuss\u00e3o deve ocorrer com responsabilidade para n\u00e3o penalizar o setor de servi\u00e7os e o com\u00e9rcio, que operam intensamente no modelo atual.<\/p>\n\n\n\n<p class=\"wp-block-paragraph\">\u200bCom as elei\u00e7\u00f5es de 2026 no horizonte, a escala 6&#215;1 tornou-se um dos temas centrais do debate p\u00fablico, unindo mobiliza\u00e7\u00e3o digital e press\u00f5es econ\u00f4micas de alto escal\u00e3o em Bras\u00edlia.<\/p>\n","protected":false},"excerpt":{"rendered":"<p>\u200bA discuss\u00e3o sobre o fim da escala de trabalho 6&#215;1 e a consequente redu\u00e7\u00e3o da jornada semanal de 44 para 40 horas atingiu um novo [&#8230;]<\/p>\n","protected":false},"author":1,"featured_media":4590,"comment_status":"open","ping_status":"open","sticky":false,"template":"","format":"standard","meta":{"_crdt_document":"","_jetpack_memberships_contains_paid_content":false,"footnotes":"","jetpack_publicize_message":"","jetpack_publicize_feature_enabled":true,"jetpack_social_post_already_shared":true,"jetpack_social_options":{"image_generator_settings":{"template":"highway","default_image_id":0,"font":"","enabled":false},"version":2}},"categories":[10],"tags":[],"class_list":["post-4589","post","type-post","status-publish","format-standard","has-post-thumbnail","hentry","category-economia"],"jetpack_publicize_connections":[],"jetpack_featured_media_url":"https:\/\/i0.wp.com\/oexpressobr.com.br\/wp-content\/uploads\/2026\/02\/IMG-20260224-WA0019.jpg?fit=750%2C500&ssl=1","jetpack_likes_enabled":true,"jetpack_sharing_enabled":true,"_links":{"self":[{"href":"https:\/\/oexpressobr.com.br\/index.php?rest_route=\/wp\/v2\/posts\/4589","targetHints":{"allow":["GET"]}}],"collection":[{"href":"https:\/\/oexpressobr.com.br\/index.php?rest_route=\/wp\/v2\/posts"}],"about":[{"href":"https:\/\/oexpressobr.com.br\/index.php?rest_route=\/wp\/v2\/types\/post"}],"author":[{"embeddable":true,"href":"https:\/\/oexpressobr.com.br\/index.php?rest_route=\/wp\/v2\/users\/1"}],"replies":[{"embeddable":true,"href":"https:\/\/oexpressobr.com.br\/index.php?rest_route=%2Fwp%2Fv2%2Fcomments&post=4589"}],"version-history":[{"count":1,"href":"https:\/\/oexpressobr.com.br\/index.php?rest_route=\/wp\/v2\/posts\/4589\/revisions"}],"predecessor-version":[{"id":4591,"href":"https:\/\/oexpressobr.com.br\/index.php?rest_route=\/wp\/v2\/posts\/4589\/revisions\/4591"}],"wp:featuredmedia":[{"embeddable":true,"href":"https:\/\/oexpressobr.com.br\/index.php?rest_route=\/wp\/v2\/media\/4590"}],"wp:attachment":[{"href":"https:\/\/oexpressobr.com.br\/index.php?rest_route=%2Fwp%2Fv2%2Fmedia&parent=4589"}],"wp:term":[{"taxonomy":"category","embeddable":true,"href":"https:\/\/oexpressobr.com.br\/index.php?rest_route=%2Fwp%2Fv2%2Fcategories&post=4589"},{"taxonomy":"post_tag","embeddable":true,"href":"https:\/\/oexpressobr.com.br\/index.php?rest_route=%2Fwp%2Fv2%2Ftags&post=4589"}],"curies":[{"name":"wp","href":"https:\/\/api.w.org\/{rel}","templated":true}]}}