{"id":4595,"date":"2026-02-24T05:41:35","date_gmt":"2026-02-24T08:41:35","guid":{"rendered":"https:\/\/oexpressobr.com.br\/?p=4595"},"modified":"2026-02-24T05:41:39","modified_gmt":"2026-02-24T08:41:39","slug":"ministro-flavio-dino-suspende-privatizacao-da-celepar-por-risco-a-seguranca-de-dados-no-parana","status":"publish","type":"post","link":"https:\/\/oexpressobr.com.br\/?p=4595","title":{"rendered":"MINISTRO Fl\u00e1vio Dino suspende privatiza\u00e7\u00e3o da Celepar por risco \u00e0 seguran\u00e7a de dados no Paran\u00e1"},"content":{"rendered":"\n<p class=\"wp-block-paragraph\"><strong>CURITIBA<\/strong> \u2013 Em uma decis\u00e3o que interrompe os planos do governo Ratinho J\u00fanior (PSD), o ministro <strong>Fl\u00e1vio Dino<\/strong>, do Supremo Tribunal Federal (STF), determinou a suspens\u00e3o liminar do processo de privatiza\u00e7\u00e3o da <strong>Companhia de Tecnologia da Informa\u00e7\u00e3o e Comunica\u00e7\u00e3o do Paran\u00e1 (Celepar)<\/strong>. A medida, assinada em 22 de fevereiro de 2026, atende a pedidos feitos pelos partidos PT e PSOL (ADI 7896), que questionam a constitucionalidade da venda da estatal.<\/p>\n\n\n\n<p class=\"wp-block-paragraph\">\u200bA decis\u00e3o impacta diretamente o cronograma do estado, que previa a realiza\u00e7\u00e3o de um leil\u00e3o na B3 no dia <strong>17 de mar\u00e7o<\/strong>, com valor m\u00ednimo estipulado em <strong>R$ 1,3 bilh\u00e3o<\/strong>.<\/p>\n\n\n\n<h3 class=\"wp-block-heading\">\u200bO cerne da disputa: Privacidade e Seguran\u00e7a P\u00fablica<\/h3>\n\n\n\n<p class=\"wp-block-paragraph\">\u200bO principal argumento acolhido pelo ministro Dino \u00e9 o risco iminente \u00e0 <strong>prote\u00e7\u00e3o de dados pessoais<\/strong> dos cidad\u00e3os paranaenses. A Celepar \u00e9 a guardi\u00e3 de bases de dados sens\u00edveis, incluindo informa\u00e7\u00f5es fiscais, de sa\u00fade, seguran\u00e7a p\u00fablica e educa\u00e7\u00e3o.<\/p>\n\n\n\n<blockquote class=\"wp-block-quote is-layout-flow wp-block-quote-is-layout-flow\">\n<p class=\"wp-block-paragraph\">\u200b&#8221;A desestatiza\u00e7\u00e3o de uma empresa que gere dados estrat\u00e9gicos deve observar rigorosamente os direitos fundamentais \u00e0 privacidade&#8221;, destacou o magistrado em sua decis\u00e3o.<\/p>\n<\/blockquote>\n\n\n\n<p class=\"wp-block-paragraph\">\u200bPara que o processo possa ser retomado, Dino imp\u00f4s condi\u00e7\u00f5es rigorosas:<\/p>\n\n\n\n<ul class=\"wp-block-list\">\n<li>\u200b<strong>Relat\u00f3rio de Impacto:<\/strong> O Estado do Paran\u00e1 deve elaborar um relat\u00f3rio detalhado sobre os riscos \u00e0 prote\u00e7\u00e3o de dados na transi\u00e7\u00e3o societ\u00e1ria.<\/li>\n\n\n\n<li>\u200b<strong>Crivo da ANPD:<\/strong> Este documento dever\u00e1 ser submetido \u00e0 <strong>Ag\u00eancia Nacional de Prote\u00e7\u00e3o de Dados (ANPD)<\/strong> para an\u00e1lise t\u00e9cnica.<\/li>\n\n\n\n<li>\u200b<strong>Salvaguardas de Seguran\u00e7a:<\/strong> O governo precisa demonstrar mecanismos concretos que impe\u00e7am o acesso indevido ou a comercializa\u00e7\u00e3o de dados p\u00fablicos por entes privados.<\/li>\n<\/ul>\n\n\n\n<h3 class=\"wp-block-heading\">\u200bRea\u00e7\u00f5es e pr\u00f3ximos passos<\/h3>\n\n\n\n<p class=\"wp-block-paragraph\">\u200bO Governo do Paran\u00e1 defende que a privatiza\u00e7\u00e3o \u00e9 estrat\u00e9gica para modernizar a presta\u00e7\u00e3o de servi\u00e7os e afirmou que ir\u00e1 recorrer da decis\u00e3o. Segundo a gest\u00e3o estadual, o projeto aprovado pela Assembleia Legislativa (Alep) em 2024 j\u00e1 previa protocolos de seguran\u00e7a.<\/p>\n\n\n\n<p class=\"wp-block-paragraph\">\u200bPor outro lado, sindicatos e movimentos sociais celebram a liminar, apontando que o valor de mercado da empresa (com contratos que somam R$ 2,2 bilh\u00f5es) estaria sendo subestimado no leil\u00e3o.A liminar agora segue para o Plen\u00e1rio Virtual do STF, onde os demais ministros dever\u00e3o referendar ou derrubar a decis\u00e3o de Dino. A sess\u00e3o est\u00e1 prevista para ocorrer nos pr\u00f3ximos dias.<\/p>\n","protected":false},"excerpt":{"rendered":"<p>CURITIBA \u2013 Em uma decis\u00e3o que interrompe os planos do governo Ratinho J\u00fanior (PSD), o ministro Fl\u00e1vio Dino, do Supremo Tribunal Federal (STF), determinou a [&#8230;]<\/p>\n","protected":false},"author":1,"featured_media":4596,"comment_status":"open","ping_status":"open","sticky":false,"template":"","format":"standard","meta":{"_crdt_document":"","_jetpack_memberships_contains_paid_content":false,"footnotes":"","jetpack_publicize_message":"","jetpack_publicize_feature_enabled":true,"jetpack_social_post_already_shared":true,"jetpack_social_options":{"image_generator_settings":{"template":"highway","default_image_id":0,"font":"","enabled":false},"version":2}},"categories":[5],"tags":[],"class_list":["post-4595","post","type-post","status-publish","format-standard","has-post-thumbnail","hentry","category-parana"],"jetpack_publicize_connections":[],"jetpack_featured_media_url":"https:\/\/i0.wp.com\/oexpressobr.com.br\/wp-content\/uploads\/2026\/02\/stf-suspende-privatizacao-celepar-parana-leilao-.jpg-scaled.webp?fit=2560%2C1440&ssl=1","jetpack_likes_enabled":true,"jetpack_sharing_enabled":true,"_links":{"self":[{"href":"https:\/\/oexpressobr.com.br\/index.php?rest_route=\/wp\/v2\/posts\/4595","targetHints":{"allow":["GET"]}}],"collection":[{"href":"https:\/\/oexpressobr.com.br\/index.php?rest_route=\/wp\/v2\/posts"}],"about":[{"href":"https:\/\/oexpressobr.com.br\/index.php?rest_route=\/wp\/v2\/types\/post"}],"author":[{"embeddable":true,"href":"https:\/\/oexpressobr.com.br\/index.php?rest_route=\/wp\/v2\/users\/1"}],"replies":[{"embeddable":true,"href":"https:\/\/oexpressobr.com.br\/index.php?rest_route=%2Fwp%2Fv2%2Fcomments&post=4595"}],"version-history":[{"count":1,"href":"https:\/\/oexpressobr.com.br\/index.php?rest_route=\/wp\/v2\/posts\/4595\/revisions"}],"predecessor-version":[{"id":4597,"href":"https:\/\/oexpressobr.com.br\/index.php?rest_route=\/wp\/v2\/posts\/4595\/revisions\/4597"}],"wp:featuredmedia":[{"embeddable":true,"href":"https:\/\/oexpressobr.com.br\/index.php?rest_route=\/wp\/v2\/media\/4596"}],"wp:attachment":[{"href":"https:\/\/oexpressobr.com.br\/index.php?rest_route=%2Fwp%2Fv2%2Fmedia&parent=4595"}],"wp:term":[{"taxonomy":"category","embeddable":true,"href":"https:\/\/oexpressobr.com.br\/index.php?rest_route=%2Fwp%2Fv2%2Fcategories&post=4595"},{"taxonomy":"post_tag","embeddable":true,"href":"https:\/\/oexpressobr.com.br\/index.php?rest_route=%2Fwp%2Fv2%2Ftags&post=4595"}],"curies":[{"name":"wp","href":"https:\/\/api.w.org\/{rel}","templated":true}]}}