{"id":4598,"date":"2026-02-24T05:50:20","date_gmt":"2026-02-24T08:50:20","guid":{"rendered":"https:\/\/oexpressobr.com.br\/?p=4598"},"modified":"2026-02-24T05:50:23","modified_gmt":"2026-02-24T08:50:23","slug":"eduardo-cobra-nikolas-e-michelle-e-racha-no-cla-bolsonaro-ganha-contornos-de-fritura-publica","status":"publish","type":"post","link":"https:\/\/oexpressobr.com.br\/?p=4598","title":{"rendered":"EDUARDO cobra Nikolas e Michelle, e racha no cl\u00e3 Bolsonaro ganha contornos de &#8220;fritura&#8221; p\u00fablica"},"content":{"rendered":"\n<p class=\"wp-block-paragraph\">O cen\u00e1rio pol\u00edtico da direita brasileira foi sacudido nas \u00faltimas 48 horas por um embate p\u00fablico envolvendo o n\u00facleo duro da fam\u00edlia Bolsonaro e seus principais aliados. O deputado federal Eduardo Bolsonaro (PL-SP) tornou p\u00fablica sua insatisfa\u00e7\u00e3o com a ex-primeira-dama Michelle Bolsonaro e o deputado Nikolas Ferreira (PL-MG), acusando-os de &#8220;corpo mole&#8221; e &#8220;amn\u00e9sia&#8221; em rela\u00e7\u00e3o \u00e0 pr\u00e9-campanha presidencial do senador Fl\u00e1vio Bolsonaro (PL-RJ).<\/p>\n\n\n\n<p class=\"wp-block-paragraph\">\u200bA crise, que vinha sendo cozinhada em fogo brando nos bastidores, transbordou para as redes sociais ap\u00f3s Eduardo questionar abertamente por que Michelle e Nikolas, que frequentemente aparecem juntos e trocam apoios m\u00fatuos, n\u00e3o t\u00eam demonstrado o mesmo entusiasmo pela candidatura do &#8220;filho 01&#8221;. Em tom incisivo, Eduardo afirmou n\u00e3o ter visto postagens de Michelle em favor de Fl\u00e1vio, enquanto ela &#8220;compartilha o Nikolas o tempo todo&#8221;.<\/p>\n\n\n\n<h3 class=\"wp-block-heading\">\u200bO estopim: do &#8220;Fora Toffoli&#8221; ao &#8220;Bananinha&#8221;<\/h3>\n\n\n\n<p class=\"wp-block-paragraph\">\u200bO atrito ganhou tra\u00e7\u00e3o h\u00e1 dez dias, durante a convoca\u00e7\u00e3o de uma manifesta\u00e7\u00e3o liderada por Nikolas Ferreira sob o lema &#8220;Fora Toffoli&#8221;. A pauta gerou desconforto na ala liderada por Fl\u00e1vio Bolsonaro, que busca construir uma imagem de &#8220;Bolsonaro moderado&#8221; e evita confrontos diretos com o ministro Dias Toffoli, do Supremo Tribunal Federal (STF) \u2014 magistrado que, no passado, proferiu decis\u00f5es favor\u00e1veis ao senador no caso das &#8220;rachadinhas&#8221;.<\/p>\n\n\n\n<p class=\"wp-block-paragraph\">\u200bNikolas, por sua vez, reagiu \u00e0s cr\u00edticas de Eduardo afirmando que o colega &#8220;n\u00e3o est\u00e1 bem&#8221; e que n\u00e3o perderia tempo com diverg\u00eancias internas enquanto h\u00e1 &#8220;um Brasil para salvar&#8221;. A resposta do deputado mineiro foi vista como uma tentativa de se descolar da tutela direta dos filhos do ex-presidente, mantendo-se leal apenas a Jair Bolsonaro.<\/p>\n\n\n\n<h3 class=\"wp-block-heading\">\u200bMichelle e a &#8220;fritura&#8221; metaf\u00f3rica<\/h3>\n\n\n\n<p class=\"wp-block-paragraph\">\u200bA temperatura subiu ainda mais quando Michelle Bolsonaro publicou um v\u00eddeo preparando &#8220;banana frita&#8221; para o marido. A postagem foi imediatamente interpretada por aliados de Eduardo como uma provoca\u00e7\u00e3o direta, j\u00e1 que o deputado \u00e9 pejorativamente apelidado de &#8220;Bananinha&#8221; por seus detratores. Eduardo reagiu repostando o coment\u00e1rio de uma seguidora que dizia: &#8220;Continuem fritando banana enquanto Fl\u00e1vio e Eduardo est\u00e3o trabalhando duro para resgatar o pa\u00eds&#8221;.<\/p>\n\n\n\n<h3 class=\"wp-block-heading\">\u200bEstrat\u00e9gia de modera\u00e7\u00e3o em xeque<\/h3>\n\n\n\n<p class=\"wp-block-paragraph\">\u200bEnquanto os irm\u00e3os e a madrasta trocam farpas, Fl\u00e1vio Bolsonaro tenta atuar como bombeiro, mas sem abandonar a ironia. Em publica\u00e7\u00e3o recente, o senador pediu uni\u00e3o e brincou com a linguagem neutra (&#8220;todas, todos e todes&#8221;), em um esfor\u00e7o para refor\u00e7ar seu novo perfil conciliador junto ao eleitorado de centro e ao pr\u00f3prio Judici\u00e1rio.<\/p>\n\n\n\n<p class=\"wp-block-paragraph\">\u200bA disputa exp\u00f5e uma divis\u00e3o estrat\u00e9gica profunda:<\/p>\n\n\n\n<ul class=\"wp-block-list\">\n<li>\u200b<strong>Eduardo Bolsonaro:<\/strong> Defende a manuten\u00e7\u00e3o do embate direto e cobra fidelidade absoluta ao projeto familiar.<\/li>\n\n\n\n<li>\u200b<strong>Fl\u00e1vio Bolsonaro:<\/strong> Busca a institucionalidade e a modera\u00e7\u00e3o para viabilizar sua candidatura em 2026.<\/li>\n\n\n\n<li>\u200b<strong>Nikolas e Michelle:<\/strong> Consolidam-se como pot\u00eancias de engajamento popular, por vezes operando em uma \u00f3rbita pr\u00f3pria que gera ci\u00fames e inseguran\u00e7a no cl\u00e3.<\/li>\n<\/ul>\n\n\n\n<p class=\"wp-block-paragraph\">\u200bO epis\u00f3dio revela que a sucess\u00e3o do capital pol\u00edtico de Jair Bolsonaro, atualmente ineleg\u00edvel e preso, n\u00e3o ser\u00e1 um processo pac\u00edfico, mas sim uma disputa de influ\u00eancia que agora se d\u00e1 \u00e0 luz do dia.<\/p>\n","protected":false},"excerpt":{"rendered":"<p>O cen\u00e1rio pol\u00edtico da direita brasileira foi sacudido nas \u00faltimas 48 horas por um embate p\u00fablico envolvendo o n\u00facleo duro da fam\u00edlia Bolsonaro e seus [&#8230;]<\/p>\n","protected":false},"author":1,"featured_media":4599,"comment_status":"open","ping_status":"open","sticky":false,"template":"","format":"standard","meta":{"_crdt_document":"","_jetpack_memberships_contains_paid_content":false,"footnotes":"","jetpack_publicize_message":"","jetpack_publicize_feature_enabled":true,"jetpack_social_post_already_shared":true,"jetpack_social_options":{"image_generator_settings":{"template":"highway","default_image_id":0,"font":"","enabled":false},"version":2}},"categories":[7],"tags":[],"class_list":["post-4598","post","type-post","status-publish","format-standard","has-post-thumbnail","hentry","category-politica"],"jetpack_publicize_connections":[],"jetpack_featured_media_url":"https:\/\/i0.wp.com\/oexpressobr.com.br\/wp-content\/uploads\/2026\/02\/1702563890657b103279adc_1702563890_3x2_xl.jpg?fit=1200%2C800&ssl=1","jetpack_likes_enabled":true,"jetpack_sharing_enabled":true,"_links":{"self":[{"href":"https:\/\/oexpressobr.com.br\/index.php?rest_route=\/wp\/v2\/posts\/4598","targetHints":{"allow":["GET"]}}],"collection":[{"href":"https:\/\/oexpressobr.com.br\/index.php?rest_route=\/wp\/v2\/posts"}],"about":[{"href":"https:\/\/oexpressobr.com.br\/index.php?rest_route=\/wp\/v2\/types\/post"}],"author":[{"embeddable":true,"href":"https:\/\/oexpressobr.com.br\/index.php?rest_route=\/wp\/v2\/users\/1"}],"replies":[{"embeddable":true,"href":"https:\/\/oexpressobr.com.br\/index.php?rest_route=%2Fwp%2Fv2%2Fcomments&post=4598"}],"version-history":[{"count":1,"href":"https:\/\/oexpressobr.com.br\/index.php?rest_route=\/wp\/v2\/posts\/4598\/revisions"}],"predecessor-version":[{"id":4600,"href":"https:\/\/oexpressobr.com.br\/index.php?rest_route=\/wp\/v2\/posts\/4598\/revisions\/4600"}],"wp:featuredmedia":[{"embeddable":true,"href":"https:\/\/oexpressobr.com.br\/index.php?rest_route=\/wp\/v2\/media\/4599"}],"wp:attachment":[{"href":"https:\/\/oexpressobr.com.br\/index.php?rest_route=%2Fwp%2Fv2%2Fmedia&parent=4598"}],"wp:term":[{"taxonomy":"category","embeddable":true,"href":"https:\/\/oexpressobr.com.br\/index.php?rest_route=%2Fwp%2Fv2%2Fcategories&post=4598"},{"taxonomy":"post_tag","embeddable":true,"href":"https:\/\/oexpressobr.com.br\/index.php?rest_route=%2Fwp%2Fv2%2Ftags&post=4598"}],"curies":[{"name":"wp","href":"https:\/\/api.w.org\/{rel}","templated":true}]}}