{"id":4604,"date":"2026-02-24T05:59:40","date_gmt":"2026-02-24T08:59:40","guid":{"rendered":"https:\/\/oexpressobr.com.br\/?p=4604"},"modified":"2026-02-24T05:59:43","modified_gmt":"2026-02-24T08:59:43","slug":"venezuela-exige-a-onu-libertacao-de-maduro-e-cilia-flores-enquanto-delcy-rodriguez-promove-anistia-e-busca-fim-de-sancoes","status":"publish","type":"post","link":"https:\/\/oexpressobr.com.br\/?p=4604","title":{"rendered":"VENEZUELA exige \u00e0 ONU liberta\u00e7\u00e3o de Maduro e Cilia Flores enquanto Delcy Rodr\u00edguez promove anistia e busca fim de san\u00e7\u00f5es"},"content":{"rendered":"\n<p class=\"wp-block-paragraph\"><strong>GENEBRA<\/strong> \u2013 O governo da Venezuela elevou o tom diplom\u00e1tico nesta segunda-feira (23), utilizando a tribuna do Conselho de Direitos Humanos da ONU, em Genebra, para exigir a &#8220;liberta\u00e7\u00e3o imediata&#8221; do presidente deposto Nicol\u00e1s Maduro e de sua esposa, Cilia Flores. O pedido ocorre pouco mais de um m\u00eas ap\u00f3s a captura do casal por for\u00e7as especiais dos Estados Unidos em Caracas, em uma incurs\u00e3o militar ocorrida no dia 3 de janeiro que alterou drasticamente o cen\u00e1rio geopol\u00edtico da Am\u00e9rica Latina.<\/p>\n\n\n\n<p class=\"wp-block-paragraph\">\u200bO chanceler venezuelano, Yv\u00e1n Gil, classificou a deten\u00e7\u00e3o como um &#8220;sequestro&#8221; e afirmou que Maduro \u00e9, tecnicamente, um &#8220;prisioneiro de guerra&#8221;. Atualmente, o ex-l\u00edder venezuelano est\u00e1 detido no Centro de Deten\u00e7\u00e3o Metropolitano do Brooklyn, em Nova York, onde aguarda julgamento por acusa\u00e7\u00f5es de narcoterrorismo, conspira\u00e7\u00e3o para o tr\u00e1fico de coca\u00edna e posse de armas pesadas.<\/p>\n\n\n\n<h3 class=\"wp-block-heading\">\u200bJulgamento em Nova York e tens\u00e3o regional<\/h3>\n\n\n\n<p class=\"wp-block-paragraph\">\u200bEm sua primeira audi\u00eancia perante a justi\u00e7a americana, em 5 de janeiro, Maduro declarou-se inocente de todas as acusa\u00e7\u00f5es. A defesa do ex-ditador tenta argumentar que a pris\u00e3o violou o Direito Internacional e que ele gozaria de imunidade como chefe de Estado. No entanto, o tribunal de Nova York manteve a cust\u00f3dia, e uma nova audi\u00eancia crucial foi agendada para o dia 26 de mar\u00e7o, ap\u00f3s um adiamento solicitado pela promotoria para a consolida\u00e7\u00e3o de provas.<\/p>\n\n\n\n<p class=\"wp-block-paragraph\">\u200bA captura de Maduro, autorizada pelo governo de Donald Trump, gerou rea\u00e7\u00f5es mistas na regi\u00e3o. Enquanto aliados hist\u00f3ricos como Cuba condenaram o que chamam de &#8220;ataque criminoso&#8221;, outros l\u00edderes sul-americanos mant\u00eam uma cautela diplom\u00e1tica diante da nova administra\u00e7\u00e3o interina em Caracas.<\/p>\n\n\n\n<h3 class=\"wp-block-heading\">\u200bO papel de Delcy Rodr\u00edguez e a Lei de Anistia<\/h3>\n\n\n\n<p class=\"wp-block-paragraph\">\u200bEnquanto a diplomacia venezuelana briga na ONU, em Caracas a presidente interina, Delcy Rodr\u00edguez, implementa uma estrat\u00e9gia de distens\u00e3o para tentar estabilizar o pa\u00eds e recuperar a economia. Sob forte press\u00e3o de Washington, Rodr\u00edguez promulgou na \u00faltima semana uma Lei de Anistia Geral.<\/p>\n\n\n\n<p class=\"wp-block-paragraph\">\u200bAt\u00e9 o momento, a ONG Foro Penal confirmou a liberta\u00e7\u00e3o de pelo menos 65 presos pol\u00edticos, embora o n\u00famero total possa chegar a centenas nos pr\u00f3ximos dias. Essa medida \u00e9 vista como um gesto fundamental para a reabertura do di\u00e1logo com o Ocidente.<\/p>\n\n\n\n<h3 class=\"wp-block-heading\">\u200bAcenos da Uni\u00e3o Europeia<\/h3>\n\n\n\n<p class=\"wp-block-paragraph\">\u200bA estrat\u00e9gia de Delcy Rodr\u00edguez parece estar surtindo efeito no bloco europeu. O alto representante da Uni\u00e3o Europeia para os Neg\u00f3cios Estrangeiros indicou que poder\u00e1 propor a suspens\u00e3o das san\u00e7\u00f5es individuais que pesam contra a l\u00edder interina.<\/p>\n\n\n\n<p class=\"wp-block-paragraph\">\u200bO movimento \u00e9 apoiado pela Espanha, cujo chanceler, Jos\u00e9 Manuel Albares, instou a UE a reconhecer os &#8220;avan\u00e7os na democratiza\u00e7\u00e3o&#8221; e a anistia como uma &#8220;nova etapa de esperan\u00e7a&#8221; para a Venezuela. A suspens\u00e3o das san\u00e7\u00f5es seria um marco para Rodr\u00edguez, que busca consolidar sua autoridade interna e atrair investimentos estrangeiros para o setor petrol\u00edfero, devastado por anos de crise.<\/p>\n\n\n\n<p class=\"wp-block-paragraph\">\u200bA situa\u00e7\u00e3o permanece fluida: enquanto Caracas tenta trazer Maduro de volta sob o argumento de viola\u00e7\u00e3o de soberania, os tribunais americanos parecem decididos a prosseguir com o que chamam de &#8220;maior caso de narcotr\u00e1fico de Estado da hist\u00f3ria&#8221;.<\/p>\n","protected":false},"excerpt":{"rendered":"<p>GENEBRA \u2013 O governo da Venezuela elevou o tom diplom\u00e1tico nesta segunda-feira (23), utilizando a tribuna do Conselho de Direitos Humanos da ONU, em Genebra, [&#8230;]<\/p>\n","protected":false},"author":1,"featured_media":4605,"comment_status":"open","ping_status":"open","sticky":false,"template":"","format":"standard","meta":{"_crdt_document":"","_jetpack_memberships_contains_paid_content":false,"footnotes":"","jetpack_publicize_message":"","jetpack_publicize_feature_enabled":true,"jetpack_social_post_already_shared":true,"jetpack_social_options":{"image_generator_settings":{"template":"highway","default_image_id":0,"font":"","enabled":false},"version":2}},"categories":[15],"tags":[],"class_list":["post-4604","post","type-post","status-publish","format-standard","has-post-thumbnail","hentry","category-internacional"],"jetpack_publicize_connections":[],"jetpack_featured_media_url":"https:\/\/i0.wp.com\/oexpressobr.com.br\/wp-content\/uploads\/2026\/02\/1771875373699cac2db3ecc_1771875373_3x2_xl.jpg?fit=1200%2C800&ssl=1","jetpack_likes_enabled":true,"jetpack_sharing_enabled":true,"_links":{"self":[{"href":"https:\/\/oexpressobr.com.br\/index.php?rest_route=\/wp\/v2\/posts\/4604","targetHints":{"allow":["GET"]}}],"collection":[{"href":"https:\/\/oexpressobr.com.br\/index.php?rest_route=\/wp\/v2\/posts"}],"about":[{"href":"https:\/\/oexpressobr.com.br\/index.php?rest_route=\/wp\/v2\/types\/post"}],"author":[{"embeddable":true,"href":"https:\/\/oexpressobr.com.br\/index.php?rest_route=\/wp\/v2\/users\/1"}],"replies":[{"embeddable":true,"href":"https:\/\/oexpressobr.com.br\/index.php?rest_route=%2Fwp%2Fv2%2Fcomments&post=4604"}],"version-history":[{"count":1,"href":"https:\/\/oexpressobr.com.br\/index.php?rest_route=\/wp\/v2\/posts\/4604\/revisions"}],"predecessor-version":[{"id":4606,"href":"https:\/\/oexpressobr.com.br\/index.php?rest_route=\/wp\/v2\/posts\/4604\/revisions\/4606"}],"wp:featuredmedia":[{"embeddable":true,"href":"https:\/\/oexpressobr.com.br\/index.php?rest_route=\/wp\/v2\/media\/4605"}],"wp:attachment":[{"href":"https:\/\/oexpressobr.com.br\/index.php?rest_route=%2Fwp%2Fv2%2Fmedia&parent=4604"}],"wp:term":[{"taxonomy":"category","embeddable":true,"href":"https:\/\/oexpressobr.com.br\/index.php?rest_route=%2Fwp%2Fv2%2Fcategories&post=4604"},{"taxonomy":"post_tag","embeddable":true,"href":"https:\/\/oexpressobr.com.br\/index.php?rest_route=%2Fwp%2Fv2%2Ftags&post=4604"}],"curies":[{"name":"wp","href":"https:\/\/api.w.org\/{rel}","templated":true}]}}