{"id":4609,"date":"2026-02-24T15:31:01","date_gmt":"2026-02-24T18:31:01","guid":{"rendered":"https:\/\/oexpressobr.com.br\/?p=4609"},"modified":"2026-02-24T15:31:04","modified_gmt":"2026-02-24T18:31:04","slug":"dc-tenta-atrair-rafael-greca-e-ricardo-gomyde-para-romper-isolamento-no-parana","status":"publish","type":"post","link":"https:\/\/oexpressobr.com.br\/?p=4609","title":{"rendered":"Dc tenta atrair Rafael Greca e Ricardo Gomyde para romper isolamento no Paran\u00e1"},"content":{"rendered":"\n<p class=\"wp-block-paragraph\">\u200bA movimenta\u00e7\u00e3o nos bastidores da pol\u00edtica paranaense ganhou um novo cap\u00edtulo nesta semana. O ex-deputado federal <strong>Ricardo Gomyde<\/strong>, atualmente \u00e0 frente do <strong>Democracia Crist\u00e3 (DC)<\/strong> no estado, iniciou uma ofensiva para atrair o ex-prefeito de Curitiba e atual secret\u00e1rio de Desenvolvimento Sustent\u00e1vel, <strong>Rafael Greca (PSD)<\/strong>, para as fileiras da legenda. A estrat\u00e9gia visa oferecer a Greca uma &#8220;porta de sa\u00edda&#8221; segura para viabilizar sua candidatura ao Governo do Paran\u00e1 em 2026, sem que ele precise se submeter aos complexos acordos de c\u00fapula que envolvem o <strong>PSD<\/strong>, o <strong>Uni\u00e3o Brasil<\/strong> e o <strong>Progressistas (PP)<\/strong>.<\/p>\n\n\n\n<h3 class=\"wp-block-heading\">\u200bO tabuleiro de 2026 e o fator Greca<\/h3>\n\n\n\n<p class=\"wp-block-paragraph\">\u200bGreca, que deixou o comando da capital paranaense com altos \u00edndices de aprova\u00e7\u00e3o, enfrenta hoje um cen\u00e1rio de incertezas dentro de seu pr\u00f3prio partido. O PSD, liderado pelo governador <strong>Ratinho J\u00fanior<\/strong>, possui outros nomes fortes no p\u00e1reo sucess\u00f3rio, como o deputado estadual <strong>Alexandre Curi<\/strong> e o secret\u00e1rio de Planejamento <strong>Guto Silva<\/strong>.<\/p>\n\n\n\n<p class=\"wp-block-paragraph\">\u200bAl\u00e9m disso, a poss\u00edvel consolida\u00e7\u00e3o da candidatura do senador <strong>Sergio Moro (Uni\u00e3o Brasil)<\/strong> ao Pal\u00e1cio Igua\u00e7u \u2014 que lidera recentes pesquisas de inten\u00e7\u00e3o de voto \u2014 e a press\u00e3o da federa\u00e7\u00e3o Uni\u00e3o-PP por um palanque unificado de direita, podem deixar Greca em uma posi\u00e7\u00e3o de &#8220;renegado&#8221; nas grandes siglas.<\/p>\n\n\n\n<h3 class=\"wp-block-heading\">\u200bA estrat\u00e9gia do DC<\/h3>\n\n\n\n<p class=\"wp-block-paragraph\">\u200bSob o comando de Gomyde, o DC tenta se posicionar como uma alternativa pragm\u00e1tica. Ao atrair um nome do peso de Greca, o partido deixaria de ser uma legenda sat\u00e9lite para se tornar o epicentro de uma candidatura competitiva. Para Greca, a migra\u00e7\u00e3o significaria:<\/p>\n\n\n\n<ul class=\"wp-block-list\">\n<li>\u200b<strong>Independ\u00eancia:<\/strong> Liberdade para montar seu plano de governo sem as amarras do &#8220;acord\u00e3o&#8221; entre Ratinho J\u00fanior e os caciques do PP e Uni\u00e3o.<\/li>\n\n\n\n<li>\u200b<strong>Identidade Pr\u00f3pria:<\/strong> A chance de manter seu estilo &#8220;curitibano e gestor&#8221; sem ser ofuscado pela polariza\u00e7\u00e3o nacional.<\/li>\n\n\n\n<li>\u200b<strong>Palanque Alternativo:<\/strong> Uma estrutura que, embora menor, permite o di\u00e1logo com setores descontentes da atual base governista.<\/li>\n<\/ul>\n\n\n\n<h3 class=\"wp-block-heading\">\u200bCen\u00e1rio de indefini\u00e7\u00e3o<\/h3>\n\n\n\n<p class=\"wp-block-paragraph\">\u200bApesar do ass\u00e9dio, Rafael Greca mant\u00e9m o tom de cautela. Recentemente, ele afirmou que &#8220;o futuro a Deus pertence&#8221;, mas n\u00e3o escondeu o desejo de continuar servindo ao estado. A janela partid\u00e1ria de 2026 ser\u00e1 o momento decisivo para saber se o &#8220;poeta&#8221; de Curitiba aceitar\u00e1 o convite de Gomyde ou se tentar\u00e1 dobrar a aposta dentro da estrutura gigante do PSD.<\/p>\n\n\n\n<blockquote class=\"wp-block-quote is-layout-flow wp-block-quote-is-layout-flow\">\n<p class=\"wp-block-paragraph\">\u200b<strong>Nota do Editor:<\/strong> O isolamento de Greca nas grandes legendas parece ser o principal combust\u00edvel para que partidos menores, como o DC, tentem capitalizar sobre um dos quadros mais experientes da pol\u00edtica sulista.<\/p>\n<\/blockquote>\n","protected":false},"excerpt":{"rendered":"<p>\u200bA movimenta\u00e7\u00e3o nos bastidores da pol\u00edtica paranaense ganhou um novo cap\u00edtulo nesta semana. O ex-deputado federal Ricardo Gomyde, atualmente \u00e0 frente do Democracia Crist\u00e3 (DC) [&#8230;]<\/p>\n","protected":false},"author":1,"featured_media":4610,"comment_status":"open","ping_status":"open","sticky":false,"template":"","format":"standard","meta":{"_crdt_document":"","_jetpack_memberships_contains_paid_content":false,"footnotes":"","jetpack_publicize_message":"","jetpack_publicize_feature_enabled":true,"jetpack_social_post_already_shared":true,"jetpack_social_options":{"image_generator_settings":{"template":"highway","default_image_id":0,"font":"","enabled":false},"version":2}},"categories":[7],"tags":[],"class_list":["post-4609","post","type-post","status-publish","format-standard","has-post-thumbnail","hentry","category-politica"],"jetpack_publicize_connections":[],"jetpack_featured_media_url":"https:\/\/i0.wp.com\/oexpressobr.com.br\/wp-content\/uploads\/2026\/02\/Rafael-Greca-3.jpg?fit=700%2C436&ssl=1","jetpack_likes_enabled":true,"jetpack_sharing_enabled":true,"_links":{"self":[{"href":"https:\/\/oexpressobr.com.br\/index.php?rest_route=\/wp\/v2\/posts\/4609","targetHints":{"allow":["GET"]}}],"collection":[{"href":"https:\/\/oexpressobr.com.br\/index.php?rest_route=\/wp\/v2\/posts"}],"about":[{"href":"https:\/\/oexpressobr.com.br\/index.php?rest_route=\/wp\/v2\/types\/post"}],"author":[{"embeddable":true,"href":"https:\/\/oexpressobr.com.br\/index.php?rest_route=\/wp\/v2\/users\/1"}],"replies":[{"embeddable":true,"href":"https:\/\/oexpressobr.com.br\/index.php?rest_route=%2Fwp%2Fv2%2Fcomments&post=4609"}],"version-history":[{"count":1,"href":"https:\/\/oexpressobr.com.br\/index.php?rest_route=\/wp\/v2\/posts\/4609\/revisions"}],"predecessor-version":[{"id":4611,"href":"https:\/\/oexpressobr.com.br\/index.php?rest_route=\/wp\/v2\/posts\/4609\/revisions\/4611"}],"wp:featuredmedia":[{"embeddable":true,"href":"https:\/\/oexpressobr.com.br\/index.php?rest_route=\/wp\/v2\/media\/4610"}],"wp:attachment":[{"href":"https:\/\/oexpressobr.com.br\/index.php?rest_route=%2Fwp%2Fv2%2Fmedia&parent=4609"}],"wp:term":[{"taxonomy":"category","embeddable":true,"href":"https:\/\/oexpressobr.com.br\/index.php?rest_route=%2Fwp%2Fv2%2Fcategories&post=4609"},{"taxonomy":"post_tag","embeddable":true,"href":"https:\/\/oexpressobr.com.br\/index.php?rest_route=%2Fwp%2Fv2%2Ftags&post=4609"}],"curies":[{"name":"wp","href":"https:\/\/api.w.org\/{rel}","templated":true}]}}