{"id":461,"date":"2025-12-09T08:21:55","date_gmt":"2025-12-09T11:21:55","guid":{"rendered":"https:\/\/oexpressobr.com.br\/?p=461"},"modified":"2025-12-09T08:21:55","modified_gmt":"2025-12-09T11:21:55","slug":"familia-venezuelana-de-seis-pessoas-morre-em-colisao-frontal-entre-carro-e-onibus-na-pr-490","status":"publish","type":"post","link":"https:\/\/oexpressobr.com.br\/?p=461","title":{"rendered":"Fam\u00edlia Venezuelana De Seis Pessoas Morre Em Colis\u00e3o Frontal Entre Carro E \u00d4nibus Na PR-490"},"content":{"rendered":"\n<p class=\"wp-block-paragraph\">Uma trag\u00e9dia na rodovia PR-490, entre Francisco Alves e Alt\u00f4nia, no noroeste do Paran\u00e1, resultou na morte de uma fam\u00edlia de venezuelanos composta por seis pessoas na madrugada do \u00faltimo s\u00e1bado, 6 de dezembro de 2025. As v\u00edtimas, que estavam em um carro de passeio, morreram ap\u00f3s uma colis\u00e3o frontal com um \u00f4nibus que transportava trabalhadores.<\/p>\n\n\n\n<p class=\"wp-block-paragraph\">\u200bSegundo informa\u00e7\u00f5es atualizadas pela Pol\u00edcia Cient\u00edfica e Pol\u00edcia Rodovi\u00e1ria Estadual (PRE), as v\u00edtimas fatais s\u00e3o dois adultos, um adolescente e tr\u00eas crian\u00e7as, totalizando seis mortos \u2014 seis pessoas que estavam no carro. A PRE havia informado inicialmente o n\u00famero de cinco mortes no local, com a sexta v\u00edtima, um menino de 10 anos, sendo socorrido, mas falecendo logo ap\u00f3s, antes de ser transferido.<\/p>\n\n\n\n<h3 class=\"wp-block-heading\">\u200bDetalhes das V\u00edtimas e Do Acidente<\/h3>\n\n\n\n<p class=\"wp-block-paragraph\">\u200bA fam\u00edlia, que residia em Ipor\u00e3, foi identificada como sendo de origem venezuelana. A m\u00e3e, <strong>Leudis Oca<\/strong>, de 39 anos, e seus quatro filhos, al\u00e9m de <strong>Manuel Ant\u00f4nio Lascano Betancourt<\/strong>, de 42 anos, que conduzia o ve\u00edculo, est\u00e3o entre as v\u00edtimas. O motorista do \u00f4nibus, que levava cerca de 30 trabalhadores de uma cooperativa, sofreu apenas ferimentos leves, e nenhum dos passageiros do coletivo se feriu.<\/p>\n\n\n\n<p class=\"wp-block-paragraph\">\u200bO acidente ocorreu por volta das 3h20 da manh\u00e3, em um trecho de reta da rodovia. De acordo com o relato do motorista do \u00f4nibus \u00e0 pol\u00edcia, o carro, um Volkswagen Gol, teria invadido a pista contr\u00e1ria, causando a violenta colis\u00e3o. O impacto foi t\u00e3o forte que o ve\u00edculo de passeio ficou completamente destru\u00eddo.<\/p>\n\n\n\n<h3 class=\"wp-block-heading\">\u200bComo\u00e7\u00e3o e Sepultamento<\/h3>\n\n\n\n<p class=\"wp-block-paragraph\">\u200bA not\u00edcia da morte de toda a fam\u00edlia gerou grande como\u00e7\u00e3o entre amigos e vizinhos em Ipor\u00e3 e S\u00e3o Jorge do Patroc\u00ednio. O sepultamento da m\u00e3e e de quatro dos filhos ocorreu no domingo (7) em Ipor\u00e3. O corpo de Manuel Betancourt foi enterrado em S\u00e3o Jorge do Patroc\u00ednio.<\/p>\n\n\n\n<p class=\"wp-block-paragraph\">\u200bA Pol\u00edcia Civil do Paran\u00e1 est\u00e1 investigando as causas e a din\u00e2mica do acidente, e a PRE aguarda o resultado da per\u00edcia para concluir o inqu\u00e9rito. A fatalidade levanta novamente a discuss\u00e3o sobre a seguran\u00e7a nas rodovias estaduais e a prud\u00eancia no tr\u00e2nsito, em especial em trechos de maior movimento.<\/p>\n","protected":false},"excerpt":{"rendered":"<p>Uma trag\u00e9dia na rodovia PR-490, entre Francisco Alves e Alt\u00f4nia, no noroeste do Paran\u00e1, resultou na morte de uma fam\u00edlia de venezuelanos composta por seis [&#8230;]<\/p>\n","protected":false},"author":1,"featured_media":462,"comment_status":"open","ping_status":"open","sticky":false,"template":"","format":"standard","meta":{"_crdt_document":"","_jetpack_memberships_contains_paid_content":false,"footnotes":"","jetpack_publicize_message":"","jetpack_publicize_feature_enabled":true,"jetpack_social_post_already_shared":false,"jetpack_social_options":{"image_generator_settings":{"template":"highway","default_image_id":0,"font":"","enabled":false},"version":2}},"categories":[5],"tags":[],"class_list":["post-461","post","type-post","status-publish","format-standard","has-post-thumbnail","hentry","category-parana"],"jetpack_publicize_connections":[],"jetpack_featured_media_url":"https:\/\/i0.wp.com\/oexpressobr.com.br\/wp-content\/uploads\/2025\/12\/dd95fa4e-7714-4f23-b83d-c635b427c0d5.jpg?fit=984%2C738&ssl=1","jetpack_likes_enabled":true,"jetpack_sharing_enabled":true,"_links":{"self":[{"href":"https:\/\/oexpressobr.com.br\/index.php?rest_route=\/wp\/v2\/posts\/461","targetHints":{"allow":["GET"]}}],"collection":[{"href":"https:\/\/oexpressobr.com.br\/index.php?rest_route=\/wp\/v2\/posts"}],"about":[{"href":"https:\/\/oexpressobr.com.br\/index.php?rest_route=\/wp\/v2\/types\/post"}],"author":[{"embeddable":true,"href":"https:\/\/oexpressobr.com.br\/index.php?rest_route=\/wp\/v2\/users\/1"}],"replies":[{"embeddable":true,"href":"https:\/\/oexpressobr.com.br\/index.php?rest_route=%2Fwp%2Fv2%2Fcomments&post=461"}],"version-history":[{"count":0,"href":"https:\/\/oexpressobr.com.br\/index.php?rest_route=\/wp\/v2\/posts\/461\/revisions"}],"wp:featuredmedia":[{"embeddable":true,"href":"https:\/\/oexpressobr.com.br\/index.php?rest_route=\/wp\/v2\/media\/462"}],"wp:attachment":[{"href":"https:\/\/oexpressobr.com.br\/index.php?rest_route=%2Fwp%2Fv2%2Fmedia&parent=461"}],"wp:term":[{"taxonomy":"category","embeddable":true,"href":"https:\/\/oexpressobr.com.br\/index.php?rest_route=%2Fwp%2Fv2%2Fcategories&post=461"},{"taxonomy":"post_tag","embeddable":true,"href":"https:\/\/oexpressobr.com.br\/index.php?rest_route=%2Fwp%2Fv2%2Ftags&post=461"}],"curies":[{"name":"wp","href":"https:\/\/api.w.org\/{rel}","templated":true}]}}