{"id":4612,"date":"2026-02-24T15:39:17","date_gmt":"2026-02-24T18:39:17","guid":{"rendered":"https:\/\/oexpressobr.com.br\/?p=4612"},"modified":"2026-02-24T15:39:21","modified_gmt":"2026-02-24T18:39:21","slug":"alexandre-curi-reforca-pre-candidatura-ao-governo-apos-isolar-greca-no-psd","status":"publish","type":"post","link":"https:\/\/oexpressobr.com.br\/?p=4612","title":{"rendered":"ALEXANDRE CURI refor\u00e7a pr\u00e9-candidatura ao governo ap\u00f3s isolar Greca no PSD"},"content":{"rendered":"\n<p class=\"wp-block-paragraph\">\u200bO cen\u00e1rio sucess\u00f3rio no Paran\u00e1 ganhou novos contornos nesta segunda quinzena de fevereiro. O presidente da Assembleia Legislativa do Paran\u00e1 (Alep), <strong>Alexandre Curi (PSD)<\/strong>, aproveitou sua agenda oficial no interior do estado para enviar um recado claro ao centro do poder: sua candidatura ao Pal\u00e1cio Igua\u00e7u \u00e9 irrevers\u00edvel, mesmo sob o risco de uma troca de partido.<\/p>\n\n\n\n<p class=\"wp-block-paragraph\">\u200bDurante a inaugura\u00e7\u00e3o do <strong>Poupatempo em Campo Mour\u00e3o<\/strong>, na \u00faltima sexta-feira (20), Curi demonstrou que a articula\u00e7\u00e3o pol\u00edtica n\u00e3o parou durante o recesso. Ao lado de lideran\u00e7as regionais e do governador em exerc\u00edcio, Darci Piana, o parlamentar reafirmou a aliados e \u00e0 imprensa local que mant\u00e9m o foco na disputa de 2026, buscando consolidar o apoio do governador <strong>Carlos Massa Ratinho Junior (PSD)<\/strong>.<\/p>\n\n\n\n<h3 class=\"wp-block-heading\">\u200bO isolamento de Rafael Greca e o &#8220;Tabu do PSD&#8221;<\/h3>\n\n\n\n<p class=\"wp-block-paragraph\">\u200bA movimenta\u00e7\u00e3o de Curi ocorre em um momento estrat\u00e9gico de isolamento de <strong>Rafael Greca (PSD)<\/strong> dentro da sigla. Embora o ex-prefeito de Curitiba ainda pontue bem em pesquisas de inten\u00e7\u00e3o de voto devido \u00e0 sua alta popularidade na capital, ele tem sido sistematicamente &#8220;escanteado&#8221; das discuss\u00f5es principais do n\u00facleo duro do governo estadual.<\/p>\n\n\n\n<ul class=\"wp-block-list\">\n<li>\u200b<strong>A &#8220;Terceira Via&#8221; de Greca:<\/strong> Com o espa\u00e7o reduzido no PSD, crescem os rumores de que Greca possa migrar para o <strong>MDB<\/strong> ou <strong>Podemos<\/strong> para viabilizar sua candidatura.<\/li>\n\n\n\n<li>\u200b<strong>A Unidade de Ratinho Junior:<\/strong> O governador Ratinho Junior enfrenta o dilema de manter o grupo unido enquanto flerta com voos nacionais. A prefer\u00eancia interna parece pender para nomes mais &#8220;de grupo&#8221;, como o pr\u00f3prio Curi ou o secret\u00e1rio das Cidades, <strong>Guto Silva<\/strong>.<\/li>\n<\/ul>\n\n\n\n<h3 class=\"wp-block-heading\">\u200bO fator Republicanos e a poss\u00edvel mudan\u00e7a de partido<\/h3>\n\n\n\n<p class=\"wp-block-paragraph\">\u200bApesar de declarar esperan\u00e7a no apoio oficial do PSD, Alexandre Curi n\u00e3o descarta um &#8220;Plano B&#8221;. Informa\u00e7\u00f5es de bastidores indicam que o <strong>Republicanos<\/strong> j\u00e1 estendeu o tapete vermelho para o deputado. Uma eventual migra\u00e7\u00e3o de Curi para a legenda poderia ocorrer em sintonia com os movimentos nacionais de Ratinho Junior, especialmente se o governador precisar de uma base partid\u00e1ria alternativa para uma candidatura \u00e0 Presid\u00eancia ou ao Senado.<\/p>\n\n\n\n<blockquote class=\"wp-block-quote is-layout-flow wp-block-quote-is-layout-flow\">\n<p class=\"wp-block-paragraph\">\u200b&#8221;Vou continuar articulando. O projeto \u00e9 dar continuidade ao que o Paran\u00e1 construiu nos \u00faltimos anos, e espero que seja dentro do grupo liderado pelo governador&#8221;, afirmou Curi em conversas reservadas durante o evento em Campo Mour\u00e3o.<\/p>\n<\/blockquote>\n\n\n\n<h3 class=\"wp-block-heading\">\u200bDesafios no horizonte<\/h3>\n\n\n\n<p class=\"wp-block-paragraph\">\u200bCuri agora corre contra o tempo para elevar seu n\u00edvel de conhecimento junto ao eleitorado do interior, onde ainda enfrenta a concorr\u00eancia indireta de nomes como <strong>Sergio Moro (Uni\u00e3o)<\/strong>, que lidera algumas simula\u00e7\u00f5es. A estrat\u00e9gia de &#8220;p\u00e9 na estrada&#8221;, iniciada com as inaugura\u00e7\u00f5es do Poupatempo, \u00e9 a aposta do deputado para se tornar o nome natural da sucess\u00e3o.<\/p>\n\n\n\n<p class=\"wp-block-paragraph\">\u200b<strong>O que vem a seguir:<\/strong><\/p>\n\n\n\n<p class=\"wp-block-paragraph\">O m\u00eas de mar\u00e7o ser\u00e1 decisivo, com o fechamento da janela partid\u00e1ria e a defini\u00e7\u00e3o oficial dos blocos de apoio. Ratinho Junior, que goza de mais de 80% de aprova\u00e7\u00e3o, ter\u00e1 a palavra final sobre quem herdar\u00e1 sua estrutura de campanha.<\/p>\n","protected":false},"excerpt":{"rendered":"<p>\u200bO cen\u00e1rio sucess\u00f3rio no Paran\u00e1 ganhou novos contornos nesta segunda quinzena de fevereiro. O presidente da Assembleia Legislativa do Paran\u00e1 (Alep), Alexandre Curi (PSD), aproveitou [&#8230;]<\/p>\n","protected":false},"author":1,"featured_media":4613,"comment_status":"open","ping_status":"open","sticky":false,"template":"","format":"standard","meta":{"_crdt_document":"","_jetpack_memberships_contains_paid_content":false,"footnotes":"","jetpack_publicize_message":"","jetpack_publicize_feature_enabled":true,"jetpack_social_post_already_shared":true,"jetpack_social_options":{"image_generator_settings":{"template":"highway","default_image_id":0,"font":"","enabled":false},"version":2}},"categories":[7],"tags":[],"class_list":["post-4612","post","type-post","status-publish","format-standard","has-post-thumbnail","hentry","category-politica"],"jetpack_publicize_connections":[],"jetpack_featured_media_url":"https:\/\/i0.wp.com\/oexpressobr.com.br\/wp-content\/uploads\/2026\/02\/Alexandre-Curi-Antonio-Carlos-e-Douglas-Fabricio.jpg?fit=700%2C523&ssl=1","jetpack_likes_enabled":true,"jetpack_sharing_enabled":true,"_links":{"self":[{"href":"https:\/\/oexpressobr.com.br\/index.php?rest_route=\/wp\/v2\/posts\/4612","targetHints":{"allow":["GET"]}}],"collection":[{"href":"https:\/\/oexpressobr.com.br\/index.php?rest_route=\/wp\/v2\/posts"}],"about":[{"href":"https:\/\/oexpressobr.com.br\/index.php?rest_route=\/wp\/v2\/types\/post"}],"author":[{"embeddable":true,"href":"https:\/\/oexpressobr.com.br\/index.php?rest_route=\/wp\/v2\/users\/1"}],"replies":[{"embeddable":true,"href":"https:\/\/oexpressobr.com.br\/index.php?rest_route=%2Fwp%2Fv2%2Fcomments&post=4612"}],"version-history":[{"count":1,"href":"https:\/\/oexpressobr.com.br\/index.php?rest_route=\/wp\/v2\/posts\/4612\/revisions"}],"predecessor-version":[{"id":4614,"href":"https:\/\/oexpressobr.com.br\/index.php?rest_route=\/wp\/v2\/posts\/4612\/revisions\/4614"}],"wp:featuredmedia":[{"embeddable":true,"href":"https:\/\/oexpressobr.com.br\/index.php?rest_route=\/wp\/v2\/media\/4613"}],"wp:attachment":[{"href":"https:\/\/oexpressobr.com.br\/index.php?rest_route=%2Fwp%2Fv2%2Fmedia&parent=4612"}],"wp:term":[{"taxonomy":"category","embeddable":true,"href":"https:\/\/oexpressobr.com.br\/index.php?rest_route=%2Fwp%2Fv2%2Fcategories&post=4612"},{"taxonomy":"post_tag","embeddable":true,"href":"https:\/\/oexpressobr.com.br\/index.php?rest_route=%2Fwp%2Fv2%2Ftags&post=4612"}],"curies":[{"name":"wp","href":"https:\/\/api.w.org\/{rel}","templated":true}]}}