{"id":4615,"date":"2026-02-24T15:50:18","date_gmt":"2026-02-24T18:50:18","guid":{"rendered":"https:\/\/oexpressobr.com.br\/?p=4615"},"modified":"2026-02-24T15:50:21","modified_gmt":"2026-02-24T18:50:21","slug":"alvaro-dias-recua-e-deve-trocar-disputa-pelo-senado-ou-governo-por-vaga-na-camara-federal","status":"publish","type":"post","link":"https:\/\/oexpressobr.com.br\/?p=4615","title":{"rendered":"ALVARO DIAS recua e deve trocar disputa pelo Senado ou Governo por vaga na C\u00e2mara Federal"},"content":{"rendered":"\n<p class=\"wp-block-paragraph\">\u200bO cen\u00e1rio pol\u00edtico paranaense sofreu uma reviravolta importante nesta semana. O ex-governador e ex-senador <strong>Alvaro Dias (MDB)<\/strong>, que at\u00e9 ent\u00e3o era ventilado como um dos nomes fortes para o Governo do Estado ou para o retorno ao Senado Federal, deve mudar o rumo de sua estrat\u00e9gia pol\u00edtica. Informa\u00e7\u00f5es de bastidores e publica\u00e7\u00f5es recentes indicam que o veterano agora avalia disputar uma cadeira na <strong>C\u00e2mara dos Deputados<\/strong>, em Bras\u00edlia.<\/p>\n\n\n\n<h3 class=\"wp-block-heading\">\u200bOs motivos do recuo<\/h3>\n\n\n\n<p class=\"wp-block-paragraph\">\u200bA mudan\u00e7a de planos n\u00e3o ocorre ao acaso. Segundo analistas pol\u00edticos e fontes pr\u00f3ximas ao MDB do Paran\u00e1, a pr\u00e9-candidatura de Alvaro ao Senado vinha perdendo tra\u00e7\u00e3o dentro da pr\u00f3pria legenda e no arco de alian\u00e7as estadual. Os principais pontos que pesaram na decis\u00e3o incluem:<\/p>\n\n\n\n<ul class=\"wp-block-list\">\n<li>\u200b<strong>Falta de apoio de Ratinho Junior:<\/strong> O governador Carlos Massa Ratinho Junior (PSD) possui seus pr\u00f3prios aliados e nomes priorit\u00e1rios para as duas vagas que estar\u00e3o em disputa para o Senado em 2026. Sem a &#8220;ben\u00e7\u00e3o&#8221; do Pal\u00e1cio Igua\u00e7u, a viabilidade de uma candidatura majorit\u00e1ria de Alvaro torna-se muito mais complexa e arriscada.<\/li>\n\n\n\n<li>\u200b<strong>Risco Eleitoral:<\/strong> Ap\u00f3s n\u00e3o conseguir a reelei\u00e7\u00e3o ao Senado em 2022, Alvaro Dias estaria adotando uma postura mais pragm\u00e1tica. Aos 81 anos, o pol\u00edtico entende que uma nova derrota em uma elei\u00e7\u00e3o majorit\u00e1ria (Senado ou Governo) poderia representar um fim de carreira precoce e indesejado.<\/li>\n\n\n\n<li>\u200b<strong>Fortalecimento da Bancada:<\/strong> No MDB, a avalia\u00e7\u00e3o \u00e9 que Alvaro Dias como candidato a deputado federal funcionaria como um &#8220;puxador de votos&#8221; de luxo, ajudando o partido a eleger uma bancada maior e garantindo a ele uma cadeira influente no Congresso Nacional.<\/li>\n<\/ul>\n\n\n\n<h3 class=\"wp-block-heading\">\u200bO &#8220;fator&#8221; bastidores<\/h3>\n\n\n\n<p class=\"wp-block-paragraph\">\u200bApesar do seu hist\u00f3rico de d\u00e9cadas na vida p\u00fablica, o coment\u00e1rio que circula nos corredores da pol\u00edtica paranaense \u00e9 de que o ex-senador teria &#8220;amarelado&#8221; diante de uma disputa que promete ser sangrenta. Nomes como o atual senador <strong>Sergio Moro (Uni\u00e3o Brasil)<\/strong> \u2014 que lidera pesquisas para o Governo \u2014 e outros aliados de Ratinho Junior para o Senado, como <strong>Alexandre Curi<\/strong> e <strong>Rafael Greca<\/strong>, criam um afunilamento que deixa pouco espa\u00e7o para candidaturas isoladas.<\/p>\n\n\n\n<h3 class=\"wp-block-heading\">\u200b\u00daltimas atualiza\u00e7\u00f5es (Fevereiro de 2026)<\/h3>\n\n\n\n<p class=\"wp-block-paragraph\">\u200bA movimenta\u00e7\u00e3o de Alvaro para o MDB no final do ano passado foi estrat\u00e9gica, mas a realidade partid\u00e1ria imp\u00f4s limites. O partido hoje busca composi\u00e7\u00f5es:<\/p>\n\n\n\n<ol class=\"wp-block-list\">\n<li>\u200bH\u00e1 conversas para o MDB indicar o <strong>vice<\/strong> na chapa de Alexandre Curi (PSD) ao Governo.<\/li>\n\n\n\n<li>\u200bNesse arranjo, o espa\u00e7o para Alvaro no Senado fica reduzido, restando a ele a lideran\u00e7a de uma chapa proporcional competitiva para a C\u00e2mara Federal.<\/li>\n<\/ol>\n","protected":false},"excerpt":{"rendered":"<p>\u200bO cen\u00e1rio pol\u00edtico paranaense sofreu uma reviravolta importante nesta semana. O ex-governador e ex-senador Alvaro Dias (MDB), que at\u00e9 ent\u00e3o era ventilado como um dos [&#8230;]<\/p>\n","protected":false},"author":1,"featured_media":4616,"comment_status":"open","ping_status":"open","sticky":false,"template":"","format":"standard","meta":{"_crdt_document":"","_jetpack_memberships_contains_paid_content":false,"footnotes":"","jetpack_publicize_message":"","jetpack_publicize_feature_enabled":true,"jetpack_social_post_already_shared":true,"jetpack_social_options":{"image_generator_settings":{"template":"highway","default_image_id":0,"font":"","enabled":false},"version":2}},"categories":[7],"tags":[],"class_list":["post-4615","post","type-post","status-publish","format-standard","has-post-thumbnail","hentry","category-politica"],"jetpack_publicize_connections":[],"jetpack_featured_media_url":"https:\/\/i0.wp.com\/oexpressobr.com.br\/wp-content\/uploads\/2026\/02\/Batatinha-e-Alvaro-Dias.jpg?fit=700%2C590&ssl=1","jetpack_likes_enabled":true,"jetpack_sharing_enabled":true,"_links":{"self":[{"href":"https:\/\/oexpressobr.com.br\/index.php?rest_route=\/wp\/v2\/posts\/4615","targetHints":{"allow":["GET"]}}],"collection":[{"href":"https:\/\/oexpressobr.com.br\/index.php?rest_route=\/wp\/v2\/posts"}],"about":[{"href":"https:\/\/oexpressobr.com.br\/index.php?rest_route=\/wp\/v2\/types\/post"}],"author":[{"embeddable":true,"href":"https:\/\/oexpressobr.com.br\/index.php?rest_route=\/wp\/v2\/users\/1"}],"replies":[{"embeddable":true,"href":"https:\/\/oexpressobr.com.br\/index.php?rest_route=%2Fwp%2Fv2%2Fcomments&post=4615"}],"version-history":[{"count":1,"href":"https:\/\/oexpressobr.com.br\/index.php?rest_route=\/wp\/v2\/posts\/4615\/revisions"}],"predecessor-version":[{"id":4617,"href":"https:\/\/oexpressobr.com.br\/index.php?rest_route=\/wp\/v2\/posts\/4615\/revisions\/4617"}],"wp:featuredmedia":[{"embeddable":true,"href":"https:\/\/oexpressobr.com.br\/index.php?rest_route=\/wp\/v2\/media\/4616"}],"wp:attachment":[{"href":"https:\/\/oexpressobr.com.br\/index.php?rest_route=%2Fwp%2Fv2%2Fmedia&parent=4615"}],"wp:term":[{"taxonomy":"category","embeddable":true,"href":"https:\/\/oexpressobr.com.br\/index.php?rest_route=%2Fwp%2Fv2%2Fcategories&post=4615"},{"taxonomy":"post_tag","embeddable":true,"href":"https:\/\/oexpressobr.com.br\/index.php?rest_route=%2Fwp%2Fv2%2Ftags&post=4615"}],"curies":[{"name":"wp","href":"https:\/\/api.w.org\/{rel}","templated":true}]}}