{"id":4618,"date":"2026-02-24T16:01:51","date_gmt":"2026-02-24T19:01:51","guid":{"rendered":"https:\/\/oexpressobr.com.br\/?p=4618"},"modified":"2026-02-24T16:03:59","modified_gmt":"2026-02-24T19:03:59","slug":"ratinho-junior-defende-endurecimento-penal-apos-crime-contra-freira-e-recebe-criticas-por-atuacao-na-seguranca","status":"publish","type":"post","link":"https:\/\/oexpressobr.com.br\/?p=4618","title":{"rendered":"Ratinho J\u00fanior defende endurecimento penal ap\u00f3s crime contra freira e recebe cr\u00edticas por atua\u00e7\u00e3o na seguran\u00e7a"},"content":{"rendered":"\n<p class=\"wp-block-paragraph\">O governador do Paran\u00e1, <strong>Carlos Massa Ratinho J\u00fanior (PSD)<\/strong>, utilizou suas redes sociais nesta semana para cobrar uma reforma profunda na legisla\u00e7\u00e3o penal brasileira. O gatilho para o posicionamento foi o assassinato da freira <strong>Nadia Gavanski<\/strong>, de 82 anos, ocorrido em Iva\u00ed, nos Campos Gerais. O crime, que chocou o estado, serviu de plataforma para que o governador criticasse o sistema que permite a progress\u00e3o de regime ap\u00f3s o cumprimento de apenas um sexto da pena em certos casos.<\/p>\n\n\n\n<h3 class=\"wp-block-heading\">\u200bO Contexto do Posicionamento<\/h3>\n\n\n\n<p class=\"wp-block-paragraph\">\u200bRatinho J\u00fanior defende que crimes hediondos e graves recebam <strong>penas rigorosas<\/strong> e sem os benef\u00edcios de sa\u00edda antecipada. Em sua fala, o governador destacou a sensa\u00e7\u00e3o de impunidade gerada pelo atual C\u00f3digo Penal, sugerindo que a legisla\u00e7\u00e3o brasileira \u00e9 &#8220;frouxa&#8221; e favorece a reincid\u00eancia criminal.<\/p>\n\n\n\n<h3 class=\"wp-block-heading\">\u200bContradi\u00e7\u00f5es e Embate Pol\u00edtico<\/h3>\n\n\n\n<p class=\"wp-block-paragraph\">\u200bA movimenta\u00e7\u00e3o do governador, entretanto, n\u00e3o passou ilesa de cr\u00edticas. Setores da oposi\u00e7\u00e3o e analistas pol\u00edticos apontam uma mudan\u00e7a de postura motivada por ambi\u00e7\u00f5es eleitorais, j\u00e1 que Ratinho J\u00fanior \u00e9 um dos nomes cotados para a <strong>disputa presidencial<\/strong>.<\/p>\n\n\n\n<ul class=\"wp-block-list\">\n<li>\u200b<strong>Sil\u00eancio no Legislativo:<\/strong> Cr\u00edticos relembram que, durante seus mandatos como deputado federal, Ratinho J\u00fanior n\u00e3o teve a seguran\u00e7a p\u00fablica como sua principal bandeira de reforma legislativa, mantendo um perfil mais discreto sobre o tema no Congresso Nacional.<\/li>\n\n\n\n<li>\u200b<strong>Gest\u00e3o Estadual:<\/strong> No Paran\u00e1, embora o governo exalte investimentos em viaturas e tecnologia, \u00edndices de criminalidade em cidades do interior e a situa\u00e7\u00e3o do sistema carcer\u00e1rio estadual s\u00e3o alvos constantes de questionamentos por parte de sindicatos de policiais e entidades de direitos humanos.<\/li>\n<\/ul>\n\n\n\n<h3 class=\"wp-block-heading\">\u200bCen\u00e1rio Nacional<\/h3>\n\n\n\n<p class=\"wp-block-paragraph\">\u200bA estrat\u00e9gia de focar na seguran\u00e7a p\u00fablica coloca o governador do Paran\u00e1 em alinhamento com uma pauta conservadora que deve dominar o debate eleitoral nos pr\u00f3ximos anos. Ao personificar a indigna\u00e7\u00e3o popular frente a crimes b\u00e1rbaros, como o de Iva\u00ed, ele busca consolidar sua imagem como um gestor de &#8220;m\u00e3o dura&#8221;, contrastando com as pol\u00edticas do governo federal.<\/p>\n\n\n\n<blockquote class=\"wp-block-quote is-layout-flow wp-block-quote-is-layout-flow\">\n<p class=\"wp-block-paragraph\">\u200b<strong>Nota do Editor:<\/strong> O debate sobre a maioridade penal e a reforma do C\u00f3digo Penal segue parado no Congresso, enquanto governadores de oposi\u00e7\u00e3o ao Governo Federal tentam nacionalizar o debate sobre a inseguran\u00e7a p\u00fablica.<\/p>\n<\/blockquote>\n","protected":false},"excerpt":{"rendered":"<p>O governador do Paran\u00e1, Carlos Massa Ratinho J\u00fanior (PSD), utilizou suas redes sociais nesta semana para cobrar uma reforma profunda na legisla\u00e7\u00e3o penal brasileira. O [&#8230;]<\/p>\n","protected":false},"author":1,"featured_media":4619,"comment_status":"open","ping_status":"open","sticky":false,"template":"","format":"standard","meta":{"_crdt_document":"","_jetpack_memberships_contains_paid_content":false,"footnotes":"","jetpack_publicize_message":"","jetpack_publicize_feature_enabled":true,"jetpack_social_post_already_shared":true,"jetpack_social_options":{"image_generator_settings":{"template":"highway","default_image_id":0,"font":"","enabled":false},"version":2}},"categories":[7],"tags":[],"class_list":["post-4618","post","type-post","status-publish","format-standard","has-post-thumbnail","hentry","category-politica"],"jetpack_publicize_connections":[],"jetpack_featured_media_url":"https:\/\/i0.wp.com\/oexpressobr.com.br\/wp-content\/uploads\/2026\/02\/Ratinho-Junior-1.jpg?fit=700%2C466&ssl=1","jetpack_likes_enabled":true,"jetpack_sharing_enabled":true,"_links":{"self":[{"href":"https:\/\/oexpressobr.com.br\/index.php?rest_route=\/wp\/v2\/posts\/4618","targetHints":{"allow":["GET"]}}],"collection":[{"href":"https:\/\/oexpressobr.com.br\/index.php?rest_route=\/wp\/v2\/posts"}],"about":[{"href":"https:\/\/oexpressobr.com.br\/index.php?rest_route=\/wp\/v2\/types\/post"}],"author":[{"embeddable":true,"href":"https:\/\/oexpressobr.com.br\/index.php?rest_route=\/wp\/v2\/users\/1"}],"replies":[{"embeddable":true,"href":"https:\/\/oexpressobr.com.br\/index.php?rest_route=%2Fwp%2Fv2%2Fcomments&post=4618"}],"version-history":[{"count":1,"href":"https:\/\/oexpressobr.com.br\/index.php?rest_route=\/wp\/v2\/posts\/4618\/revisions"}],"predecessor-version":[{"id":4620,"href":"https:\/\/oexpressobr.com.br\/index.php?rest_route=\/wp\/v2\/posts\/4618\/revisions\/4620"}],"wp:featuredmedia":[{"embeddable":true,"href":"https:\/\/oexpressobr.com.br\/index.php?rest_route=\/wp\/v2\/media\/4619"}],"wp:attachment":[{"href":"https:\/\/oexpressobr.com.br\/index.php?rest_route=%2Fwp%2Fv2%2Fmedia&parent=4618"}],"wp:term":[{"taxonomy":"category","embeddable":true,"href":"https:\/\/oexpressobr.com.br\/index.php?rest_route=%2Fwp%2Fv2%2Fcategories&post=4618"},{"taxonomy":"post_tag","embeddable":true,"href":"https:\/\/oexpressobr.com.br\/index.php?rest_route=%2Fwp%2Fv2%2Ftags&post=4618"}],"curies":[{"name":"wp","href":"https:\/\/api.w.org\/{rel}","templated":true}]}}