{"id":4621,"date":"2026-02-24T16:12:25","date_gmt":"2026-02-24T19:12:25","guid":{"rendered":"https:\/\/oexpressobr.com.br\/?p=4621"},"modified":"2026-02-24T16:12:28","modified_gmt":"2026-02-24T19:12:28","slug":"saida-de-sergio-moro-da-disputa-ao-governo-do-parana-beneficiaria-alexandre-curi-e-guto-silva","status":"publish","type":"post","link":"https:\/\/oexpressobr.com.br\/?p=4621","title":{"rendered":"Sa\u00edda de Sergio Moro da disputa ao governo do Paran\u00e1 beneficiaria Alexandre Curi e Guto Silva"},"content":{"rendered":"\n<p class=\"wp-block-paragraph\">\u200bA movimenta\u00e7\u00e3o nos bastidores da capital paranaense indica uma mudan\u00e7a significativa no tabuleiro eleitoral para 2026. A poss\u00edvel desidrata\u00e7\u00e3o da candidatura do senador Sergio Moro (Uni\u00e3o Brasil) ao Pal\u00e1cio Igua\u00e7u tem alimentado as expectativas do grupo pol\u00edtico ligado ao atual governador Carlos Massa Ratinho Junior (PSD). Caso Moro n\u00e3o consolide sua indica\u00e7\u00e3o pela federa\u00e7\u00e3o entre Uni\u00e3o Brasil e Progressistas, o duelo pelas urnas deve se concentrar entre dois nomes de peso da base governista: o presidente da Assembleia Legislativa do Paran\u00e1 (Alep), Alexandre Curi, e o secret\u00e1rio das Cidades, Guto Silva.<\/p>\n\n\n\n<h3 class=\"wp-block-heading\">\u200bO impasse na federa\u00e7\u00e3o e o &#8220;fator Moro&#8221;<\/h3>\n\n\n\n<p class=\"wp-block-paragraph\">\u200bA pr\u00e9-candidatura de Sergio Moro, embora lidere as pesquisas de inten\u00e7\u00e3o de voto em diversos cen\u00e1rios, enfrenta uma crise interna na rec\u00e9m-formada federa\u00e7\u00e3o &#8220;Uni\u00e3o Progressista&#8221;. Recentemente, o diret\u00f3rio estadual do Progressistas (PP), sob influ\u00eancia de Ricardo Barros, manifestou rejei\u00e7\u00e3o ao nome do ex-juiz, criando um impasse jur\u00eddico e pol\u00edtico. Como as federa\u00e7\u00f5es exigem candidaturas unificadas, a falta de consenso pode for\u00e7ar Moro a buscar outra alternativa ou at\u00e9 mesmo desistir do pleito estadual.<\/p>\n\n\n\n<p class=\"wp-block-paragraph\">\u200bEssa incerteza j\u00e1 provoca efeitos pr\u00e1ticos: prefeitos que antes orbitavam o PP t\u00eam migrado para o PSD, temendo ficar sem um palanque alinhado ao governo estadual.<\/p>\n\n\n\n<h3 class=\"wp-block-heading\">\u200bA disputa interna no PSD<\/h3>\n\n\n\n<p class=\"wp-block-paragraph\">\u200bCom o recuo estrat\u00e9gico de Moro, a aten\u00e7\u00e3o se volta totalmente para a sucess\u00e3o de Ratinho Junior. O governador, que goza de altos \u00edndices de aprova\u00e7\u00e3o, ainda n\u00e3o oficializou seu &#8220;escolhido&#8221;, mas Guto Silva e Alexandre Curi j\u00e1 aceleram suas movimenta\u00e7\u00f5es:<\/p>\n\n\n\n<ul class=\"wp-block-list\">\n<li>\u200b<strong>Guto Silva (PSD):<\/strong> Atual secret\u00e1rio das Cidades, Silva confirmou que deve deixar o cargo em abril para se dedicar integralmente \u00e0 pr\u00e9-candidatura. Ele se apresenta como o nome da &#8220;continuidade t\u00e9cnica&#8221; e da confian\u00e7a direta do governador.<\/li>\n\n\n\n<li>\u200b<strong>Alexandre Curi (PSD):<\/strong> O presidente da Alep det\u00e9m uma das maiores capilaridades pol\u00edticas do estado. Curi tem dialogado intensamente com lideran\u00e7as municipais e conta com o apoio de uma ampla base de deputados, posicionando-se como um articulador nato para manter a uni\u00e3o do grupo.<\/li>\n<\/ul>\n\n\n\n<h3 class=\"wp-block-heading\">\u200bCen\u00e1rio de indefini\u00e7\u00e3o<\/h3>\n\n\n\n<p class=\"wp-block-paragraph\">\u200bSe a sa\u00edda de Moro for confirmada, o desafio de Ratinho Junior ser\u00e1 evitar uma ruptura em sua base aliada. Enquanto o Uni\u00e3o Brasil de Antonio Rueda insiste na manuten\u00e7\u00e3o de Moro, o Progressistas de Ricardo Barros sinaliza que n\u00e3o abrir\u00e1 m\u00e3o de participar da decis\u00e3o sucess\u00f3ria.<\/p>\n\n\n\n<p class=\"wp-block-paragraph\">\u200bA expectativa \u00e9 que o an\u00fancio oficial sobre quem encabe\u00e7ar\u00e1 a chapa governista ocorra ap\u00f3s o per\u00edodo de desincompatibiliza\u00e7\u00e3o, em abril, definindo se o Paran\u00e1 ter\u00e1 um embate direto entre os dois principais &#8220;pupilos&#8221; do PSD ou se haver\u00e1 uma composi\u00e7\u00e3o de \u00faltima hora para evitar o confronto nas urnas.<\/p>\n","protected":false},"excerpt":{"rendered":"<p>\u200bA movimenta\u00e7\u00e3o nos bastidores da capital paranaense indica uma mudan\u00e7a significativa no tabuleiro eleitoral para 2026. A poss\u00edvel desidrata\u00e7\u00e3o da candidatura do senador Sergio Moro [&#8230;]<\/p>\n","protected":false},"author":1,"featured_media":4622,"comment_status":"open","ping_status":"open","sticky":false,"template":"","format":"standard","meta":{"_crdt_document":"","_jetpack_memberships_contains_paid_content":false,"footnotes":"","jetpack_publicize_message":"","jetpack_publicize_feature_enabled":true,"jetpack_social_post_already_shared":true,"jetpack_social_options":{"image_generator_settings":{"template":"highway","default_image_id":0,"font":"","enabled":false},"version":2}},"categories":[7],"tags":[],"class_list":["post-4621","post","type-post","status-publish","format-standard","has-post-thumbnail","hentry","category-politica"],"jetpack_publicize_connections":[],"jetpack_featured_media_url":"https:\/\/i0.wp.com\/oexpressobr.com.br\/wp-content\/uploads\/2026\/02\/Guto-Silva-e-Alexandre-Curi.jpg?fit=700%2C683&ssl=1","jetpack_likes_enabled":true,"jetpack_sharing_enabled":true,"_links":{"self":[{"href":"https:\/\/oexpressobr.com.br\/index.php?rest_route=\/wp\/v2\/posts\/4621","targetHints":{"allow":["GET"]}}],"collection":[{"href":"https:\/\/oexpressobr.com.br\/index.php?rest_route=\/wp\/v2\/posts"}],"about":[{"href":"https:\/\/oexpressobr.com.br\/index.php?rest_route=\/wp\/v2\/types\/post"}],"author":[{"embeddable":true,"href":"https:\/\/oexpressobr.com.br\/index.php?rest_route=\/wp\/v2\/users\/1"}],"replies":[{"embeddable":true,"href":"https:\/\/oexpressobr.com.br\/index.php?rest_route=%2Fwp%2Fv2%2Fcomments&post=4621"}],"version-history":[{"count":1,"href":"https:\/\/oexpressobr.com.br\/index.php?rest_route=\/wp\/v2\/posts\/4621\/revisions"}],"predecessor-version":[{"id":4623,"href":"https:\/\/oexpressobr.com.br\/index.php?rest_route=\/wp\/v2\/posts\/4621\/revisions\/4623"}],"wp:featuredmedia":[{"embeddable":true,"href":"https:\/\/oexpressobr.com.br\/index.php?rest_route=\/wp\/v2\/media\/4622"}],"wp:attachment":[{"href":"https:\/\/oexpressobr.com.br\/index.php?rest_route=%2Fwp%2Fv2%2Fmedia&parent=4621"}],"wp:term":[{"taxonomy":"category","embeddable":true,"href":"https:\/\/oexpressobr.com.br\/index.php?rest_route=%2Fwp%2Fv2%2Fcategories&post=4621"},{"taxonomy":"post_tag","embeddable":true,"href":"https:\/\/oexpressobr.com.br\/index.php?rest_route=%2Fwp%2Fv2%2Ftags&post=4621"}],"curies":[{"name":"wp","href":"https:\/\/api.w.org\/{rel}","templated":true}]}}