{"id":4631,"date":"2026-02-24T20:22:18","date_gmt":"2026-02-24T23:22:18","guid":{"rendered":"https:\/\/oexpressobr.com.br\/?p=4631"},"modified":"2026-02-24T20:22:21","modified_gmt":"2026-02-24T23:22:21","slug":"ponta-grossa-sob-descaso-ratinho-jr-e-deputados-ignoram-clamor-por-agua-potavel","status":"publish","type":"post","link":"https:\/\/oexpressobr.com.br\/?p=4631","title":{"rendered":"Ponta Grossa sob descaso: Ratinho Jr e deputados ignoram clamor por \u00e1gua pot\u00e1vel"},"content":{"rendered":"\n<p class=\"wp-block-paragraph\"><strong>PONTA GROSSA<\/strong> \u2013 A crise no abastecimento de \u00e1gua em Ponta Grossa atingiu um ponto de ruptura. Enquanto moradores relatam receber &#8220;\u00e1gua podre&#8221; em suas torneiras \u2014 com odor f\u00e9tido e colora\u00e7\u00e3o impr\u00f3pria \u2014, o governador Ratinho J\u00fanior (PSD) e sua base aliada na Assembleia Legislativa do Paran\u00e1 (ALEP) mant\u00eam um sil\u00eancio que ecoa como descaso nos bairros da cidade.<\/p>\n\n\n\n<p class=\"wp-block-paragraph\">\u200bO problema, que se arrasta h\u00e1 semanas, ganhou novos cap\u00edtulos de indigna\u00e7\u00e3o nesta segunda-feira (23). Al\u00e9m da qualidade deplor\u00e1vel do servi\u00e7o prestado pela Sanepar, a popula\u00e7\u00e3o agora lida com o &#8220;insulto financeiro&#8221;: faturas que chegam com valores dobrados ou at\u00e9 triplicados, apesar de o produto entregue ser inutiliz\u00e1vel para o consumo humano b\u00e1sico.<\/p>\n\n\n\n<h3 class=\"wp-block-heading\">\u200bManifesta\u00e7\u00e3o popular e inqu\u00e9rito no MP<\/h3>\n\n\n\n<p class=\"wp-block-paragraph\">\u200bA omiss\u00e3o pol\u00edtica tem gerado uma mobiliza\u00e7\u00e3o sem precedentes. Um grande protesto est\u00e1 agendado para esta quarta-feira (25), \u00e0s 13h30, em frente \u00e0 sede da Sanepar na rua Baldu\u00edno Taques. O movimento exige respostas claras e a suspens\u00e3o das tarifas abusivas.<\/p>\n\n\n\n<p class=\"wp-block-paragraph\">\u200bA gravidade do cen\u00e1rio obrigou o Minist\u00e9rio P\u00fablico do Paran\u00e1 (MP-PR) a intervir. O \u00f3rg\u00e3o abriu um inqu\u00e9rito para investigar a presen\u00e7a de microcrust\u00e1ceos e a altera\u00e7\u00e3o de odor e gosto na \u00e1gua distribu\u00edda. Paralelamente, o Conselho Municipal de Meio Ambiente (Condema) convocou a diretoria da companhia para explica\u00e7\u00f5es imediatas, mas at\u00e9 o momento, as respostas t\u00e9cnicas t\u00eam sido consideradas evasivas pela comunidade.<\/p>\n\n\n\n<h3 class=\"wp-block-heading\">\u200bO sil\u00eancio dos aliados<\/h3>\n\n\n\n<p class=\"wp-block-paragraph\">\u200bEmbora deputados da base governista, como Marcelo Rangel (PSD), tenham ensaiado cobran\u00e7as pontuais \u00e0 Sanepar nos \u00faltimos dias, a cr\u00edtica central recai sobre a falta de uma a\u00e7\u00e3o efetiva do Governo do Estado. Para os cr\u00edticos, a estrat\u00e9gia parece ser de &#8220;blindagem&#8221; da companhia em um ano em que o governador projeta voos pol\u00edticos nacionais para 2026.<\/p>\n\n\n\n<p class=\"wp-block-paragraph\">\u200bEnquanto o pal\u00e1cio Igua\u00e7u silencia, em Ponta Grossa a realidade \u00e9 cruel: o direito b\u00e1sico ao saneamento e \u00e0 \u00e1gua limpa \u2014 sin\u00f4nimos de qualidade de vida \u2014 tornou-se um artigo de luxo ou uma promessa vazia. A irresponsabilidade de quem det\u00e9m o poder de decis\u00e3o coloca em risco a sa\u00fade p\u00fablica da quarta maior cidade do Paran\u00e1.<\/p>\n\n\n\n<p class=\"wp-block-paragraph\">\u200bA Sanepar, em notas oficiais anteriores, limitou-se a dizer que a \u00e1gua permanece &#8220;pr\u00f3pria para consumo&#8221; e que os problemas de cheiro seriam pontuais devido a manuten\u00e7\u00f5es. Para o cidad\u00e3o que abre a torneira e sente o mau cheiro, a nota oficial n\u00e3o passa de uma pe\u00e7a de fic\u00e7\u00e3o.<\/p>\n","protected":false},"excerpt":{"rendered":"<p>PONTA GROSSA \u2013 A crise no abastecimento de \u00e1gua em Ponta Grossa atingiu um ponto de ruptura. Enquanto moradores relatam receber &#8220;\u00e1gua podre&#8221; em suas [&#8230;]<\/p>\n","protected":false},"author":1,"featured_media":4632,"comment_status":"open","ping_status":"open","sticky":false,"template":"","format":"standard","meta":{"_crdt_document":"","_jetpack_memberships_contains_paid_content":false,"footnotes":"","jetpack_publicize_message":"","jetpack_publicize_feature_enabled":true,"jetpack_social_post_already_shared":true,"jetpack_social_options":{"image_generator_settings":{"template":"highway","default_image_id":0,"font":"","enabled":false},"version":2}},"categories":[46],"tags":[],"class_list":["post-4631","post","type-post","status-publish","format-standard","has-post-thumbnail","hentry","category-cidades"],"jetpack_publicize_connections":[],"jetpack_featured_media_url":"https:\/\/i0.wp.com\/oexpressobr.com.br\/wp-content\/uploads\/2026\/02\/8.jpg?fit=525%2C289&ssl=1","jetpack_likes_enabled":true,"jetpack_sharing_enabled":true,"_links":{"self":[{"href":"https:\/\/oexpressobr.com.br\/index.php?rest_route=\/wp\/v2\/posts\/4631","targetHints":{"allow":["GET"]}}],"collection":[{"href":"https:\/\/oexpressobr.com.br\/index.php?rest_route=\/wp\/v2\/posts"}],"about":[{"href":"https:\/\/oexpressobr.com.br\/index.php?rest_route=\/wp\/v2\/types\/post"}],"author":[{"embeddable":true,"href":"https:\/\/oexpressobr.com.br\/index.php?rest_route=\/wp\/v2\/users\/1"}],"replies":[{"embeddable":true,"href":"https:\/\/oexpressobr.com.br\/index.php?rest_route=%2Fwp%2Fv2%2Fcomments&post=4631"}],"version-history":[{"count":1,"href":"https:\/\/oexpressobr.com.br\/index.php?rest_route=\/wp\/v2\/posts\/4631\/revisions"}],"predecessor-version":[{"id":4633,"href":"https:\/\/oexpressobr.com.br\/index.php?rest_route=\/wp\/v2\/posts\/4631\/revisions\/4633"}],"wp:featuredmedia":[{"embeddable":true,"href":"https:\/\/oexpressobr.com.br\/index.php?rest_route=\/wp\/v2\/media\/4632"}],"wp:attachment":[{"href":"https:\/\/oexpressobr.com.br\/index.php?rest_route=%2Fwp%2Fv2%2Fmedia&parent=4631"}],"wp:term":[{"taxonomy":"category","embeddable":true,"href":"https:\/\/oexpressobr.com.br\/index.php?rest_route=%2Fwp%2Fv2%2Fcategories&post=4631"},{"taxonomy":"post_tag","embeddable":true,"href":"https:\/\/oexpressobr.com.br\/index.php?rest_route=%2Fwp%2Fv2%2Ftags&post=4631"}],"curies":[{"name":"wp","href":"https:\/\/api.w.org\/{rel}","templated":true}]}}