{"id":464,"date":"2025-12-09T08:30:23","date_gmt":"2025-12-09T11:30:23","guid":{"rendered":"https:\/\/oexpressobr.com.br\/?p=464"},"modified":"2025-12-09T08:30:24","modified_gmt":"2025-12-09T11:30:24","slug":"exposicao-de-fuzis-da-policia-militar-em-colegio-civico-militar-de-colombo-gera-reacoes-e-cobrancas-ao-governo-do-parana","status":"publish","type":"post","link":"https:\/\/oexpressobr.com.br\/?p=464","title":{"rendered":"Exposi\u00e7\u00e3o de Fuzis da Pol\u00edcia Militar em Col\u00e9gio C\u00edvico-Militar de Colombo Gera Rea\u00e7\u00f5es e Cobran\u00e7as ao Governo do Paran\u00e1"},"content":{"rendered":"\n<p class=\"wp-block-paragraph\">Um evento realizado no Col\u00e9gio Estadual Vinicius de Moraes, em Colombo, na Regi\u00e3o Metropolitana de Curitiba, viralizou nas redes sociais e provocou uma s\u00e9rie de cr\u00edticas e rea\u00e7\u00f5es de autoridades e entidades. Imagens mostram uma exposi\u00e7\u00e3o de <strong>fuzis e outros armamentos<\/strong> da Pol\u00edcia Militar do Paran\u00e1 (PMPR) diretamente para os alunos, muitos deles menores de 18 anos.<\/p>\n\n\n\n<p class=\"wp-block-paragraph\">\u200bO Col\u00e9gio Vinicius de Moraes faz parte do modelo de <strong>ensino c\u00edvico-militar<\/strong> adotado no estado, o que intensifica o debate sobre a exposi\u00e7\u00e3o de crian\u00e7as e adolescentes \u00e0 &#8220;cultura da viol\u00eancia&#8221; em ambiente escolar.<\/p>\n\n\n\n<h3 class=\"wp-block-heading\">\u200bA Repercuss\u00e3o e as Cobran\u00e7as<\/h3>\n\n\n\n<p class=\"wp-block-paragraph\">\u200bAs fotos e v\u00eddeos do evento, que contaram com a presen\u00e7a de chefias do N\u00facleo Regional de Educa\u00e7\u00e3o (NRE) e pol\u00edticos locais, foram amplamente divulgados, gerando indigna\u00e7\u00e3o.<\/p>\n\n\n\n<ul class=\"wp-block-list\">\n<li>\u200b<strong>Den\u00fancia ao Minist\u00e9rio P\u00fablico:<\/strong> O <strong>APP-Sindicato<\/strong>, que representa os trabalhadores em educa\u00e7\u00e3o do Paran\u00e1, denunciou o conte\u00fado das imagens ao Minist\u00e9rio P\u00fablico, \u00e0 Defensoria P\u00fablica e \u00e0 Controladoria Geral do Estado, alegando que a pr\u00e1tica \u00e9 uma forma de expor crian\u00e7as a armas de alta letalidade.<\/li>\n\n\n\n<li>\u200b<strong>Cobran\u00e7a na C\u00e2mara dos Deputados:<\/strong> O deputado estadual e vice-presidente da Comiss\u00e3o de Direitos Humanos e Cidadania da C\u00e2mara Federal, Tadeu Veneri (PT), divulgou uma nota cobrando explica\u00e7\u00f5es formais do <strong>governador Ratinho Junior (PSD)<\/strong> sobre o incidente. &#8220;Qual o objetivo de expor crian\u00e7as e adolescentes a estas armas em um ambiente escolar?&#8221;, questionou.<\/li>\n\n\n\n<li>\u200b<strong>Modelo Militarizado em Debate:<\/strong> O epis\u00f3dio reacende a discuss\u00e3o sobre os efeitos do modelo c\u00edvico-militar. Fontes apontam que estudantes em col\u00e9gios militarizados t\u00eam relatado um ambiente mais repressivo, com foco em regras r\u00edgidas sobre vestimenta e comportamento, em detrimento do foco acad\u00eamico.<\/li>\n\n\n\n<li>\u200b<strong>Debate Nacional:<\/strong> A exibi\u00e7\u00e3o de armamentos em escolas se insere em um debate mais amplo no pa\u00eds sobre a presen\u00e7a de armas no ambiente de ensino, com especialistas frequentemente alertando que o foco deve ser em investimento em sa\u00fade mental e educa\u00e7\u00e3o de qualidade, e n\u00e3o na militariza\u00e7\u00e3o ou armamento como solu\u00e7\u00e3o para a seguran\u00e7a escolar.<\/li>\n<\/ul>\n\n\n\n<p class=\"wp-block-paragraph\">\u200bO Governo do Paran\u00e1 ainda n\u00e3o se pronunciou publicamente sobre a den\u00fancia e as cobran\u00e7as de explica\u00e7\u00f5es a respeito do evento no Col\u00e9gio Estadual Vinicius de Moraes.<\/p>\n","protected":false},"excerpt":{"rendered":"<p>Um evento realizado no Col\u00e9gio Estadual Vinicius de Moraes, em Colombo, na Regi\u00e3o Metropolitana de Curitiba, viralizou nas redes sociais e provocou uma s\u00e9rie de [&#8230;]<\/p>\n","protected":false},"author":1,"featured_media":465,"comment_status":"open","ping_status":"open","sticky":false,"template":"","format":"standard","meta":{"_crdt_document":"","_jetpack_memberships_contains_paid_content":false,"footnotes":"","jetpack_publicize_message":"","jetpack_publicize_feature_enabled":true,"jetpack_social_post_already_shared":false,"jetpack_social_options":{"image_generator_settings":{"template":"highway","default_image_id":0,"font":"","enabled":false},"version":2}},"categories":[5],"tags":[],"class_list":["post-464","post","type-post","status-publish","format-standard","has-post-thumbnail","hentry","category-parana"],"jetpack_publicize_connections":[],"jetpack_featured_media_url":"https:\/\/i0.wp.com\/oexpressobr.com.br\/wp-content\/uploads\/2025\/12\/novo-projeto-1.jpg?fit=984%2C517&ssl=1","jetpack_likes_enabled":true,"jetpack_sharing_enabled":true,"_links":{"self":[{"href":"https:\/\/oexpressobr.com.br\/index.php?rest_route=\/wp\/v2\/posts\/464","targetHints":{"allow":["GET"]}}],"collection":[{"href":"https:\/\/oexpressobr.com.br\/index.php?rest_route=\/wp\/v2\/posts"}],"about":[{"href":"https:\/\/oexpressobr.com.br\/index.php?rest_route=\/wp\/v2\/types\/post"}],"author":[{"embeddable":true,"href":"https:\/\/oexpressobr.com.br\/index.php?rest_route=\/wp\/v2\/users\/1"}],"replies":[{"embeddable":true,"href":"https:\/\/oexpressobr.com.br\/index.php?rest_route=%2Fwp%2Fv2%2Fcomments&post=464"}],"version-history":[{"count":0,"href":"https:\/\/oexpressobr.com.br\/index.php?rest_route=\/wp\/v2\/posts\/464\/revisions"}],"wp:featuredmedia":[{"embeddable":true,"href":"https:\/\/oexpressobr.com.br\/index.php?rest_route=\/wp\/v2\/media\/465"}],"wp:attachment":[{"href":"https:\/\/oexpressobr.com.br\/index.php?rest_route=%2Fwp%2Fv2%2Fmedia&parent=464"}],"wp:term":[{"taxonomy":"category","embeddable":true,"href":"https:\/\/oexpressobr.com.br\/index.php?rest_route=%2Fwp%2Fv2%2Fcategories&post=464"},{"taxonomy":"post_tag","embeddable":true,"href":"https:\/\/oexpressobr.com.br\/index.php?rest_route=%2Fwp%2Fv2%2Ftags&post=464"}],"curies":[{"name":"wp","href":"https:\/\/api.w.org\/{rel}","templated":true}]}}