{"id":4640,"date":"2026-02-24T21:01:44","date_gmt":"2026-02-25T00:01:44","guid":{"rendered":"https:\/\/oexpressobr.com.br\/?p=4640"},"modified":"2026-02-24T21:01:48","modified_gmt":"2026-02-25T00:01:48","slug":"giacobo-e-ratinho-junior-o-xadrez-do-pl-para-o-palacio-iguacu-em-2026","status":"publish","type":"post","link":"https:\/\/oexpressobr.com.br\/?p=4640","title":{"rendered":"Giacobo e Ratinho J\u00fanior: o xadrez do PL para o Pal\u00e1cio Igua\u00e7u em 2026"},"content":{"rendered":"\n<p class=\"wp-block-paragraph\">O cen\u00e1rio pol\u00edtico paranaense ganha novos contornos com a movimenta\u00e7\u00e3o estrat\u00e9gica do deputado federal <strong>Fernando Giacobo<\/strong>, presidente estadual do <strong>PL<\/strong>. O parlamentar condicionou sua entrada na disputa pelo <strong>Governo do Paran\u00e1<\/strong> a um movimento nacional: a candidatura do atual governador, <strong>Ratinho J\u00fanior (PSD)<\/strong>, \u00e0 Presid\u00eancia da Rep\u00fablica.<\/p>\n\n\n\n<p class=\"wp-block-paragraph\">\u200bA estrat\u00e9gia visa preencher o v\u00e1cuo que seria deixado por Ratinho no estado e, simultaneamente, garantir um palanque robusto para o projeto nacional da fam\u00edlia Bolsonaro \u2014 que agora foca no senador <strong>Fl\u00e1vio Bolsonaro (PL-RJ)<\/strong> como o principal nome da oposi\u00e7\u00e3o para enfrentar o presidente Lula.<\/p>\n\n\n\n<h3 class=\"wp-block-heading\">\u200bOs bastidores do acordo e o papel de Fl\u00e1vio Bolsonaro<\/h3>\n\n\n\n<p class=\"wp-block-paragraph\">\u200bA articula\u00e7\u00e3o de Giacobo n\u00e3o \u00e9 isolada. Ela faz parte de um plano maior do PL para nacionalizar as elei\u00e7\u00f5es estaduais. Atualmente, o partido vive um &#8220;jogo duplo&#8221; no Paran\u00e1:<\/p>\n\n\n\n<ul class=\"wp-block-list\">\n<li>\u200b<strong>Palanque de Oposi\u00e7\u00e3o:<\/strong> O PL busca um nome que garanta fidelidade total a Fl\u00e1vio Bolsonaro.<\/li>\n\n\n\n<li>\u200b<strong>Rela\u00e7\u00e3o com Ratinho Jr.:<\/strong> Embora Ratinho tenha alta aprova\u00e7\u00e3o (cerca de 85% no estado), ele ainda avalia se ter\u00e1 viabilidade nacional ou se permanecer\u00e1 no cargo para fazer seu sucessor.<\/li>\n\n\n\n<li>\u200b<strong>O fator Sergio Moro:<\/strong> O senador Sergio Moro (Uni\u00e3o) aparece como l\u00edder em pesquisas recentes para o governo estadual, o que pressiona tanto o PSD quanto o PL a definirem seus nomes rapidamente.<\/li>\n<\/ul>\n\n\n\n<h3 class=\"wp-block-heading\">\u200bO dilema de Ratinho J\u00fanior<\/h3>\n\n\n\n<p class=\"wp-block-paragraph\">\u200bPara o governador, o desafio \u00e9 duplo. Ao mesmo tempo em que flerta com o <strong>Pal\u00e1cio do Planalto<\/strong>, ele enfrenta dificuldades para consolidar um sucessor natural dentro de seu grupo (nomes como Alexandre Curi e Guto Silva est\u00e3o no radar). Caso Ratinho decida de fato concorrer \u00e0 Presid\u00eancia, Giacobo se posiciona como a alternativa da direita bolsonarista para manter o Paran\u00e1 sob uma gest\u00e3o alinhada ao ex-presidente Jair Bolsonaro.<\/p>\n\n\n\n<blockquote class=\"wp-block-quote is-layout-flow wp-block-quote-is-layout-flow\">\n<p class=\"wp-block-paragraph\">\u200b&#8221;A inten\u00e7\u00e3o do PL \u00e9 garantir que o Paran\u00e1, um reduto historicamente conservador, tenha um candidato que n\u00e3o apenas dispute o governo, mas que seja o rosto da campanha de Fl\u00e1vio Bolsonaro no Sul.&#8221;<\/p>\n<\/blockquote>\n\n\n\n<h3 class=\"wp-block-heading\">\u200bPesquisas e cen\u00e1rio atual<\/h3>\n\n\n\n<p class=\"wp-block-paragraph\">\u200bDados recentes do instituto <strong>Paran\u00e1 Pesquisas<\/strong> (janeiro de 2026) mostram que:<\/p>\n\n\n\n<ol class=\"wp-block-list\">\n<li>\u200b<strong>Ratinho J\u00fanior<\/strong> lidera inten\u00e7\u00f5es de voto para a presid\u00eancia dentro do estado, mas patina nacionalmente com cerca de <strong>8% a 9%<\/strong>.<\/li>\n\n\n\n<li>\u200b<strong>Fl\u00e1vio Bolsonaro<\/strong> tem se consolidado como o nome mais forte da direita nas pesquisas ap\u00f3s a oficializa\u00e7\u00e3o de seu nome por Valdemar Costa Neto.<\/li>\n\n\n\n<li>\u200b<strong>Sergio Moro<\/strong> \u00e9, at\u00e9 o momento, o principal obst\u00e1culo para qualquer candidatura governamental, mantendo-se competitivo em todos os cen\u00e1rios.<\/li>\n<\/ol>\n","protected":false},"excerpt":{"rendered":"<p>O cen\u00e1rio pol\u00edtico paranaense ganha novos contornos com a movimenta\u00e7\u00e3o estrat\u00e9gica do deputado federal Fernando Giacobo, presidente estadual do PL. O parlamentar condicionou sua entrada [&#8230;]<\/p>\n","protected":false},"author":1,"featured_media":4641,"comment_status":"open","ping_status":"open","sticky":false,"template":"","format":"standard","meta":{"_crdt_document":"","_jetpack_memberships_contains_paid_content":false,"footnotes":"","jetpack_publicize_message":"","jetpack_publicize_feature_enabled":true,"jetpack_social_post_already_shared":true,"jetpack_social_options":{"image_generator_settings":{"template":"highway","default_image_id":0,"font":"","enabled":false},"version":2}},"categories":[7],"tags":[],"class_list":["post-4640","post","type-post","status-publish","format-standard","has-post-thumbnail","hentry","category-politica"],"jetpack_publicize_connections":[],"jetpack_featured_media_url":"https:\/\/i0.wp.com\/oexpressobr.com.br\/wp-content\/uploads\/2026\/02\/giacobo-governo-parana.jpg?fit=1200%2C675&ssl=1","jetpack_likes_enabled":true,"jetpack_sharing_enabled":true,"_links":{"self":[{"href":"https:\/\/oexpressobr.com.br\/index.php?rest_route=\/wp\/v2\/posts\/4640","targetHints":{"allow":["GET"]}}],"collection":[{"href":"https:\/\/oexpressobr.com.br\/index.php?rest_route=\/wp\/v2\/posts"}],"about":[{"href":"https:\/\/oexpressobr.com.br\/index.php?rest_route=\/wp\/v2\/types\/post"}],"author":[{"embeddable":true,"href":"https:\/\/oexpressobr.com.br\/index.php?rest_route=\/wp\/v2\/users\/1"}],"replies":[{"embeddable":true,"href":"https:\/\/oexpressobr.com.br\/index.php?rest_route=%2Fwp%2Fv2%2Fcomments&post=4640"}],"version-history":[{"count":1,"href":"https:\/\/oexpressobr.com.br\/index.php?rest_route=\/wp\/v2\/posts\/4640\/revisions"}],"predecessor-version":[{"id":4642,"href":"https:\/\/oexpressobr.com.br\/index.php?rest_route=\/wp\/v2\/posts\/4640\/revisions\/4642"}],"wp:featuredmedia":[{"embeddable":true,"href":"https:\/\/oexpressobr.com.br\/index.php?rest_route=\/wp\/v2\/media\/4641"}],"wp:attachment":[{"href":"https:\/\/oexpressobr.com.br\/index.php?rest_route=%2Fwp%2Fv2%2Fmedia&parent=4640"}],"wp:term":[{"taxonomy":"category","embeddable":true,"href":"https:\/\/oexpressobr.com.br\/index.php?rest_route=%2Fwp%2Fv2%2Fcategories&post=4640"},{"taxonomy":"post_tag","embeddable":true,"href":"https:\/\/oexpressobr.com.br\/index.php?rest_route=%2Fwp%2Fv2%2Ftags&post=4640"}],"curies":[{"name":"wp","href":"https:\/\/api.w.org\/{rel}","templated":true}]}}