{"id":4643,"date":"2026-02-24T21:09:00","date_gmt":"2026-02-25T00:09:00","guid":{"rendered":"https:\/\/oexpressobr.com.br\/?p=4643"},"modified":"2026-02-24T21:09:04","modified_gmt":"2026-02-25T00:09:04","slug":"pco-anuncia-adriano-parana-como-pre-candidato-em-curitiba-antes-de-ratinho-junior-e-pimentel","status":"publish","type":"post","link":"https:\/\/oexpressobr.com.br\/?p=4643","title":{"rendered":"PCO anuncia Adriano Paran\u00e1 como pr\u00e9-candidato em Curitiba antes de Ratinho Junior e Pimentel"},"content":{"rendered":"\n<p class=\"wp-block-paragraph\">O Partido da Causa Oper\u00e1ria (PCO) se antecipou aos principais grupos pol\u00edticos do estado e oficializou o nome de Adriano Paran\u00e1 como seu pr\u00e9-candidato \u00e0 Prefeitura de Curitiba para o pleito de 2024. A estrat\u00e9gia da legenda busca demarcar terreno \u00e0 esquerda antes mesmo que o governador Ratinho Junior (PSD) e o atual vice-prefeito Eduardo Pimentel (PSD) consolidassem suas movimenta\u00e7\u00f5es p\u00fablicas de campanha na capital.<\/p>\n\n\n\n<p class=\"wp-block-paragraph\">\u200bAdriano Paran\u00e1, figura conhecida na milit\u00e2ncia local, assume o posto com a miss\u00e3o de defender as bandeiras hist\u00f3ricas do partido, focadas na mobiliza\u00e7\u00e3o popular e na cr\u00edtica ao sistema financeiro. A indica\u00e7\u00e3o ocorreu de forma estrat\u00e9gica, visando dar visibilidade a uma alternativa classista em um cen\u00e1rio que, at\u00e9 ent\u00e3o, estava polarizado entre nomes tradicionais e a continuidade da gest\u00e3o atual.<\/p>\n\n\n\n<h3 class=\"wp-block-heading\">\u200bO cen\u00e1rio eleitoral e os desdobramentos<\/h3>\n\n\n\n<p class=\"wp-block-paragraph\">\u200bEmbora o PCO tenha sido um dos primeiros a se movimentar com o nome de Adriano, o desenrolar do processo eleitoral trouxe novos elementos. Conforme o calend\u00e1rio avan\u00e7ou e as conven\u00e7\u00f5es se aproximaram, o quadro de candidaturas em Curitiba se estabilizou da seguinte forma:<\/p>\n\n\n\n<ul class=\"wp-block-list\">\n<li>\u200b<strong>PCO em campo:<\/strong> Ap\u00f3s as articula\u00e7\u00f5es iniciais, o partido confirmou sua participa\u00e7\u00e3o na disputa, mantendo a linha de oposi\u00e7\u00e3o ideol\u00f3gica radical tanto \u00e0 direita quanto \u00e0 esquerda institucional.<\/li>\n\n\n\n<li>\u200b<strong>Aposta de Ratinho Junior:<\/strong> O governador Ratinho Junior oficializou o apoio a <strong>Eduardo Pimentel (PSD)<\/strong>, que concorre pela coliga\u00e7\u00e3o que busca dar continuidade ao trabalho do atual prefeito Rafael Greca.<\/li>\n\n\n\n<li>\u200b<strong>Felipe Bombardelli:<\/strong> No fechamento oficial das candidaturas, o PCO acabou registrando <strong>Felipe Bombardelli<\/strong> como o candidato a prefeito de Curitiba no Tribunal Superior Eleitoral (TSE), tendo Paulo Costycha como vice. A mudan\u00e7a de nomes \u00e9 comum em partidos de menor porte durante o per\u00edodo de pr\u00e9-campanha e defini\u00e7\u00f5es internas de chapas.<\/li>\n<\/ul>\n\n\n\n<h3 class=\"wp-block-heading\">\u200b\u00daltimas novidades e a disputa atual<\/h3>\n\n\n\n<p class=\"wp-block-paragraph\">\u200bCuritiba vive hoje uma das disputas mais acirradas dos \u00faltimos anos. Com a oficializa\u00e7\u00e3o das chapas em agosto de 2024, Eduardo Pimentel lidera a coliga\u00e7\u00e3o governista, enfrentando nomes de peso como Luciano Ducci (PSB), apoiado pelo PT, e Ney Leprevost (Uni\u00e3o Brasil).<\/p>\n\n\n\n<p class=\"wp-block-paragraph\">\u200bO PCO, com sua candidatura pr\u00f3pria, utiliza o tempo de TV (quando dispon\u00edvel) e as redes sociais para pautar temas como a estatiza\u00e7\u00e3o do transporte p\u00fablico e a redu\u00e7\u00e3o da jornada de trabalho, mantendo Adriano Paran\u00e1 e outros quadros como vozes ativas na milit\u00e2ncia da capital paranaense.<\/p>\n\n\n\n<p class=\"wp-block-paragraph\">\u200bA antecipa\u00e7\u00e3o do PCO no in\u00edcio do ano serviu para agitar os bastidores pol\u00edticos, for\u00e7ando outros partidos a acelerarem seus an\u00fancios em uma Curitiba que respira pol\u00edtica sob a sombra das elei\u00e7\u00f5es gerais de 2026.<\/p>\n","protected":false},"excerpt":{"rendered":"<p>O Partido da Causa Oper\u00e1ria (PCO) se antecipou aos principais grupos pol\u00edticos do estado e oficializou o nome de Adriano Paran\u00e1 como seu pr\u00e9-candidato \u00e0 [&#8230;]<\/p>\n","protected":false},"author":1,"featured_media":4644,"comment_status":"open","ping_status":"open","sticky":false,"template":"","format":"standard","meta":{"_crdt_document":"","_jetpack_memberships_contains_paid_content":false,"footnotes":"","jetpack_publicize_message":"","jetpack_publicize_feature_enabled":true,"jetpack_social_post_already_shared":true,"jetpack_social_options":{"image_generator_settings":{"template":"highway","default_image_id":0,"font":"","enabled":false},"version":2}},"categories":[7],"tags":[],"class_list":["post-4643","post","type-post","status-publish","format-standard","has-post-thumbnail","hentry","category-politica"],"jetpack_publicize_connections":[],"jetpack_featured_media_url":"https:\/\/i0.wp.com\/oexpressobr.com.br\/wp-content\/uploads\/2026\/02\/pco-ratinho.jpg?fit=820%2C480&ssl=1","jetpack_likes_enabled":true,"jetpack_sharing_enabled":true,"_links":{"self":[{"href":"https:\/\/oexpressobr.com.br\/index.php?rest_route=\/wp\/v2\/posts\/4643","targetHints":{"allow":["GET"]}}],"collection":[{"href":"https:\/\/oexpressobr.com.br\/index.php?rest_route=\/wp\/v2\/posts"}],"about":[{"href":"https:\/\/oexpressobr.com.br\/index.php?rest_route=\/wp\/v2\/types\/post"}],"author":[{"embeddable":true,"href":"https:\/\/oexpressobr.com.br\/index.php?rest_route=\/wp\/v2\/users\/1"}],"replies":[{"embeddable":true,"href":"https:\/\/oexpressobr.com.br\/index.php?rest_route=%2Fwp%2Fv2%2Fcomments&post=4643"}],"version-history":[{"count":1,"href":"https:\/\/oexpressobr.com.br\/index.php?rest_route=\/wp\/v2\/posts\/4643\/revisions"}],"predecessor-version":[{"id":4645,"href":"https:\/\/oexpressobr.com.br\/index.php?rest_route=\/wp\/v2\/posts\/4643\/revisions\/4645"}],"wp:featuredmedia":[{"embeddable":true,"href":"https:\/\/oexpressobr.com.br\/index.php?rest_route=\/wp\/v2\/media\/4644"}],"wp:attachment":[{"href":"https:\/\/oexpressobr.com.br\/index.php?rest_route=%2Fwp%2Fv2%2Fmedia&parent=4643"}],"wp:term":[{"taxonomy":"category","embeddable":true,"href":"https:\/\/oexpressobr.com.br\/index.php?rest_route=%2Fwp%2Fv2%2Fcategories&post=4643"},{"taxonomy":"post_tag","embeddable":true,"href":"https:\/\/oexpressobr.com.br\/index.php?rest_route=%2Fwp%2Fv2%2Ftags&post=4643"}],"curies":[{"name":"wp","href":"https:\/\/api.w.org\/{rel}","templated":true}]}}