{"id":4646,"date":"2026-02-24T21:16:44","date_gmt":"2026-02-25T00:16:44","guid":{"rendered":"https:\/\/oexpressobr.com.br\/?p=4646"},"modified":"2026-02-24T21:16:47","modified_gmt":"2026-02-25T00:16:47","slug":"alexandre-curi-e-aliados-emitem-sinal-de-alerta-ao-palacio-iguacu-enquanto-sucessao-de-ratinho-junior-entra-em-ebulicao","status":"publish","type":"post","link":"https:\/\/oexpressobr.com.br\/?p=4646","title":{"rendered":"ALEXANDRE Curi e aliados emitem sinal de alerta ao Pal\u00e1cio Igua\u00e7u enquanto sucess\u00e3o de Ratinho J\u00fanior entra em ebuli\u00e7\u00e3o"},"content":{"rendered":"\n<p class=\"wp-block-paragraph\"><strong>CURITIBA<\/strong> \u2013 O que parecia ser apenas uma tarde de domingo na Arena da Baixada, acompanhando a vit\u00f3ria do Londrina sobre o Athletico, revelou-se um lance de xadrez pol\u00edtico com endere\u00e7o certo: o Centro C\u00edvico. A foto do presidente da Assembleia Legislativa do Paran\u00e1 (ALEP), Alexandre Curi (PSD), ladeado pelo secret\u00e1rio do Trabalho, Do Carmo (Uni\u00e3o), e pelo deputado federal Pedro Lupion (Republicanos), n\u00e3o foi apenas um registro de torcedores, mas um manifesto visual sobre as articula\u00e7\u00f5es para 2026.<\/p>\n\n\n\n<p class=\"wp-block-paragraph\">\u200bO cen\u00e1rio na capital paranaense \u00e9 de crescente tens\u00e3o silenciosa. Enquanto o governador Ratinho J\u00fanior (PSD) tenta viabilizar seu nome no plano nacional como uma alternativa da direita \u00e0 Presid\u00eancia \u2014 aparecendo com cerca de 8% de inten\u00e7\u00f5es de voto em levantamentos recentes \u2014, a base governista no estado come\u00e7a a dar sinais de fragmenta\u00e7\u00e3o.<\/p>\n\n\n\n<h3 class=\"wp-block-heading\">\u200bO tabuleiro da sucess\u00e3o<\/h3>\n\n\n\n<p class=\"wp-block-paragraph\">\u200bAlexandre Curi, que j\u00e1 declarou publicamente sua pr\u00e9-candidatura ao Governo do Estado e pretende se desincompatibilizar do cargo em abril, tem intensificado movimentos para consolidar um grupo pr\u00f3prio. A presen\u00e7a de Lupion e Do Carmo ao seu lado sinaliza que Curi est\u00e1 disposto a buscar sustenta\u00e7\u00e3o fora do PSD, caso o partido n\u00e3o garanta sua cabe\u00e7a de chapa.<\/p>\n\n\n\n<p class=\"wp-block-paragraph\">\u200bO Republicanos, inclusive, j\u00e1 abriu as portas para uma poss\u00edvel migra\u00e7\u00e3o tanto de Curi quanto do pr\u00f3prio Ratinho J\u00fanior, em um movimento que poderia esvaziar a legenda de Gilberto Kassab no Paran\u00e1.<\/p>\n\n\n\n<h3 class=\"wp-block-heading\">\u200bDesafios e &#8220;fogo amigo&#8221;<\/h3>\n\n\n\n<p class=\"wp-block-paragraph\">\u200bA &#8220;debandada&#8221; sugerida por interlocutores ganha for\u00e7a diante da indefini\u00e7\u00e3o do Pal\u00e1cio Igua\u00e7u. Ratinho J\u00fanior enfrenta um dilema duplo:<\/p>\n\n\n\n<ol class=\"wp-block-list\">\n<li>\u200b<strong>Nacional:<\/strong> Precisa se mostrar competitivo para n\u00e3o ser engolido por nomes como Tarc\u00edsio de Freitas ou Ronaldo Caiado.<\/li>\n\n\n\n<li>\u200b<strong>Estadual:<\/strong> Lida com uma disputa interna acirrada entre Curi e o secret\u00e1rio das Cidades, Guto Silva, al\u00e9m da sombra do ex-prefeito Rafael Greca e da press\u00e3o exercida por uma poss\u00edvel alian\u00e7a entre Sergio Moro (Uni\u00e3o) e o PL de Jair Bolsonaro.<\/li>\n<\/ol>\n\n\n\n<h3 class=\"wp-block-heading\">\u200bBastidores da ALEP<\/h3>\n\n\n\n<p class=\"wp-block-paragraph\">\u200bA aus\u00eancia de Curi da presid\u00eancia da Casa nos \u00faltimos dias \u2014 per\u00edodo em que a deputada Fl\u00e1via Francischini assumiu interinamente o comando at\u00e9 23 de fevereiro \u2014 tamb\u00e9m \u00e9 lida como um recolhimento estrat\u00e9gico para alinhar apoios no interior.<\/p>\n\n\n\n<p class=\"wp-block-paragraph\">\u200bO &#8220;cheiro de debandada&#8221; mencionado por analistas pol\u00edticos reflete o receio de que o PSD paranaense sofra uma implos\u00e3o. Se o governador n\u00e3o conseguir unificar a base em torno de um sucessor natural, o grupo que hoje sustenta sua gest\u00e3o \u2014 com 85% de aprova\u00e7\u00e3o \u2014 pode chegar a 2026 dividido em pelo menos tr\u00eas palanques distintos, abrindo brecha para que a oposi\u00e7\u00e3o ou nomes independentes ganhem terreno na disputa pela sucess\u00e3o estadual.<\/p>\n","protected":false},"excerpt":{"rendered":"<p>CURITIBA \u2013 O que parecia ser apenas uma tarde de domingo na Arena da Baixada, acompanhando a vit\u00f3ria do Londrina sobre o Athletico, revelou-se um [&#8230;]<\/p>\n","protected":false},"author":1,"featured_media":4647,"comment_status":"open","ping_status":"open","sticky":false,"template":"","format":"standard","meta":{"_crdt_document":"","_jetpack_memberships_contains_paid_content":false,"footnotes":"","jetpack_publicize_message":"","jetpack_publicize_feature_enabled":true,"jetpack_social_post_already_shared":true,"jetpack_social_options":{"image_generator_settings":{"template":"highway","default_image_id":0,"font":"","enabled":false},"version":2}},"categories":[5],"tags":[],"class_list":["post-4646","post","type-post","status-publish","format-standard","has-post-thumbnail","hentry","category-parana"],"jetpack_publicize_connections":[],"jetpack_featured_media_url":"https:\/\/i0.wp.com\/oexpressobr.com.br\/wp-content\/uploads\/2026\/02\/carmo-curi-lupion.jpg?fit=1200%2C675&ssl=1","jetpack_likes_enabled":true,"jetpack_sharing_enabled":true,"_links":{"self":[{"href":"https:\/\/oexpressobr.com.br\/index.php?rest_route=\/wp\/v2\/posts\/4646","targetHints":{"allow":["GET"]}}],"collection":[{"href":"https:\/\/oexpressobr.com.br\/index.php?rest_route=\/wp\/v2\/posts"}],"about":[{"href":"https:\/\/oexpressobr.com.br\/index.php?rest_route=\/wp\/v2\/types\/post"}],"author":[{"embeddable":true,"href":"https:\/\/oexpressobr.com.br\/index.php?rest_route=\/wp\/v2\/users\/1"}],"replies":[{"embeddable":true,"href":"https:\/\/oexpressobr.com.br\/index.php?rest_route=%2Fwp%2Fv2%2Fcomments&post=4646"}],"version-history":[{"count":1,"href":"https:\/\/oexpressobr.com.br\/index.php?rest_route=\/wp\/v2\/posts\/4646\/revisions"}],"predecessor-version":[{"id":4648,"href":"https:\/\/oexpressobr.com.br\/index.php?rest_route=\/wp\/v2\/posts\/4646\/revisions\/4648"}],"wp:featuredmedia":[{"embeddable":true,"href":"https:\/\/oexpressobr.com.br\/index.php?rest_route=\/wp\/v2\/media\/4647"}],"wp:attachment":[{"href":"https:\/\/oexpressobr.com.br\/index.php?rest_route=%2Fwp%2Fv2%2Fmedia&parent=4646"}],"wp:term":[{"taxonomy":"category","embeddable":true,"href":"https:\/\/oexpressobr.com.br\/index.php?rest_route=%2Fwp%2Fv2%2Fcategories&post=4646"},{"taxonomy":"post_tag","embeddable":true,"href":"https:\/\/oexpressobr.com.br\/index.php?rest_route=%2Fwp%2Fv2%2Ftags&post=4646"}],"curies":[{"name":"wp","href":"https:\/\/api.w.org\/{rel}","templated":true}]}}