{"id":4649,"date":"2026-02-24T21:23:52","date_gmt":"2026-02-25T00:23:52","guid":{"rendered":"https:\/\/oexpressobr.com.br\/?p=4649"},"modified":"2026-02-24T21:23:55","modified_gmt":"2026-02-25T00:23:55","slug":"sergio-moro-enfrenta-resistencia-da-federacao-uniao-progressista-e-avalia-democracia-crista-para-2026","status":"publish","type":"post","link":"https:\/\/oexpressobr.com.br\/?p=4649","title":{"rendered":"SERGIO MORO enfrenta resist\u00eancia da federa\u00e7\u00e3o Uni\u00e3o Progressista e avalia Democracia Crist\u00e3 para 2026"},"content":{"rendered":"\n<p class=\"wp-block-paragraph\">O cen\u00e1rio pol\u00edtico no Paran\u00e1 entrou em ebuli\u00e7\u00e3o com o estreitamento das op\u00e7\u00f5es para o senador Sergio Moro (Uni\u00e3o Brasil-PR). Ap\u00f3s meses de articula\u00e7\u00e3o, a federa\u00e7\u00e3o Uni\u00e3o Progressista \u2014 que une o Uni\u00e3o Brasil e o Progressistas (PP) \u2014 caminha para um desfecho de colis\u00e3o. No pr\u00f3ximo dia 25 de mar\u00e7o, em Bras\u00edlia, as siglas devem formalizar o veto \u00e0 candidatura do ex-juiz ao governo do Paran\u00e1, consolidando um isolamento que j\u00e1 vinha sendo desenhado nos bastidores estaduais.<\/p>\n\n\n\n<h3 class=\"wp-block-heading\">\u200bO cerco do Progressistas<\/h3>\n\n\n\n<p class=\"wp-block-paragraph\">\u200bO movimento de bloqueio \u00e9 liderado pelo diret\u00f3rio paranaense do PP, sob a influ\u00eancia da fam\u00edlia Barros. O deputado federal Ricardo Barros tem reiterado que n\u00e3o h\u00e1 consenso para a homologa\u00e7\u00e3o de Moro, argumentando que o partido pretende priorizar a continuidade da alian\u00e7a com o grupo do atual governador Ratinho J\u00fanior (PSD).<\/p>\n\n\n\n<p class=\"wp-block-paragraph\">\u200bSem o aval un\u00e2nime exigido pelas regras das federa\u00e7\u00f5es partid\u00e1rias, a candidatura de Moro pelo atual bloco torna-se juridicamente invi\u00e1vel. L\u00edderes nacionais, como Ciro Nogueira (PP), j\u00e1 sinalizaram que respeitar\u00e3o as decis\u00f5es regionais, deixando o Uni\u00e3o Brasil de Ant\u00f4nio Rueda em uma posi\u00e7\u00e3o de queda de bra\u00e7o com o parceiro de federa\u00e7\u00e3o.<\/p>\n\n\n\n<h3 class=\"wp-block-heading\">\u200bA rota de fuga: Democracia Crist\u00e3<\/h3>\n\n\n\n<p class=\"wp-block-paragraph\">\u200bDiante do &#8220;beco pol\u00edtico&#8221;, o nome de Sergio Moro passou a ser fortemente associado \u00e0 Democracia Crist\u00e3 (DC). A legenda surge como uma alternativa estrat\u00e9gica para garantir ao senador a legenda necess\u00e1ria para a disputa ao Pal\u00e1cio Igua\u00e7u, sem as amarras das grandes coaliz\u00f5es que hoje o barram.<\/p>\n\n\n\n<p class=\"wp-block-paragraph\">\u200bEspecula-se que a migra\u00e7\u00e3o permitiria a Moro n\u00e3o apenas a seguran\u00e7a jur\u00eddica para concorrer, mas tamb\u00e9m o controle da nominata e das diretrizes de campanha. O movimento \u00e9 visto como uma tentativa de reeditar o perfil de &#8220;candidato independente&#8221;, apelando diretamente ao eleitorado que o elegeu para o Senado, contornando a rejei\u00e7\u00e3o das c\u00fapulas partid\u00e1rias tradicionais que foram alvo da Opera\u00e7\u00e3o Lava Jato.<\/p>\n\n\n\n<h3 class=\"wp-block-heading\">\u200bImpasse e futuro<\/h3>\n\n\n\n<p class=\"wp-block-paragraph\">\u200bEmbora Moro insista publicamente na viabilidade de seu nome dentro da Uni\u00e3o Progressista, o mercado pol\u00edtico j\u00e1 precifica sua sa\u00edda. A reuni\u00e3o de 25 de mar\u00e7o \u00e9 aguardada como o &#8220;divisor de \u00e1guas&#8221; que poder\u00e1 for\u00e7ar o ex-juiz a definir seu novo destino partid\u00e1rio. Se confirmado o veto, a Democracia Crist\u00e3 deixa de ser apenas um flerte para se tornar a principal aposta de sobreviv\u00eancia do projeto majorit\u00e1rio de Moro para 2026.<\/p>\n","protected":false},"excerpt":{"rendered":"<p>O cen\u00e1rio pol\u00edtico no Paran\u00e1 entrou em ebuli\u00e7\u00e3o com o estreitamento das op\u00e7\u00f5es para o senador Sergio Moro (Uni\u00e3o Brasil-PR). Ap\u00f3s meses de articula\u00e7\u00e3o, a [&#8230;]<\/p>\n","protected":false},"author":1,"featured_media":4650,"comment_status":"open","ping_status":"open","sticky":false,"template":"","format":"standard","meta":{"_crdt_document":"","_jetpack_memberships_contains_paid_content":false,"footnotes":"","jetpack_publicize_message":"","jetpack_publicize_feature_enabled":true,"jetpack_social_post_already_shared":true,"jetpack_social_options":{"image_generator_settings":{"template":"highway","default_image_id":0,"font":"","enabled":false},"version":2}},"categories":[7],"tags":[],"class_list":["post-4649","post","type-post","status-publish","format-standard","has-post-thumbnail","hentry","category-politica"],"jetpack_publicize_connections":[],"jetpack_featured_media_url":"https:\/\/i0.wp.com\/oexpressobr.com.br\/wp-content\/uploads\/2026\/02\/moro-aldo-gomyde.jpg?fit=1200%2C675&ssl=1","jetpack_likes_enabled":true,"jetpack_sharing_enabled":true,"_links":{"self":[{"href":"https:\/\/oexpressobr.com.br\/index.php?rest_route=\/wp\/v2\/posts\/4649","targetHints":{"allow":["GET"]}}],"collection":[{"href":"https:\/\/oexpressobr.com.br\/index.php?rest_route=\/wp\/v2\/posts"}],"about":[{"href":"https:\/\/oexpressobr.com.br\/index.php?rest_route=\/wp\/v2\/types\/post"}],"author":[{"embeddable":true,"href":"https:\/\/oexpressobr.com.br\/index.php?rest_route=\/wp\/v2\/users\/1"}],"replies":[{"embeddable":true,"href":"https:\/\/oexpressobr.com.br\/index.php?rest_route=%2Fwp%2Fv2%2Fcomments&post=4649"}],"version-history":[{"count":1,"href":"https:\/\/oexpressobr.com.br\/index.php?rest_route=\/wp\/v2\/posts\/4649\/revisions"}],"predecessor-version":[{"id":4651,"href":"https:\/\/oexpressobr.com.br\/index.php?rest_route=\/wp\/v2\/posts\/4649\/revisions\/4651"}],"wp:featuredmedia":[{"embeddable":true,"href":"https:\/\/oexpressobr.com.br\/index.php?rest_route=\/wp\/v2\/media\/4650"}],"wp:attachment":[{"href":"https:\/\/oexpressobr.com.br\/index.php?rest_route=%2Fwp%2Fv2%2Fmedia&parent=4649"}],"wp:term":[{"taxonomy":"category","embeddable":true,"href":"https:\/\/oexpressobr.com.br\/index.php?rest_route=%2Fwp%2Fv2%2Fcategories&post=4649"},{"taxonomy":"post_tag","embeddable":true,"href":"https:\/\/oexpressobr.com.br\/index.php?rest_route=%2Fwp%2Fv2%2Ftags&post=4649"}],"curies":[{"name":"wp","href":"https:\/\/api.w.org\/{rel}","templated":true}]}}