{"id":4652,"date":"2026-02-24T21:35:12","date_gmt":"2026-02-25T00:35:12","guid":{"rendered":"https:\/\/oexpressobr.com.br\/?p=4652"},"modified":"2026-02-24T21:35:14","modified_gmt":"2026-02-25T00:35:14","slug":"federacao-brasil-da-esperanca-define-pv-para-segunda-vaga-ao-senado-e-barra-planos-de-zeca-dirceu","status":"publish","type":"post","link":"https:\/\/oexpressobr.com.br\/?p=4652","title":{"rendered":"FEDERA\u00c7\u00c3O BRASIL DA ESPERAN\u00c7A define PV para segunda vaga ao Senado e barra planos de Zeca Dirceu"},"content":{"rendered":"\n<p class=\"wp-block-paragraph\"><strong>PARAN\u00c1<\/strong> \u2013 O cen\u00e1rio pol\u00edtico para as elei\u00e7\u00f5es de 2026 no Paran\u00e1 sofreu uma reviravolta estrat\u00e9gica nesta semana. Ap\u00f3s meses de intensas articula\u00e7\u00f5es e especula\u00e7\u00f5es nos bastidores, a Federa\u00e7\u00e3o Brasil da Esperan\u00e7a \u2014 composta por PT, PCdoB e PV \u2014 selou o destino das candidaturas majorit\u00e1rias. Contrariando as expectativas de alas pr\u00f3ximas ao deputado federal Zeca Dirceu (PT), a coaliz\u00e3o decidiu que o Partido Verde (PV) ser\u00e1 o respons\u00e1vel por indicar o segundo nome da chapa para a disputa ao Senado Federal.<\/p>\n\n\n\n<p class=\"wp-block-paragraph\">\u200bA decis\u00e3o imp\u00f5e um freio nas pretens\u00f5es de Zeca Dirceu, que vinha trabalhando publicamente para consolidar sua pr\u00e9-candidatura. O deputado defendia que o PT, por sua densidade eleitoral no estado, deveria encabe\u00e7ar as duas vagas dispon\u00edveis na disputa senatorial deste ano. No entanto, o diret\u00f3rio estadual e a c\u00fapula da Federa\u00e7\u00e3o optaram por uma composi\u00e7\u00e3o de equil\u00edbrio entre as siglas aliadas.<\/p>\n\n\n\n<h3 class=\"wp-block-heading\">\u200bA composi\u00e7\u00e3o da chapa e o fator Enio Verri<\/h3>\n\n\n\n<p class=\"wp-block-paragraph\">\u200bCom o PV assumindo a segunda vaga, o PT concentra suas for\u00e7as na indica\u00e7\u00e3o do primeiro nome. O favorito absoluto da legenda continua sendo Enio Verri, atual diretor-geral da Itaipu Binacional. Verri goza de prest\u00edgio tanto com a milit\u00e2ncia quanto com o Pal\u00e1cio do Planalto, sendo visto como um nome de consenso para garantir um &#8220;palanque forte&#8221; para o presidente Lula no territ\u00f3rio paranaense.<\/p>\n\n\n\n<h3 class=\"wp-block-heading\">\u200bSupl\u00eancias e o papel do PDT<\/h3>\n\n\n\n<p class=\"wp-block-paragraph\">\u200bPara acomodar os demais partidos do arco de alian\u00e7a, ficou estabelecido que as supl\u00eancias ser\u00e3o distribu\u00eddas entre as siglas apoiadoras que n\u00e3o comp\u00f5em a Federa\u00e7\u00e3o, mas que caminhar\u00e3o juntas no pleito. O PDT, que deve confirmar o apoio \u00e0 frente de esquerda, \u00e9 um dos principais cotados para ocupar postos de supl\u00eancia, consolidando uma frente ampla que busca fazer frente \u00e0s for\u00e7as de direita e centro-direita, lideradas pelo atual governador Ratinho J\u00fanior.<\/p>\n\n\n\n<h3 class=\"wp-block-heading\">\u200bO futuro de Zeca Dirceu<\/h3>\n\n\n\n<p class=\"wp-block-paragraph\">\u200bEmbora o rev\u00e9s na articula\u00e7\u00e3o para o Senado seja significativo, Zeca Dirceu permanece como uma das figuras centrais do PT no Paran\u00e1. Fontes ligadas ao partido indicam que o parlamentar deve agora focar na sua reelei\u00e7\u00e3o para a C\u00e2mara dos Deputados, onde exerce papel de destaque nas comiss\u00f5es de Educa\u00e7\u00e3o e na defesa de projetos estrat\u00e9gicos do governo federal.<\/p>\n\n\n\n<p class=\"wp-block-paragraph\">\u200bAs lideran\u00e7as da Federa\u00e7\u00e3o argumentam que a escolha do PV para a segunda vaga traz um &#8220;frescor program\u00e1tico&#8221; \u00e0 chapa, atraindo o eleitorado preocupado com pautas ambientais e sustentabilidade, al\u00e9m de garantir a unidade necess\u00e1ria para evitar dispers\u00e3o de votos na base aliada.<\/p>\n","protected":false},"excerpt":{"rendered":"<p>PARAN\u00c1 \u2013 O cen\u00e1rio pol\u00edtico para as elei\u00e7\u00f5es de 2026 no Paran\u00e1 sofreu uma reviravolta estrat\u00e9gica nesta semana. Ap\u00f3s meses de intensas articula\u00e7\u00f5es e especula\u00e7\u00f5es [&#8230;]<\/p>\n","protected":false},"author":1,"featured_media":4653,"comment_status":"open","ping_status":"open","sticky":false,"template":"","format":"standard","meta":{"_crdt_document":"","_jetpack_memberships_contains_paid_content":false,"footnotes":"","jetpack_publicize_message":"","jetpack_publicize_feature_enabled":true,"jetpack_social_post_already_shared":true,"jetpack_social_options":{"image_generator_settings":{"template":"highway","default_image_id":0,"font":"","enabled":false},"version":2}},"categories":[7],"tags":[],"class_list":["post-4652","post","type-post","status-publish","format-standard","has-post-thumbnail","hentry","category-politica"],"jetpack_publicize_connections":[],"jetpack_featured_media_url":"https:\/\/i0.wp.com\/oexpressobr.com.br\/wp-content\/uploads\/2026\/02\/Raphael-Rolim-de-Moura.jpg?fit=700%2C700&ssl=1","jetpack_likes_enabled":true,"jetpack_sharing_enabled":true,"_links":{"self":[{"href":"https:\/\/oexpressobr.com.br\/index.php?rest_route=\/wp\/v2\/posts\/4652","targetHints":{"allow":["GET"]}}],"collection":[{"href":"https:\/\/oexpressobr.com.br\/index.php?rest_route=\/wp\/v2\/posts"}],"about":[{"href":"https:\/\/oexpressobr.com.br\/index.php?rest_route=\/wp\/v2\/types\/post"}],"author":[{"embeddable":true,"href":"https:\/\/oexpressobr.com.br\/index.php?rest_route=\/wp\/v2\/users\/1"}],"replies":[{"embeddable":true,"href":"https:\/\/oexpressobr.com.br\/index.php?rest_route=%2Fwp%2Fv2%2Fcomments&post=4652"}],"version-history":[{"count":1,"href":"https:\/\/oexpressobr.com.br\/index.php?rest_route=\/wp\/v2\/posts\/4652\/revisions"}],"predecessor-version":[{"id":4654,"href":"https:\/\/oexpressobr.com.br\/index.php?rest_route=\/wp\/v2\/posts\/4652\/revisions\/4654"}],"wp:featuredmedia":[{"embeddable":true,"href":"https:\/\/oexpressobr.com.br\/index.php?rest_route=\/wp\/v2\/media\/4653"}],"wp:attachment":[{"href":"https:\/\/oexpressobr.com.br\/index.php?rest_route=%2Fwp%2Fv2%2Fmedia&parent=4652"}],"wp:term":[{"taxonomy":"category","embeddable":true,"href":"https:\/\/oexpressobr.com.br\/index.php?rest_route=%2Fwp%2Fv2%2Fcategories&post=4652"},{"taxonomy":"post_tag","embeddable":true,"href":"https:\/\/oexpressobr.com.br\/index.php?rest_route=%2Fwp%2Fv2%2Ftags&post=4652"}],"curies":[{"name":"wp","href":"https:\/\/api.w.org\/{rel}","templated":true}]}}