{"id":4658,"date":"2026-02-24T21:53:58","date_gmt":"2026-02-25T00:53:58","guid":{"rendered":"https:\/\/oexpressobr.com.br\/?p=4658"},"modified":"2026-02-24T21:54:01","modified_gmt":"2026-02-25T00:54:01","slug":"policia-civil-prende-homem-por-cultivo-de-cannabis-em-residencia-de-londrina","status":"publish","type":"post","link":"https:\/\/oexpressobr.com.br\/?p=4658","title":{"rendered":"Pol\u00edcia Civil prende homem por cultivo de cannabis em resid\u00eancia de Londrina"},"content":{"rendered":"\n<p class=\"wp-block-paragraph\">Um homem de 46 anos foi detido em flagrante pela Pol\u00edcia Civil do Paran\u00e1 (PC-PR) sob acusa\u00e7\u00e3o de tr\u00e1fico de drogas em <strong>Londrina<\/strong>, no Norte do Estado. A opera\u00e7\u00e3o resultou na descoberta de uma estrutura dedicada ao cultivo de <em>Cannabis sativa<\/em> espalhada por diversos c\u00f4modos da resid\u00eancia do suspeito.<\/p>\n\n\n\n<h3 class=\"wp-block-heading\">\u200bDetalhes da Opera\u00e7\u00e3o<\/h3>\n\n\n\n<p class=\"wp-block-paragraph\">\u200bA a\u00e7\u00e3o foi desencadeada ap\u00f3s investiga\u00e7\u00f5es apontarem que a resid\u00eancia funcionava como um ponto de produ\u00e7\u00e3o urbana de entorpecentes. Ao chegarem no local, os agentes confirmaram a exist\u00eancia da planta\u00e7\u00e3o, que contava com:<\/p>\n\n\n\n<ul class=\"wp-block-list\">\n<li>\u200b<strong>Diversos est\u00e1gios de matura\u00e7\u00e3o:<\/strong> Plantas em diferentes fases de crescimento.<\/li>\n\n\n\n<li>\u200b<strong>Ambiente controlado:<\/strong> O cultivo era realizado em m\u00faltiplos locais da casa, adaptados para o desenvolvimento da erva.<\/li>\n\n\n\n<li>\u200b<strong>Apreens\u00e3o imediata:<\/strong> Todo o material bot\u00e2nico e equipamentos relacionados ao cultivo foram recolhidos pela equipe policial.<\/li>\n<\/ul>\n\n\n\n<h3 class=\"wp-block-heading\">\u200bProcedimentos Legais<\/h3>\n\n\n\n<p class=\"wp-block-paragraph\">\u200bO suspeito foi encaminhado \u00e0 unidade prisional, onde permanece \u00e0 disposi\u00e7\u00e3o da Justi\u00e7a. No Brasil, embora o debate sobre o uso medicinal e o autocultivo esteja em pauta nos tribunais superiores, a produ\u00e7\u00e3o dom\u00e9stica sem autoriza\u00e7\u00e3o espec\u00edfica da Anvisa ou decis\u00e3o judicial (Habeas Corpus) ainda \u00e9 tipificada como <strong>tr\u00e1fico de drogas<\/strong> pela Lei 11.343\/2006.<\/p>\n\n\n\n<p class=\"wp-block-paragraph\">\u200bA pol\u00edcia agora trabalha para identificar se havia a comercializa\u00e7\u00e3o sistem\u00e1tica da produ\u00e7\u00e3o ou se o detido possu\u00eda conex\u00f5es com outros distribuidores na regi\u00e3o de Londrina.<\/p>\n\n\n\n<blockquote class=\"wp-block-quote is-layout-flow wp-block-quote-is-layout-flow\">\n<p class=\"wp-block-paragraph\">\u200b<strong>Nota:<\/strong> At\u00e9 o fechamento desta edi\u00e7\u00e3o, a defesa do suspeito n\u00e3o havia se manifestado publicamente sobre as acusa\u00e7\u00f5es.<\/p>\n<\/blockquote>\n","protected":false},"excerpt":{"rendered":"<p>Um homem de 46 anos foi detido em flagrante pela Pol\u00edcia Civil do Paran\u00e1 (PC-PR) sob acusa\u00e7\u00e3o de tr\u00e1fico de drogas em Londrina, no Norte [&#8230;]<\/p>\n","protected":false},"author":1,"featured_media":4659,"comment_status":"open","ping_status":"open","sticky":false,"template":"","format":"standard","meta":{"_crdt_document":"","_jetpack_memberships_contains_paid_content":false,"footnotes":"","jetpack_publicize_message":"","jetpack_publicize_feature_enabled":true,"jetpack_social_post_already_shared":true,"jetpack_social_options":{"image_generator_settings":{"template":"highway","default_image_id":0,"font":"","enabled":false},"version":2}},"categories":[9],"tags":[],"class_list":["post-4658","post","type-post","status-publish","format-standard","has-post-thumbnail","hentry","category-policia"],"jetpack_publicize_connections":[],"jetpack_featured_media_url":"https:\/\/i0.wp.com\/oexpressobr.com.br\/wp-content\/uploads\/2026\/02\/cannabis1.jpeg?fit=984%2C552&ssl=1","jetpack_likes_enabled":true,"jetpack_sharing_enabled":true,"_links":{"self":[{"href":"https:\/\/oexpressobr.com.br\/index.php?rest_route=\/wp\/v2\/posts\/4658","targetHints":{"allow":["GET"]}}],"collection":[{"href":"https:\/\/oexpressobr.com.br\/index.php?rest_route=\/wp\/v2\/posts"}],"about":[{"href":"https:\/\/oexpressobr.com.br\/index.php?rest_route=\/wp\/v2\/types\/post"}],"author":[{"embeddable":true,"href":"https:\/\/oexpressobr.com.br\/index.php?rest_route=\/wp\/v2\/users\/1"}],"replies":[{"embeddable":true,"href":"https:\/\/oexpressobr.com.br\/index.php?rest_route=%2Fwp%2Fv2%2Fcomments&post=4658"}],"version-history":[{"count":1,"href":"https:\/\/oexpressobr.com.br\/index.php?rest_route=\/wp\/v2\/posts\/4658\/revisions"}],"predecessor-version":[{"id":4660,"href":"https:\/\/oexpressobr.com.br\/index.php?rest_route=\/wp\/v2\/posts\/4658\/revisions\/4660"}],"wp:featuredmedia":[{"embeddable":true,"href":"https:\/\/oexpressobr.com.br\/index.php?rest_route=\/wp\/v2\/media\/4659"}],"wp:attachment":[{"href":"https:\/\/oexpressobr.com.br\/index.php?rest_route=%2Fwp%2Fv2%2Fmedia&parent=4658"}],"wp:term":[{"taxonomy":"category","embeddable":true,"href":"https:\/\/oexpressobr.com.br\/index.php?rest_route=%2Fwp%2Fv2%2Fcategories&post=4658"},{"taxonomy":"post_tag","embeddable":true,"href":"https:\/\/oexpressobr.com.br\/index.php?rest_route=%2Fwp%2Fv2%2Ftags&post=4658"}],"curies":[{"name":"wp","href":"https:\/\/api.w.org\/{rel}","templated":true}]}}