{"id":4661,"date":"2026-02-24T22:12:31","date_gmt":"2026-02-25T01:12:31","guid":{"rendered":"https:\/\/oexpressobr.com.br\/?p=4661"},"modified":"2026-02-24T22:12:34","modified_gmt":"2026-02-25T01:12:34","slug":"valdemar-costa-neto-projeta-flavio-bolsonaro-e-lula-como-unicos-nomes-viaveis-para-2026-e-defende-uniao-da-direita-no-1o-turno","status":"publish","type":"post","link":"https:\/\/oexpressobr.com.br\/?p=4661","title":{"rendered":"Valdemar Costa Neto projeta Fl\u00e1vio Bolsonaro e Lula como \u00fanicos nomes vi\u00e1veis para 2026 e defende uni\u00e3o da direita no 1\u00ba turno"},"content":{"rendered":"\n<p class=\"wp-block-paragraph\"><strong>S\u00c3O PAULO<\/strong> \u2013 Em um movimento estrat\u00e9gico para consolidar a hegemonia da direita nas elei\u00e7\u00f5es de 2026, o presidente nacional do PL, Valdemar Costa Neto, afirmou que a uni\u00e3o do campo conservador \u00e9 a \u00fanica via para encerrar a disputa presidencial ainda no primeiro turno. Durante evento organizado pelo Grupo Esfera na capital paulista, o dirigente foi enf\u00e1tico ao declarar que o cen\u00e1rio pol\u00edtico est\u00e1 polarizado entre dois nomes: o senador Fl\u00e1vio Bolsonaro (PL-RJ) e o atual presidente Luiz In\u00e1cio Lula da Silva (PT).<\/p>\n\n\n\n<p class=\"wp-block-paragraph\">\u200b&#8221;N\u00e3o h\u00e1 possibilidade de um segundo turno sem Fl\u00e1vio e Lula&#8221;, sentenciou Valdemar a uma plateia de empres\u00e1rios. Para o l\u00edder partid\u00e1rio, a pulveriza\u00e7\u00e3o de candidaturas na direita e no centro-direita apenas favoreceria a manuten\u00e7\u00e3o do PT no poder, enquanto uma frente \u00fanica em torno do &#8220;herdeiro pol\u00edtico&#8221; de Jair Bolsonaro poderia liquidar a fatura precocemente.<\/p>\n\n\n\n<h3 class=\"wp-block-heading\">\u200b<strong>Estrat\u00e9gia e composi\u00e7\u00e3o de chapa<\/strong><\/h3>\n\n\n\n<p class=\"wp-block-paragraph\">\u200bAs declara\u00e7\u00f5es de Valdemar n\u00e3o se limitaram \u00e0 polariza\u00e7\u00e3o. O dirigente j\u00e1 come\u00e7ou a desenhar o que considera a &#8220;chapa ideal&#8221;. Ele citou o governador de Minas Gerais, <strong>Romeu Zema (Novo)<\/strong>, como um vice estrat\u00e9gico devido ao peso eleitoral do estado mineiro, embora tenha ressaltado que a ex-ministra <strong>Tereza Cristina (PP)<\/strong> tamb\u00e9m possui forte apelo, especialmente para atrair o voto feminino e do agroneg\u00f3cio.<\/p>\n\n\n\n<p class=\"wp-block-paragraph\">\u200bValdemar aproveitou para alfinetar a &#8220;teimosia&#8221; de Jair Bolsonaro em escolhas passadas, referindo-se \u00e0 indica\u00e7\u00e3o de Braga Netto em 2022, e destacou que Fl\u00e1vio possui um perfil mais &#8220;equilibrado&#8221; e &#8220;carism\u00e1tico&#8221;, o que facilitaria o di\u00e1logo com setores moderados e o empresariado.<\/p>\n\n\n\n<h3 class=\"wp-block-heading\">\u200b<strong>Novidades e Bastidores<\/strong><\/h3>\n\n\n\n<ul class=\"wp-block-list\">\n<li>\u200b<strong>Press\u00e3o interna:<\/strong> Enquanto Valdemar tenta projetar Fl\u00e1vio como o nome de consenso, bastidores indicam tens\u00f5es com outros membros da fam\u00edlia Bolsonaro. Recentemente, Carlos Bolsonaro criticou a condu\u00e7\u00e3o do partido, sugerindo que o ex-presidente estaria sendo &#8220;isolado&#8221; pela c\u00fapula da legenda.<\/li>\n\n\n\n<li>\u200b<strong>Fator Michelle:<\/strong> Valdemar esclareceu que Michelle Bolsonaro ainda n\u00e3o foi formalmente consultada sobre a candidatura do enteado e que a ex-primeira-dama continua sendo um &#8220;fen\u00f4meno&#8221; de popularidade que ser\u00e1 pe\u00e7a-chave na mobiliza\u00e7\u00e3o de votos, independentemente do cargo que venha a ocupar.<\/li>\n\n\n\n<li>\u200b<strong>Pesquisas:<\/strong> O otimismo do PL baseia-se em levantamentos internos e recentes pesquisas de institutos como Paran\u00e1 Pesquisas e Futura Intelig\u00eancia, que mostram Fl\u00e1vio Bolsonaro em crescimento e, em alguns cen\u00e1rios, tecnicamente empatado ou ligeiramente \u00e0 frente de Lula.<\/li>\n<\/ul>\n\n\n\n<p class=\"wp-block-paragraph\">\u200bPara Valdemar, a elei\u00e7\u00e3o de 2026 \u00e9 tratada como uma quest\u00e3o de &#8220;vida ou morte&#8221; pol\u00edtica, associando a vit\u00f3ria de Fl\u00e1vio \u00e0 pr\u00f3pria liberdade e reabilita\u00e7\u00e3o pol\u00edtica de Jair Bolsonaro, que atualmente enfrenta restri\u00e7\u00f5es judiciais. O plano agora \u00e9 iniciar conversas com governadores como Ronaldo Caiado (Goi\u00e1s) e Ratinho J\u00fanior (Paran\u00e1) para tentar convenc\u00ea-los a abdicar de candidaturas pr\u00f3prias em prol da &#8220;unidade da direita&#8221;.<\/p>\n","protected":false},"excerpt":{"rendered":"<p>S\u00c3O PAULO \u2013 Em um movimento estrat\u00e9gico para consolidar a hegemonia da direita nas elei\u00e7\u00f5es de 2026, o presidente nacional do PL, Valdemar Costa Neto, [&#8230;]<\/p>\n","protected":false},"author":1,"featured_media":4662,"comment_status":"open","ping_status":"open","sticky":false,"template":"","format":"standard","meta":{"_crdt_document":"","_jetpack_memberships_contains_paid_content":false,"footnotes":"","jetpack_publicize_message":"","jetpack_publicize_feature_enabled":true,"jetpack_social_post_already_shared":true,"jetpack_social_options":{"image_generator_settings":{"template":"highway","default_image_id":0,"font":"","enabled":false},"version":2}},"categories":[7],"tags":[],"class_list":["post-4661","post","type-post","status-publish","format-standard","has-post-thumbnail","hentry","category-politica"],"jetpack_publicize_connections":[],"jetpack_featured_media_url":"https:\/\/i0.wp.com\/oexpressobr.com.br\/wp-content\/uploads\/2026\/02\/IMG-20260224-WA0378.jpg?fit=750%2C500&ssl=1","jetpack_likes_enabled":true,"jetpack_sharing_enabled":true,"_links":{"self":[{"href":"https:\/\/oexpressobr.com.br\/index.php?rest_route=\/wp\/v2\/posts\/4661","targetHints":{"allow":["GET"]}}],"collection":[{"href":"https:\/\/oexpressobr.com.br\/index.php?rest_route=\/wp\/v2\/posts"}],"about":[{"href":"https:\/\/oexpressobr.com.br\/index.php?rest_route=\/wp\/v2\/types\/post"}],"author":[{"embeddable":true,"href":"https:\/\/oexpressobr.com.br\/index.php?rest_route=\/wp\/v2\/users\/1"}],"replies":[{"embeddable":true,"href":"https:\/\/oexpressobr.com.br\/index.php?rest_route=%2Fwp%2Fv2%2Fcomments&post=4661"}],"version-history":[{"count":1,"href":"https:\/\/oexpressobr.com.br\/index.php?rest_route=\/wp\/v2\/posts\/4661\/revisions"}],"predecessor-version":[{"id":4663,"href":"https:\/\/oexpressobr.com.br\/index.php?rest_route=\/wp\/v2\/posts\/4661\/revisions\/4663"}],"wp:featuredmedia":[{"embeddable":true,"href":"https:\/\/oexpressobr.com.br\/index.php?rest_route=\/wp\/v2\/media\/4662"}],"wp:attachment":[{"href":"https:\/\/oexpressobr.com.br\/index.php?rest_route=%2Fwp%2Fv2%2Fmedia&parent=4661"}],"wp:term":[{"taxonomy":"category","embeddable":true,"href":"https:\/\/oexpressobr.com.br\/index.php?rest_route=%2Fwp%2Fv2%2Fcategories&post=4661"},{"taxonomy":"post_tag","embeddable":true,"href":"https:\/\/oexpressobr.com.br\/index.php?rest_route=%2Fwp%2Fv2%2Ftags&post=4661"}],"curies":[{"name":"wp","href":"https:\/\/api.w.org\/{rel}","templated":true}]}}