{"id":467,"date":"2025-12-09T08:39:52","date_gmt":"2025-12-09T11:39:52","guid":{"rendered":"https:\/\/oexpressobr.com.br\/?p=467"},"modified":"2025-12-09T08:39:53","modified_gmt":"2025-12-09T11:39:53","slug":"aquarela-do-brasil-de-ary-barroso-eterna-em-versoes-que-vao-de-stevie-wonder-ao-hino-socialista-frances","status":"publish","type":"post","link":"https:\/\/oexpressobr.com.br\/?p=467","title":{"rendered":"Aquarela do Brasil, De Ary Barroso, Eterna Em Vers\u00f5es Que V\u00e3o De Stevie Wonder Ao Hino Socialista Franc\u00eas"},"content":{"rendered":"\n<p class=\"wp-block-paragraph\">Uma das mais ic\u00f4nicas e regravadas can\u00e7\u00f5es da m\u00fasica popular brasileira, &#8220;Aquarela do Brasil&#8221;, de <strong>Ary Barroso<\/strong>, transcendeu fronteiras geogr\u00e1ficas e ideol\u00f3gicas, solidificando-se como um verdadeiro hino de exalta\u00e7\u00e3o nacional, adaptado e aclamado em contextos surpreendentemente diversos. A composi\u00e7\u00e3o, lan\u00e7ada em <strong>1939<\/strong>, n\u00e3o apenas inaugurou o g\u00eanero do samba-exalta\u00e7\u00e3o, como tamb\u00e9m conquistou o cen\u00e1rio internacional de maneiras \u00fanicas, alcan\u00e7ando feitos not\u00e1veis, incluindo ser cantada pelo astro norte-americano <strong>Stevie Wonder<\/strong> e ser adotada como tema de campanha pelo <strong>Partido Socialista franc\u00eas<\/strong>.<\/p>\n\n\n\n<h3 class=\"wp-block-heading\">\u200bDo Brasil de Ary Barroso ao Mundo<\/h3>\n\n\n\n<p class=\"wp-block-paragraph\">\u200b&#8221;Aquarela do Brasil&#8221; nasceu da genialidade de Ary Barroso em uma noite de temporal, com a inten\u00e7\u00e3o de quebrar a sequ\u00eancia de sambas com letras tr\u00e1gicas, exaltando as belezas e a cultura do pa\u00eds. A can\u00e7\u00e3o, inicialmente gravada por Francisco Alves, teve um sucesso tardio no Brasil, mas sua proje\u00e7\u00e3o internacional veio de forma estrondosa.<\/p>\n\n\n\n<ul class=\"wp-block-list\">\n<li>\u200b<strong>Hollywood e o Samba:<\/strong> O estouro global se deu em <strong>1942<\/strong>, ao ser inclu\u00edda na trilha sonora do desenho animado da Disney, <strong>&#8220;Al\u00f4, Amigos&#8221;<\/strong> (<em>Saludos Amigos<\/em>), protagonizado pelo papagaio Z\u00e9 Carioca, como parte da &#8220;Pol\u00edtica da Boa Vizinhan\u00e7a&#8221; dos EUA. Foi a primeira m\u00fasica brasileira a alcan\u00e7ar mais de um milh\u00e3o de execu\u00e7\u00f5es nas r\u00e1dios norte-americanas.<\/li>\n\n\n\n<li>\u200b<strong>Regrava\u00e7\u00f5es Hist\u00f3ricas:<\/strong> A partir da\u00ed, a can\u00e7\u00e3o foi eternizada por um vasto pante\u00e3o de artistas internacionais e nacionais, como <strong>Frank Sinatra<\/strong>, <strong>Bing Crosby<\/strong>, <strong>Elis Regina<\/strong>, <strong>Gal Costa<\/strong> e, claro, o lend\u00e1rio <strong>Stevie Wonder<\/strong>, que a incluiu em seu repert\u00f3rio, mostrando a universalidade do ritmo e da melodia brasileira.<\/li>\n<\/ul>\n\n\n\n<h3 class=\"wp-block-heading\">\u200bA Surpreendente Ado\u00e7\u00e3o Pol\u00edtica na Fran\u00e7a<\/h3>\n\n\n\n<p class=\"wp-block-paragraph\">\u200bUm dos epis\u00f3dios mais inusitados de sua hist\u00f3ria \u00e9 a sua apropria\u00e7\u00e3o por parte da pol\u00edtica francesa. No in\u00edcio dos <strong>anos 1980<\/strong>, a melodia de &#8220;Aquarela do Brasil&#8221; serviu de base para o tema da campanha presidencial de <strong>Fran\u00e7ois Mitterrand<\/strong>, l\u00edder do Partido Socialista franc\u00eas, que viria a ser eleito presidente da Fran\u00e7a em 1981. A vers\u00e3o adaptada da m\u00fasica brasileira tornou-se um hino de esperan\u00e7a e mudan\u00e7a para a esquerda francesa na \u00e9poca.<\/p>\n\n\n\n<h3 class=\"wp-block-heading\">\u200bLegado Imensur\u00e1vel<\/h3>\n\n\n\n<p class=\"wp-block-paragraph\">\u200bHoje, &#8220;Aquarela do Brasil&#8221; permanece como um dos pilares da M\u00fasica Popular Brasileira (MPB). Segundo dados, a obra \u00e9 a <strong>segunda can\u00e7\u00e3o brasileira mais regravada de todos os tempos<\/strong>, ficando atr\u00e1s apenas de &#8220;Garota de Ipanema&#8221;. Seu legado n\u00e3o \u00e9 apenas musical; a can\u00e7\u00e3o tamb\u00e9m \u00e9 not\u00e1vel por ter sido uma das primeiras a exaltar, em sua letra, a popula\u00e7\u00e3o negra brasileira, com versos como &#8220;Tira a m\u00e3e preta do cerrado\/ Bota o rei congo no congado&#8221;.<\/p>\n\n\n\n<p class=\"wp-block-paragraph\">\u200bA can\u00e7\u00e3o de Ary Barroso continua a ser celebrada por sua riqueza mel\u00f3dica e letra ufanista, que, apesar de ter gerado debates sobre sua rela\u00e7\u00e3o com o nacionalismo da \u00e9poca, manteve-se firme no pante\u00e3o da m\u00fasica mundial, provando que a arte brasileira tem a capacidade de emocionar e inspirar em qualquer canto do planeta.<\/p>\n","protected":false},"excerpt":{"rendered":"<p>Uma das mais ic\u00f4nicas e regravadas can\u00e7\u00f5es da m\u00fasica popular brasileira, &#8220;Aquarela do Brasil&#8221;, de Ary Barroso, transcendeu fronteiras geogr\u00e1ficas e ideol\u00f3gicas, solidificando-se como um [&#8230;]<\/p>\n","protected":false},"author":1,"featured_media":468,"comment_status":"open","ping_status":"open","sticky":false,"template":"","format":"standard","meta":{"_crdt_document":"","_jetpack_memberships_contains_paid_content":false,"footnotes":"","jetpack_publicize_message":"","jetpack_publicize_feature_enabled":true,"jetpack_social_post_already_shared":false,"jetpack_social_options":{"image_generator_settings":{"template":"highway","default_image_id":0,"font":"","enabled":false},"version":2}},"categories":[3],"tags":[],"class_list":["post-467","post","type-post","status-publish","format-standard","has-post-thumbnail","hentry","category-brasil"],"jetpack_publicize_connections":[],"jetpack_featured_media_url":"https:\/\/i0.wp.com\/oexpressobr.com.br\/wp-content\/uploads\/2025\/12\/75eb8de0-c645-11f0-8c06-f5d460985095.jpg.webp?fit=800%2C533&ssl=1","jetpack_likes_enabled":true,"jetpack_sharing_enabled":true,"_links":{"self":[{"href":"https:\/\/oexpressobr.com.br\/index.php?rest_route=\/wp\/v2\/posts\/467","targetHints":{"allow":["GET"]}}],"collection":[{"href":"https:\/\/oexpressobr.com.br\/index.php?rest_route=\/wp\/v2\/posts"}],"about":[{"href":"https:\/\/oexpressobr.com.br\/index.php?rest_route=\/wp\/v2\/types\/post"}],"author":[{"embeddable":true,"href":"https:\/\/oexpressobr.com.br\/index.php?rest_route=\/wp\/v2\/users\/1"}],"replies":[{"embeddable":true,"href":"https:\/\/oexpressobr.com.br\/index.php?rest_route=%2Fwp%2Fv2%2Fcomments&post=467"}],"version-history":[{"count":0,"href":"https:\/\/oexpressobr.com.br\/index.php?rest_route=\/wp\/v2\/posts\/467\/revisions"}],"wp:featuredmedia":[{"embeddable":true,"href":"https:\/\/oexpressobr.com.br\/index.php?rest_route=\/wp\/v2\/media\/468"}],"wp:attachment":[{"href":"https:\/\/oexpressobr.com.br\/index.php?rest_route=%2Fwp%2Fv2%2Fmedia&parent=467"}],"wp:term":[{"taxonomy":"category","embeddable":true,"href":"https:\/\/oexpressobr.com.br\/index.php?rest_route=%2Fwp%2Fv2%2Fcategories&post=467"},{"taxonomy":"post_tag","embeddable":true,"href":"https:\/\/oexpressobr.com.br\/index.php?rest_route=%2Fwp%2Fv2%2Ftags&post=467"}],"curies":[{"name":"wp","href":"https:\/\/api.w.org\/{rel}","templated":true}]}}