{"id":4674,"date":"2026-02-25T12:03:53","date_gmt":"2026-02-25T15:03:53","guid":{"rendered":"https:\/\/oexpressobr.com.br\/?p=4674"},"modified":"2026-02-25T12:03:59","modified_gmt":"2026-02-25T15:03:59","slug":"camara-aprova-pl-antifaccao-e-endurece-penas-para-crime-organizado-apos-queda-de-taxacao-das-bets","status":"publish","type":"post","link":"https:\/\/oexpressobr.com.br\/?p=4674","title":{"rendered":"C\u00e2mara aprova PL Antifac\u00e7\u00e3o e endurece penas para crime organizado ap\u00f3s queda de taxa\u00e7\u00e3o das bets"},"content":{"rendered":"\n<p class=\"wp-block-paragraph\">\u200bO plen\u00e1rio da C\u00e2mara dos Deputados concluiu, na noite desta ter\u00e7a-feira (24), a vota\u00e7\u00e3o do Projeto de Lei 5.582\/25, amplamente conhecido como PL Antifac\u00e7\u00e3o. A proposta, que agora segue para a san\u00e7\u00e3o do presidente Luiz In\u00e1cio Lula da Silva, estabelece um novo e rigoroso marco legal no combate \u00e0s organiza\u00e7\u00f5es criminosas no Brasil, elevando penas m\u00e1ximas para at\u00e9 40 anos de reclus\u00e3o.<\/p>\n\n\n\n<p class=\"wp-block-paragraph\">\u200bA aprova\u00e7\u00e3o ocorreu em meio a uma intensa disputa pol\u00edtica. O texto final, sob relatoria do deputado Guilherme Derrite (PP-SP), retomou pontos centrais que haviam sido modificados pelo Senado, endurecendo novamente as regras. Um dos momentos de maior tens\u00e3o na sess\u00e3o foi a retirada, por meio de destaque, da cria\u00e7\u00e3o da &#8220;Cide-Bets&#8221; \u2014 uma taxa\u00e7\u00e3o de 15% sobre as casas de apostas online que destinaria cerca de R$ 30 bilh\u00f5es para o Fundo Nacional de Seguran\u00e7a P\u00fablica. A exclus\u00e3o da taxa foi criticada por parlamentares da base governista, como o deputado Lindbergh Farias (PT-RJ), que classificou a decis\u00e3o como uma &#8220;coniv\u00eancia com o crime&#8221;.<\/p>\n\n\n\n<h3 class=\"wp-block-heading\">\u200bPrincipais pontos aprovados e as \u00faltimas novidades:<\/h3>\n\n\n\n<ul class=\"wp-block-list\">\n<li>\u200b<strong>Dom\u00ednio Social Estruturado:<\/strong> O projeto cria este novo tipo penal para punir grupos que exer\u00e7am controle territorial por meio de viol\u00eancia ou grave amea\u00e7a. As penas variam de 20 a 40 anos de pris\u00e3o.<\/li>\n\n\n\n<li>\u200b<strong>Fim de Benef\u00edcios:<\/strong> O texto veda a concess\u00e3o de aux\u00edlio-reclus\u00e3o para dependentes de membros de fac\u00e7\u00f5es criminosas e restringe o direito ao voto para presos provis\u00f3rios ligados a esses grupos.<\/li>\n\n\n\n<li>\u200b<strong>Regime Fechado e Pres\u00eddios Federais:<\/strong> L\u00edderes de organiza\u00e7\u00f5es criminosas e membros de n\u00facleos de comando dever\u00e3o cumprir pena obrigatoriamente em pres\u00eddios federais de seguran\u00e7a m\u00e1xima. A progress\u00e3o de regime tamb\u00e9m se torna mais r\u00edgida, exigindo o cumprimento de at\u00e9 85% da pena em casos espec\u00edficos.<\/li>\n\n\n\n<li>\u200b<strong>Asfixia Financeira:<\/strong> A proposta facilita o confisco e o perdimento extraordin\u00e1rio de bens antes mesmo de uma decis\u00e3o judicial final, caso a origem il\u00edcita dos valores seja comprovada.<\/li>\n\n\n\n<li>\u200b<strong>Homenagem:<\/strong> O presidente da C\u00e2mara, Hugo Motta (Republicanos-PB), anunciou que a nova legisla\u00e7\u00e3o dever\u00e1 ser batizada com o nome do ex-ministro da Justi\u00e7a Raul Jungmann, falecido recentemente, em reconhecimento ao seu legado na seguran\u00e7a p\u00fablica.<\/li>\n<\/ul>\n\n\n\n<p class=\"wp-block-paragraph\">\u200bO projeto agora aguarda a decis\u00e3o do Pal\u00e1cio do Planalto. Embora o governo tenha orientado voto favor\u00e1vel ao relat\u00f3rio de Derrite para garantir a aprova\u00e7\u00e3o de medidas contra o crime, h\u00e1 expectativa de que o presidente Lula possa exercer vetos pontuais, especialmente em trechos que geram diverg\u00eancias sobre a autonomia de recursos da Pol\u00edcia Federal e a exclus\u00e3o da fonte de financiamento vinda das apostas esportivas.<\/p>\n\n\n\n<p class=\"wp-block-paragraph\"><\/p>\n","protected":false},"excerpt":{"rendered":"<p>\u200bO plen\u00e1rio da C\u00e2mara dos Deputados concluiu, na noite desta ter\u00e7a-feira (24), a vota\u00e7\u00e3o do Projeto de Lei 5.582\/25, amplamente conhecido como PL Antifac\u00e7\u00e3o. A [&#8230;]<\/p>\n","protected":false},"author":1,"featured_media":4675,"comment_status":"open","ping_status":"open","sticky":false,"template":"","format":"standard","meta":{"_crdt_document":"","_jetpack_memberships_contains_paid_content":false,"footnotes":"","jetpack_publicize_message":"","jetpack_publicize_feature_enabled":true,"jetpack_social_post_already_shared":true,"jetpack_social_options":{"image_generator_settings":{"template":"highway","default_image_id":0,"font":"","enabled":false},"version":2}},"categories":[3],"tags":[],"class_list":["post-4674","post","type-post","status-publish","format-standard","has-post-thumbnail","hentry","category-brasil"],"jetpack_publicize_connections":[],"jetpack_featured_media_url":"https:\/\/i0.wp.com\/oexpressobr.com.br\/wp-content\/uploads\/2026\/02\/camara_dos_deputados_votacao.webp?fit=1170%2C700&ssl=1","jetpack_likes_enabled":true,"jetpack_sharing_enabled":true,"_links":{"self":[{"href":"https:\/\/oexpressobr.com.br\/index.php?rest_route=\/wp\/v2\/posts\/4674","targetHints":{"allow":["GET"]}}],"collection":[{"href":"https:\/\/oexpressobr.com.br\/index.php?rest_route=\/wp\/v2\/posts"}],"about":[{"href":"https:\/\/oexpressobr.com.br\/index.php?rest_route=\/wp\/v2\/types\/post"}],"author":[{"embeddable":true,"href":"https:\/\/oexpressobr.com.br\/index.php?rest_route=\/wp\/v2\/users\/1"}],"replies":[{"embeddable":true,"href":"https:\/\/oexpressobr.com.br\/index.php?rest_route=%2Fwp%2Fv2%2Fcomments&post=4674"}],"version-history":[{"count":1,"href":"https:\/\/oexpressobr.com.br\/index.php?rest_route=\/wp\/v2\/posts\/4674\/revisions"}],"predecessor-version":[{"id":4676,"href":"https:\/\/oexpressobr.com.br\/index.php?rest_route=\/wp\/v2\/posts\/4674\/revisions\/4676"}],"wp:featuredmedia":[{"embeddable":true,"href":"https:\/\/oexpressobr.com.br\/index.php?rest_route=\/wp\/v2\/media\/4675"}],"wp:attachment":[{"href":"https:\/\/oexpressobr.com.br\/index.php?rest_route=%2Fwp%2Fv2%2Fmedia&parent=4674"}],"wp:term":[{"taxonomy":"category","embeddable":true,"href":"https:\/\/oexpressobr.com.br\/index.php?rest_route=%2Fwp%2Fv2%2Fcategories&post=4674"},{"taxonomy":"post_tag","embeddable":true,"href":"https:\/\/oexpressobr.com.br\/index.php?rest_route=%2Fwp%2Fv2%2Ftags&post=4674"}],"curies":[{"name":"wp","href":"https:\/\/api.w.org\/{rel}","templated":true}]}}