{"id":4677,"date":"2026-02-25T12:12:21","date_gmt":"2026-02-25T15:12:21","guid":{"rendered":"https:\/\/oexpressobr.com.br\/?p=4677"},"modified":"2026-02-25T12:46:10","modified_gmt":"2026-02-25T15:46:10","slug":"bras-oit-e-congresso-nacional-unem-forcas-contra-o-trabalho-escravo-no-brasil","status":"publish","type":"post","link":"https:\/\/oexpressobr.com.br\/?p=4677","title":{"rendered":"Brasil, OIT e Congresso Nacional unem for\u00e7as contra o trabalho escravo no Brasil"},"content":{"rendered":"\n<p class=\"wp-block-paragraph\"><strong>Bras\u00edlia<\/strong> \u2013 O Brasil deu um passo decisivo na consolida\u00e7\u00e3o de seu arcabou\u00e7o jur\u00eddico de prote\u00e7\u00e3o aos direitos humanos. Ap\u00f3s um longo processo de tramita\u00e7\u00e3o, foi oficialmente promulgado o Protocolo de 2014 \u00e0 Conven\u00e7\u00e3o n\u00ba 29 da Organiza\u00e7\u00e3o Internacional do Trabalho (OIT). O documento, que atualiza normas de quase um s\u00e9culo atr\u00e1s, obriga o pa\u00eds a intensificar medidas de preven\u00e7\u00e3o, prote\u00e7\u00e3o \u00e0s v\u00edtimas e repress\u00e3o ao trabalho for\u00e7ado, com um olhar atento \u00e0s novas din\u00e2micas de explora\u00e7\u00e3o moderna.<\/p>\n\n\n\n<p class=\"wp-block-paragraph\">\u200bA promulga\u00e7\u00e3o ocorre em um momento cr\u00edtico. Dados consolidados de 2025 revelam que o Brasil atingiu o maior n\u00famero de den\u00fancias de trabalho escravo da hist\u00f3ria, com 4.515 registros \u2014 uma alta de 14% em rela\u00e7\u00e3o a 2024. No \u00faltimo ano, o governo federal resgatou 2.772 pessoas em condi\u00e7\u00f5es an\u00e1logas \u00e0 escravid\u00e3o, evidenciando que a pr\u00e1tica, longe de ser erradicada, infiltra-se em setores variados, desde obras de alvenaria at\u00e9 o agroneg\u00f3cio e o servi\u00e7o dom\u00e9stico.<\/p>\n\n\n\n<h3 class=\"wp-block-heading\">\u200bO que muda com o novo protocolo<\/h3>\n\n\n\n<p class=\"wp-block-paragraph\">\u200bDiferente da conven\u00e7\u00e3o original de 1930, o Protocolo de 2014 foca na raiz do problema e na assist\u00eancia p\u00f3s-resgate. Entre os principais pontos agora integrados \u00e0 legisla\u00e7\u00e3o brasileira, destacam-se:<\/p>\n\n\n\n<ul class=\"wp-block-list\">\n<li>\u200b<strong>Preven\u00e7\u00e3o Ativa:<\/strong> O Estado deve implementar campanhas educativas e pol\u00edticas de &#8220;devida dilig\u00eancia&#8221; nos setores p\u00fablico e privado.<\/li>\n\n\n\n<li>\u200b<strong>Prote\u00e7\u00e3o \u00e0s V\u00edtimas:<\/strong> Fica garantido o acesso \u00e0 justi\u00e7a e \u00e0 repara\u00e7\u00e3o, assegurando que os trabalhadores resgatados n\u00e3o sejam punidos por atos cometidos sob coer\u00e7\u00e3o.<\/li>\n\n\n\n<li>\u200b<strong>Foco em Grupos Vulner\u00e1veis:<\/strong> O texto exige um olhar transversal para quest\u00f5es de g\u00eanero e inf\u00e2ncia, reconhecendo que mulheres, meninas e migrantes s\u00e3o as maiores v\u00edtimas do tr\u00e1fico de pessoas para fins de explora\u00e7\u00e3o laboral.<\/li>\n<\/ul>\n\n\n\n<h3 class=\"wp-block-heading\">\u200bDesafios no cen\u00e1rio atual<\/h3>\n\n\n\n<p class=\"wp-block-paragraph\">\u200bApesar do avan\u00e7o legislativo, especialistas e entidades como o Minist\u00e9rio P\u00fablico do Trabalho (MPT) alertam para obst\u00e1culos pr\u00e1ticos. O in\u00edcio de 2026 tem sido marcado por tens\u00f5es na fiscaliza\u00e7\u00e3o. Auditores-fiscais do trabalho apontam riscos de um &#8220;apag\u00e3o&#8221; operacional devido a restri\u00e7\u00f5es or\u00e7ament\u00e1rias e impasses administrativos, o que pode comprometer a aplica\u00e7\u00e3o efetiva das novas diretrizes da OIT.<\/p>\n\n\n\n<p class=\"wp-block-paragraph\">\u200b&#8221;A ratifica\u00e7\u00e3o nos alinha \u00e0s obriga\u00e7\u00f5es internacionais e fortalece as institui\u00e7\u00f5es que j\u00e1 est\u00e3o na linha de frente&#8221;, afirmou o ministro Augusto C\u00e9sar, do Tribunal Superior do Trabalho (TST). Para o magistrado, o protocolo \u00e9 uma ferramenta essencial para que o Brasil cumpra a meta dos Objetivos de Desenvolvimento Sustent\u00e1vel (ODS) da ONU: erradicar a escravid\u00e3o moderna at\u00e9 2030.<\/p>\n\n\n\n<p class=\"wp-block-paragraph\">\u200bCom a entrada em vigor definitiva desta norma, o Brasil reafirma perante a comunidade internacional que a dignidade do trabalhador n\u00e3o \u00e9 negoci\u00e1vel, embora os n\u00fameros recentes mostrem que o caminho para a erradica\u00e7\u00e3o total ainda exige vigil\u00e2ncia constante e investimento em fiscaliza\u00e7\u00e3o.<\/p>\n","protected":false},"excerpt":{"rendered":"<p>Bras\u00edlia \u2013 O Brasil deu um passo decisivo na consolida\u00e7\u00e3o de seu arcabou\u00e7o jur\u00eddico de prote\u00e7\u00e3o aos direitos humanos. Ap\u00f3s um longo processo de tramita\u00e7\u00e3o, [&#8230;]<\/p>\n","protected":false},"author":1,"featured_media":4678,"comment_status":"open","ping_status":"open","sticky":false,"template":"","format":"standard","meta":{"_crdt_document":"","_jetpack_memberships_contains_paid_content":false,"footnotes":"","jetpack_publicize_message":"","jetpack_publicize_feature_enabled":true,"jetpack_social_post_already_shared":true,"jetpack_social_options":{"image_generator_settings":{"template":"highway","default_image_id":0,"font":"","enabled":false},"version":2}},"categories":[3],"tags":[],"class_list":["post-4677","post","type-post","status-publish","format-standard","has-post-thumbnail","hentry","category-brasil"],"jetpack_publicize_connections":[],"jetpack_featured_media_url":"https:\/\/i0.wp.com\/oexpressobr.com.br\/wp-content\/uploads\/2026\/02\/trabalho_escravo_mpt.webp?fit=1170%2C700&ssl=1","jetpack_likes_enabled":true,"jetpack_sharing_enabled":true,"_links":{"self":[{"href":"https:\/\/oexpressobr.com.br\/index.php?rest_route=\/wp\/v2\/posts\/4677","targetHints":{"allow":["GET"]}}],"collection":[{"href":"https:\/\/oexpressobr.com.br\/index.php?rest_route=\/wp\/v2\/posts"}],"about":[{"href":"https:\/\/oexpressobr.com.br\/index.php?rest_route=\/wp\/v2\/types\/post"}],"author":[{"embeddable":true,"href":"https:\/\/oexpressobr.com.br\/index.php?rest_route=\/wp\/v2\/users\/1"}],"replies":[{"embeddable":true,"href":"https:\/\/oexpressobr.com.br\/index.php?rest_route=%2Fwp%2Fv2%2Fcomments&post=4677"}],"version-history":[{"count":2,"href":"https:\/\/oexpressobr.com.br\/index.php?rest_route=\/wp\/v2\/posts\/4677\/revisions"}],"predecessor-version":[{"id":4683,"href":"https:\/\/oexpressobr.com.br\/index.php?rest_route=\/wp\/v2\/posts\/4677\/revisions\/4683"}],"wp:featuredmedia":[{"embeddable":true,"href":"https:\/\/oexpressobr.com.br\/index.php?rest_route=\/wp\/v2\/media\/4678"}],"wp:attachment":[{"href":"https:\/\/oexpressobr.com.br\/index.php?rest_route=%2Fwp%2Fv2%2Fmedia&parent=4677"}],"wp:term":[{"taxonomy":"category","embeddable":true,"href":"https:\/\/oexpressobr.com.br\/index.php?rest_route=%2Fwp%2Fv2%2Fcategories&post=4677"},{"taxonomy":"post_tag","embeddable":true,"href":"https:\/\/oexpressobr.com.br\/index.php?rest_route=%2Fwp%2Fv2%2Ftags&post=4677"}],"curies":[{"name":"wp","href":"https:\/\/api.w.org\/{rel}","templated":true}]}}