{"id":4680,"date":"2026-02-25T12:21:45","date_gmt":"2026-02-25T15:21:45","guid":{"rendered":"https:\/\/oexpressobr.com.br\/?p=4680"},"modified":"2026-02-25T12:21:49","modified_gmt":"2026-02-25T15:21:49","slug":"trump-e-congresso-discurso-do-estado-da-uniao-foca-em-virada-historica-e-patriotismo-para-as-eleicoes-de-2026","status":"publish","type":"post","link":"https:\/\/oexpressobr.com.br\/?p=4680","title":{"rendered":"TRUMP E CONGRESSO: Discurso do Estado da Uni\u00e3o foca em &#8220;virada hist\u00f3rica&#8221; e patriotismo para as elei\u00e7\u00f5es de 2026"},"content":{"rendered":"\n<p class=\"wp-block-paragraph\">\u200bO presidente Donald Trump utilizou a tribuna do Capit\u00f3lio na noite desta ter\u00e7a-feira (24\/2) para entregar o que se tornou o <strong>discurso do Estado da Uni\u00e3o mais longo da hist\u00f3ria<\/strong>, com cerca de 1 hora e 48 minutos. Em um tom que mesclou o otimismo de uma &#8220;na\u00e7\u00e3o que voltou a vencer&#8221; com ataques diretos aos opositores, Trump buscou consolidar sua base antes das elei\u00e7\u00f5es de meio de mandato (<em>midterms<\/em>) em novembro.<\/p>\n\n\n\n<h3 class=\"wp-block-heading\">\u200bOs Pilares do Pronunciamento<\/h3>\n\n\n\n<p class=\"wp-block-paragraph\">\u200bDiferente de uma postura de concilia\u00e7\u00e3o, o presidente dobrou a aposta em suas pol\u00edticas mais controversas:<\/p>\n\n\n\n<ul class=\"wp-block-list\">\n<li>\u200b<strong>Economia e Tarifas:<\/strong> Trump celebrou a queda da infla\u00e7\u00e3o para <strong>2,4% em janeiro<\/strong> e o Dow Jones ultrapassando os <strong>50.000 pontos<\/strong>. No entanto, ele criticou duramente a recente decis\u00e3o da Suprema Corte que limitou seu poder de impor tarifas alfandeg\u00e1rias, prometendo encontrar novas formas de taxar importa\u00e7\u00f5es.<\/li>\n\n\n\n<li>\u200b<strong>Imigra\u00e7\u00e3o e Seguran\u00e7a:<\/strong> O discurso foi marcado por descri\u00e7\u00f5es gr\u00e1ficas de crimes e uma defesa fervorosa das deporta\u00e7\u00f5es em massa. Ele anunciou uma nova &#8220;<strong>guerra contra a fraude<\/strong>&#8221; e criticou cidades que mant\u00eam leis de &#8220;santu\u00e1rio&#8221; para imigrantes.<\/li>\n\n\n\n<li>\u200b<strong>Pol\u00edtica Externa e &#8220;Paz pela For\u00e7a&#8221;:<\/strong> Trump destacou opera\u00e7\u00f5es militares recentes, incluindo a captura do l\u00edder venezuelano Nicol\u00e1s Maduro e ataques contra embarca\u00e7\u00f5es de narcotr\u00e1fico, al\u00e9m de manter um tom duro contra o Ir\u00e3, exigindo garantias de que o pa\u00eds nunca ter\u00e1 armas nucleares.<\/li>\n<\/ul>\n\n\n\n<h3 class=\"wp-block-heading\">\u200bRecursos Teatrais e Simbolismo<\/h3>\n\n\n\n<p class=\"wp-block-paragraph\">\u200bFiel ao seu estilo de <em>showman<\/em>, Trump transformou o plen\u00e1rio em um palco de homenagens:<\/p>\n\n\n\n<ol class=\"wp-block-list\">\n<li>\u200b<strong>Her\u00f3is do Esporte:<\/strong> A sele\u00e7\u00e3o masculina de h\u00f3quei dos EUA, medalhista de ouro, foi ovacionada de p\u00e9 por ambos os partidos.<\/li>\n\n\n\n<li>\u200b<strong>Veteranos Centen\u00e1rios:<\/strong> O aviador da Marinha <strong>Royce Williams<\/strong>, de 100 anos, foi homenageado com a Medalha de Honra do Congresso.<\/li>\n\n\n\n<li>\u200b<strong>Agenda 2026:<\/strong> O presidente promoveu o &#8220;<strong>Freedom 250<\/strong>&#8220;, uma s\u00e9rie de celebra\u00e7\u00f5es patri\u00f3ticas que culminar\u00e3o no 250\u00ba anivers\u00e1rio da independ\u00eancia dos EUA em 4 de julho de 2026.<\/li>\n<\/ol>\n\n\n\n<h3 class=\"wp-block-heading\">\u200bO Contexto Pol\u00edtico<\/h3>\n\n\n\n<p class=\"wp-block-paragraph\">\u200bApesar do tom triunfante, o presidente enfrenta ventos contr\u00e1rios. Pesquisas recentes indicam uma <strong>desaprova\u00e7\u00e3o de 60%<\/strong>, com eleitores ainda preocupados com os custos de moradia e sa\u00fade. Enquanto os republicanos aplaudiam euforicamente gritos de &#8220;USA!&#8221;, os democratas permaneceram majoritariamente em sil\u00eancio, com l\u00edderes como Adam Schiff alertando para o que chamam de &#8220;eros\u00e3o dos freios e contrapesos&#8221;.<\/p>\n\n\n\n<blockquote class=\"wp-block-quote is-layout-flow wp-block-quote-is-layout-flow\">\n<p class=\"wp-block-paragraph\">\u200b&#8221;Nossa na\u00e7\u00e3o est\u00e1 de volta. Maior, mais rica e mais forte do que nunca&#8221;, afirmou o presidente, ignorando as cr\u00edticas sobre a centraliza\u00e7\u00e3o de poder em suas m\u00e3os atrav\u00e9s de decretos executivos.<\/p>\n<\/blockquote>\n","protected":false},"excerpt":{"rendered":"<p>\u200bO presidente Donald Trump utilizou a tribuna do Capit\u00f3lio na noite desta ter\u00e7a-feira (24\/2) para entregar o que se tornou o discurso do Estado da [&#8230;]<\/p>\n","protected":false},"author":1,"featured_media":4681,"comment_status":"open","ping_status":"open","sticky":false,"template":"","format":"standard","meta":{"_crdt_document":"","_jetpack_memberships_contains_paid_content":false,"footnotes":"","jetpack_publicize_message":"","jetpack_publicize_feature_enabled":true,"jetpack_social_post_already_shared":true,"jetpack_social_options":{"image_generator_settings":{"template":"highway","default_image_id":0,"font":"","enabled":false},"version":2}},"categories":[15],"tags":[],"class_list":["post-4680","post","type-post","status-publish","format-standard","has-post-thumbnail","hentry","category-internacional"],"jetpack_publicize_connections":[],"jetpack_featured_media_url":"https:\/\/i0.wp.com\/oexpressobr.com.br\/wp-content\/uploads\/2026\/02\/b7a26510-1221-11f1-801d-ed3cff6bf876.jpg.webp?fit=800%2C533&ssl=1","jetpack_likes_enabled":true,"jetpack_sharing_enabled":true,"_links":{"self":[{"href":"https:\/\/oexpressobr.com.br\/index.php?rest_route=\/wp\/v2\/posts\/4680","targetHints":{"allow":["GET"]}}],"collection":[{"href":"https:\/\/oexpressobr.com.br\/index.php?rest_route=\/wp\/v2\/posts"}],"about":[{"href":"https:\/\/oexpressobr.com.br\/index.php?rest_route=\/wp\/v2\/types\/post"}],"author":[{"embeddable":true,"href":"https:\/\/oexpressobr.com.br\/index.php?rest_route=\/wp\/v2\/users\/1"}],"replies":[{"embeddable":true,"href":"https:\/\/oexpressobr.com.br\/index.php?rest_route=%2Fwp%2Fv2%2Fcomments&post=4680"}],"version-history":[{"count":1,"href":"https:\/\/oexpressobr.com.br\/index.php?rest_route=\/wp\/v2\/posts\/4680\/revisions"}],"predecessor-version":[{"id":4682,"href":"https:\/\/oexpressobr.com.br\/index.php?rest_route=\/wp\/v2\/posts\/4680\/revisions\/4682"}],"wp:featuredmedia":[{"embeddable":true,"href":"https:\/\/oexpressobr.com.br\/index.php?rest_route=\/wp\/v2\/media\/4681"}],"wp:attachment":[{"href":"https:\/\/oexpressobr.com.br\/index.php?rest_route=%2Fwp%2Fv2%2Fmedia&parent=4680"}],"wp:term":[{"taxonomy":"category","embeddable":true,"href":"https:\/\/oexpressobr.com.br\/index.php?rest_route=%2Fwp%2Fv2%2Fcategories&post=4680"},{"taxonomy":"post_tag","embeddable":true,"href":"https:\/\/oexpressobr.com.br\/index.php?rest_route=%2Fwp%2Fv2%2Ftags&post=4680"}],"curies":[{"name":"wp","href":"https:\/\/api.w.org\/{rel}","templated":true}]}}