{"id":4689,"date":"2026-02-25T19:16:51","date_gmt":"2026-02-25T22:16:51","guid":{"rendered":"https:\/\/oexpressobr.com.br\/?p=4689"},"modified":"2026-02-25T19:16:55","modified_gmt":"2026-02-25T22:16:55","slug":"dolar-abaixo-de-r-5-mercado-monitora-queda-e-projeta-impacto-nos-juros-e-inflacao","status":"publish","type":"post","link":"https:\/\/oexpressobr.com.br\/?p=4689","title":{"rendered":"D\u00f3lar abaixo de R$ 5? Mercado monitora queda e projeta impacto nos juros e infla\u00e7\u00e3o"},"content":{"rendered":"\n<p class=\"wp-block-paragraph\"><strong>S\u00c3O PAULO<\/strong> \u2013 O mercado financeiro brasileiro vive um in\u00edcio de 2026 marcado por uma valoriza\u00e7\u00e3o expressiva do real frente \u00e0 moeda norte-americana. Nesta quarta-feira, 25 de fevereiro de 2026, o d\u00f3lar comercial acentuou sua trajet\u00f3ria de queda, sendo negociado na casa dos <strong>R$ 5,12<\/strong>, atingindo o seu menor patamar desde maio de 2024. O movimento reacende o debate entre economistas e investidores: afinal, a barreira psicol\u00f3gica dos R$ 5,00 ser\u00e1 rompida em breve?<\/p>\n\n\n\n<h3 class=\"wp-block-heading\">\u200bO que est\u00e1 impulsionando a queda?<\/h3>\n\n\n\n<p class=\"wp-block-paragraph\">\u200bA recente desvaloriza\u00e7\u00e3o do d\u00f3lar \u00e9 resultado de uma combina\u00e7\u00e3o de fatores externos e internos. No cen\u00e1rio internacional, a pol\u00edtica comercial dos Estados Unidos, sob a administra\u00e7\u00e3o de Donald Trump, tem gerado volatilidade, mas tamb\u00e9m momentos de corre\u00e7\u00e3o que favorecem moedas de pa\u00edses emergentes. Investidores t\u00eam aproveitado o diferencial de juros (<em>carry trade<\/em>), captando recursos em economias com taxas baixas para aplicar no Brasil, onde a Selic permanece em n\u00edveis elevados.<\/p>\n\n\n\n<p class=\"wp-block-paragraph\">\u200bInternamente, dados macroecon\u00f4micos mais positivos do que o esperado t\u00eam dado suporte ao real:<\/p>\n\n\n\n<ul class=\"wp-block-list\">\n<li>\u200b<strong>Super\u00e1vit Prim\u00e1rio:<\/strong> O governo registrou um super\u00e1vit de R$ 86,9 bilh\u00f5es em janeiro.<\/li>\n\n\n\n<li>\u200b<strong>IBC-Br:<\/strong> A pr\u00e9via do PIB veio acima das proje\u00e7\u00f5es, sinalizando resili\u00eancia econ\u00f4mica.<\/li>\n\n\n\n<li>\u200b<strong>Infla\u00e7\u00e3o:<\/strong> As expectativas para o IPCA de 2026 foram reduzidas pelo Relat\u00f3rio Focus para 3,91%, aproximando-se da meta do Banco Central.<\/li>\n<\/ul>\n\n\n\n<h3 class=\"wp-block-heading\">\u200bDiverg\u00eancias sobre o patamar de R$ 5<\/h3>\n\n\n\n<p class=\"wp-block-paragraph\">\u200bApesar do otimismo recente, o consenso para o fim do ano ainda \u00e9 de cautela. Segundo o \u00faltimo Relat\u00f3rio Focus, a proje\u00e7\u00e3o do mercado para o d\u00f3lar no encerramento de 2026 caiu de R$ 5,50 para <strong>R$ 5,45<\/strong>. Isso sugere que a maioria dos analistas enxerga a queda atual como um movimento conjuntural, e n\u00e3o necessariamente uma tend\u00eancia de longo prazo que levaria a moeda para baixo dos R$ 5 de forma sustentada.<\/p>\n\n\n\n<p class=\"wp-block-paragraph\">\u200bGestores de grandes fundos, como a Kinea, apontam que o patamar atual da Selic (em torno de 15%) \u00e9 extremamente atrativo para o fluxo de capital estrangeiro, mas preveem que o Banco Central deve iniciar um ciclo de cortes acelerado caso a infla\u00e7\u00e3o continue cedendo. &#8220;O juro est\u00e1 muito alto e deve cair conforme a infla\u00e7\u00e3o se aproxima da meta&#8221;, avaliam especialistas, o que poderia, eventualmente, reduzir a press\u00e3o de valoriza\u00e7\u00e3o do real no segundo semestre.<\/p>\n\n\n\n<h3 class=\"wp-block-heading\">\u200bRiscos no radar<\/h3>\n\n\n\n<p class=\"wp-block-paragraph\">\u200bO caminho para o &#8220;d\u00f3lar sub-5&#8221; ainda enfrenta obst\u00e1culos. O principal risco, segundo analistas da Folha e do Estad\u00e3o, reside nas frentes <strong>fiscal e eleitoral<\/strong>. \u00c0 medida que as elei\u00e7\u00f5es brasileiras de 2026 se aproximam, a incerteza pol\u00edtica tende a elevar o pr\u00eamio de risco, o que historicamente pressiona o c\u00e2mbio para cima. Al\u00e9m disso, as tens\u00f5es geopol\u00edticas globais, envolvendo EUA e Ir\u00e3, e as novas tarifas comerciais de Trump continuam sendo o principal term\u00f4metro para o apetite ao risco global.<\/p>\n\n\n\n<p class=\"wp-block-paragraph\">\u200bPara o consumidor e para as empresas que dependem de importa\u00e7\u00e3o, o momento \u00e9 de monitoramento constante. Se por um lado o recuo ajuda a segurar os pre\u00e7os de combust\u00edveis e alimentos, por outro, a volatilidade impede planejamentos de longo prazo baseados em um d\u00f3lar significativamente mais barato.<\/p>\n","protected":false},"excerpt":{"rendered":"<p>S\u00c3O PAULO \u2013 O mercado financeiro brasileiro vive um in\u00edcio de 2026 marcado por uma valoriza\u00e7\u00e3o expressiva do real frente \u00e0 moeda norte-americana. Nesta quarta-feira, [&#8230;]<\/p>\n","protected":false},"author":1,"featured_media":4690,"comment_status":"open","ping_status":"open","sticky":false,"template":"","format":"standard","meta":{"_crdt_document":"","_jetpack_memberships_contains_paid_content":false,"footnotes":"","jetpack_publicize_message":"","jetpack_publicize_feature_enabled":true,"jetpack_social_post_already_shared":true,"jetpack_social_options":{"image_generator_settings":{"template":"highway","default_image_id":0,"font":"","enabled":false},"version":2}},"categories":[10],"tags":[],"class_list":["post-4689","post","type-post","status-publish","format-standard","has-post-thumbnail","hentry","category-economia"],"jetpack_publicize_connections":[],"jetpack_featured_media_url":"https:\/\/i0.wp.com\/oexpressobr.com.br\/wp-content\/uploads\/2026\/02\/IMG-20260225-WA0294.jpg?fit=750%2C500&ssl=1","jetpack_likes_enabled":true,"jetpack_sharing_enabled":true,"_links":{"self":[{"href":"https:\/\/oexpressobr.com.br\/index.php?rest_route=\/wp\/v2\/posts\/4689","targetHints":{"allow":["GET"]}}],"collection":[{"href":"https:\/\/oexpressobr.com.br\/index.php?rest_route=\/wp\/v2\/posts"}],"about":[{"href":"https:\/\/oexpressobr.com.br\/index.php?rest_route=\/wp\/v2\/types\/post"}],"author":[{"embeddable":true,"href":"https:\/\/oexpressobr.com.br\/index.php?rest_route=\/wp\/v2\/users\/1"}],"replies":[{"embeddable":true,"href":"https:\/\/oexpressobr.com.br\/index.php?rest_route=%2Fwp%2Fv2%2Fcomments&post=4689"}],"version-history":[{"count":1,"href":"https:\/\/oexpressobr.com.br\/index.php?rest_route=\/wp\/v2\/posts\/4689\/revisions"}],"predecessor-version":[{"id":4691,"href":"https:\/\/oexpressobr.com.br\/index.php?rest_route=\/wp\/v2\/posts\/4689\/revisions\/4691"}],"wp:featuredmedia":[{"embeddable":true,"href":"https:\/\/oexpressobr.com.br\/index.php?rest_route=\/wp\/v2\/media\/4690"}],"wp:attachment":[{"href":"https:\/\/oexpressobr.com.br\/index.php?rest_route=%2Fwp%2Fv2%2Fmedia&parent=4689"}],"wp:term":[{"taxonomy":"category","embeddable":true,"href":"https:\/\/oexpressobr.com.br\/index.php?rest_route=%2Fwp%2Fv2%2Fcategories&post=4689"},{"taxonomy":"post_tag","embeddable":true,"href":"https:\/\/oexpressobr.com.br\/index.php?rest_route=%2Fwp%2Fv2%2Ftags&post=4689"}],"curies":[{"name":"wp","href":"https:\/\/api.w.org\/{rel}","templated":true}]}}