{"id":4692,"date":"2026-02-25T19:21:59","date_gmt":"2026-02-25T22:21:59","guid":{"rendered":"https:\/\/oexpressobr.com.br\/?p=4692"},"modified":"2026-02-25T19:22:03","modified_gmt":"2026-02-25T22:22:03","slug":"samsung-apresenta-linha-galaxy-s26-com-foco-em-ia-agentica-e-integracao-inedita-com-perplexity-e-gemini","status":"publish","type":"post","link":"https:\/\/oexpressobr.com.br\/?p=4692","title":{"rendered":"SAMSUNG APRESENTA linha Galaxy S26 com foco em &#8220;IA ag\u00eantica&#8221; e integra\u00e7\u00e3o in\u00e9dita com Perplexity e Gemini"},"content":{"rendered":"\n<p class=\"wp-block-paragraph\">A Samsung oficializou nesta quarta-feira (25), em eventos realizados simultaneamente em San Francisco e S\u00e3o Paulo, a sua nova fam\u00edlia de flagships: o Galaxy S26, S26+ e S26 Ultra. Sob o lema de &#8220;smartphones ag\u00eanticos&#8221;, a gigante sul-coreana sinalizou uma mudan\u00e7a hist\u00f3rica em sua estrat\u00e9gia, priorizando o avan\u00e7o de software e intelig\u00eancia artificial sobre mudan\u00e7as radicais de hardware.<\/p>\n\n\n\n<h3 class=\"wp-block-heading\">\u200bIntelig\u00eancia Artificial no centro da experi\u00eancia<\/h3>\n\n\n\n<p class=\"wp-block-paragraph\">\u200bDiferente das gera\u00e7\u00f5es anteriores, onde o hardware era o protagonista, o Galaxy S26 aposta na IA como o principal motivo para a atualiza\u00e7\u00e3o. A grande novidade \u00e9 a coexist\u00eancia de tr\u00eas assistentes inteligentes: a <strong>Bixby<\/strong> renovada, o <strong>Gemini<\/strong> do Google e, pela primeira vez, uma integra\u00e7\u00e3o nativa com o motor de buscas <strong>Perplexity<\/strong>.<\/p>\n\n\n\n<p class=\"wp-block-paragraph\">\u200bAtrav\u00e9s do comando &#8220;Hey, Plex&#8221;, os usu\u00e1rios podem realizar pesquisas complexas e navegar por m\u00faltiplos aplicativos de forma fluida. O destaque fica para os <strong>&#8220;Now Nudges&#8221;<\/strong>, sugest\u00f5es contextuais que aparecem sobre aplicativos como WhatsApp e Instagram. Se um amigo sugere um jantar, o sistema automaticamente oferece um atalho para o calend\u00e1rio ou para apps de reserva, sem que o usu\u00e1rio precise trocar de tela manualmente.<\/p>\n\n\n\n<h3 class=\"wp-block-heading\">\u200bPrivacidade e a inovadora &#8220;Privacy Display&#8221;<\/h3>\n\n\n\n<p class=\"wp-block-paragraph\">\u200bPela primeira vez na ind\u00fastria, a Samsung introduziu uma tecnologia de tela privada nativa, batizada de <strong>Privacy Display<\/strong>, exclusiva para o modelo S26 Ultra. O recurso permite controlar a emiss\u00e3o de luz dos pixels para reduzir o \u00e2ngulo de vis\u00e3o lateral.<\/p>\n\n\n\n<ul class=\"wp-block-list\">\n<li>\u200b<strong>Como funciona:<\/strong> O usu\u00e1rio pode configurar o sistema para escurecer a tela automaticamente ao abrir aplicativos sens\u00edveis, como bancos ou conversas privadas, dispensando o uso de pel\u00edculas f\u00edsicas de privacidade.<\/li>\n<\/ul>\n\n\n\n<h3 class=\"wp-block-heading\">\u200bEspecifica\u00e7\u00f5es e Design<\/h3>\n\n\n\n<p class=\"wp-block-paragraph\">\u200bEmbora o foco seja IA, houve refinamentos importantes:<\/p>\n\n\n\n<ul class=\"wp-block-list\">\n<li>\u200b<strong>Telas:<\/strong> O modelo base S26 cresceu levemente para 6,3 polegadas, enquanto o Ultra mant\u00e9m as 6,9 polegadas com um novo painel de 10 bits (mais de 1 bilh\u00e3o de cores).<\/li>\n\n\n\n<li>\u200b<strong>Processamento:<\/strong> Toda a linha \u00e9 equipada com o chip <strong>Snapdragon 8 Elite Gen 5<\/strong> da Qualcomm (em mercados selecionados, o Exynos 2600 tamb\u00e9m est\u00e1 presente), otimizado para tarefas de IA local.<\/li>\n\n\n\n<li>\u200b<strong>C\u00e2meras:<\/strong> O hardware dos sensores permanece similar ao S25, mas com aberturas maiores (f\/1.4 no Ultra) que captam at\u00e9 50% mais luz, auxiliadas por novos algoritmos de edi\u00e7\u00e3o por linguagem natural.<\/li>\n\n\n\n<li>\u200b<strong>Bateria e Carregamento:<\/strong> O S26 Ultra finalmente saltou para o carregamento r\u00e1pido de <strong>60W<\/strong>, enquanto o modelo base recebeu um incremento na bateria para 4.300 mAh.<\/li>\n<\/ul>\n\n\n\n<h3 class=\"wp-block-heading\">\u200bPre\u00e7os e Disponibilidade no Brasil<\/h3>\n\n\n\n<p class=\"wp-block-paragraph\">\u200bOs aparelhos j\u00e1 est\u00e3o em pr\u00e9-venda no mercado brasileiro com fabrica\u00e7\u00e3o nacional. Os pre\u00e7os sugeridos s\u00e3o:<\/p>\n\n\n\n<ul class=\"wp-block-list\">\n<li>\u200b<strong>Galaxy S26:<\/strong> A partir de R$ 7.499<\/li>\n\n\n\n<li>\u200b<strong>Galaxy S26+:<\/strong> A partir de R$ 9.199<\/li>\n\n\n\n<li>\u200b<strong>Galaxy S26 Ultra:<\/strong> A partir de R$ 11.499<\/li>\n<\/ul>\n\n\n\n<p class=\"wp-block-paragraph\">\u200bCom essa nova linha, a Samsung tenta provar que o smartphone deixou de ser apenas uma ferramenta de acesso a apps para se tornar um agente pessoal capaz de tomar decis\u00f5es e antecipar as necessidades do usu\u00e1rio.<\/p>\n","protected":false},"excerpt":{"rendered":"<p>A Samsung oficializou nesta quarta-feira (25), em eventos realizados simultaneamente em San Francisco e S\u00e3o Paulo, a sua nova fam\u00edlia de flagships: o Galaxy S26, [&#8230;]<\/p>\n","protected":false},"author":1,"featured_media":4693,"comment_status":"open","ping_status":"open","sticky":false,"template":"","format":"standard","meta":{"_crdt_document":"","_jetpack_memberships_contains_paid_content":false,"footnotes":"","jetpack_publicize_message":"","jetpack_publicize_feature_enabled":true,"jetpack_social_post_already_shared":true,"jetpack_social_options":{"image_generator_settings":{"template":"highway","default_image_id":0,"font":"","enabled":false},"version":2}},"categories":[63],"tags":[],"class_list":["post-4692","post","type-post","status-publish","format-standard","has-post-thumbnail","hentry","category-tecnologia"],"jetpack_publicize_connections":[],"jetpack_featured_media_url":"https:\/\/i0.wp.com\/oexpressobr.com.br\/wp-content\/uploads\/2026\/02\/IMG-20260225-WA0293.jpg?fit=750%2C502&ssl=1","jetpack_likes_enabled":true,"jetpack_sharing_enabled":true,"_links":{"self":[{"href":"https:\/\/oexpressobr.com.br\/index.php?rest_route=\/wp\/v2\/posts\/4692","targetHints":{"allow":["GET"]}}],"collection":[{"href":"https:\/\/oexpressobr.com.br\/index.php?rest_route=\/wp\/v2\/posts"}],"about":[{"href":"https:\/\/oexpressobr.com.br\/index.php?rest_route=\/wp\/v2\/types\/post"}],"author":[{"embeddable":true,"href":"https:\/\/oexpressobr.com.br\/index.php?rest_route=\/wp\/v2\/users\/1"}],"replies":[{"embeddable":true,"href":"https:\/\/oexpressobr.com.br\/index.php?rest_route=%2Fwp%2Fv2%2Fcomments&post=4692"}],"version-history":[{"count":1,"href":"https:\/\/oexpressobr.com.br\/index.php?rest_route=\/wp\/v2\/posts\/4692\/revisions"}],"predecessor-version":[{"id":4694,"href":"https:\/\/oexpressobr.com.br\/index.php?rest_route=\/wp\/v2\/posts\/4692\/revisions\/4694"}],"wp:featuredmedia":[{"embeddable":true,"href":"https:\/\/oexpressobr.com.br\/index.php?rest_route=\/wp\/v2\/media\/4693"}],"wp:attachment":[{"href":"https:\/\/oexpressobr.com.br\/index.php?rest_route=%2Fwp%2Fv2%2Fmedia&parent=4692"}],"wp:term":[{"taxonomy":"category","embeddable":true,"href":"https:\/\/oexpressobr.com.br\/index.php?rest_route=%2Fwp%2Fv2%2Fcategories&post=4692"},{"taxonomy":"post_tag","embeddable":true,"href":"https:\/\/oexpressobr.com.br\/index.php?rest_route=%2Fwp%2Fv2%2Ftags&post=4692"}],"curies":[{"name":"wp","href":"https:\/\/api.w.org\/{rel}","templated":true}]}}