{"id":4698,"date":"2026-02-25T19:29:29","date_gmt":"2026-02-25T22:29:29","guid":{"rendered":"https:\/\/oexpressobr.com.br\/?p=4698"},"modified":"2026-02-25T19:29:34","modified_gmt":"2026-02-25T22:29:34","slug":"cuba-troca-tiros-com-barco-dos-eua-e-confirma-quatro-mortos-em-incidente-no-mar-territorial","status":"publish","type":"post","link":"https:\/\/oexpressobr.com.br\/?p=4698","title":{"rendered":"CUBA troca tiros com barco dos EUA e confirma quatro mortos em incidente no mar territorial"},"content":{"rendered":"\n<p class=\"wp-block-paragraph\">O Minist\u00e9rio do Interior de Cuba confirmou, nesta quarta-feira (25 de fevereiro de 2026), um grave confronto armado envolvendo a guarda costeira do pa\u00eds e uma embarca\u00e7\u00e3o de bandeira dos Estados Unidos. O incidente, ocorrido em \u00e1guas territoriais cubanas, resultou na <strong>morte de quatro pessoas<\/strong> e deixou outras seis feridas.<\/p>\n\n\n\n<h3 class=\"wp-block-heading\">\u200bDetalhes do Confronto<\/h3>\n\n\n\n<p class=\"wp-block-paragraph\">\u200bSegundo o comunicado oficial emitido pelas autoridades de Havana, a lancha r\u00e1pida, registrada na Fl\u00f3rida sob o n\u00famero <strong>FL7726SH<\/strong>, foi detectada a cerca de uma milha n\u00e1utica a nordeste de <strong>Cayo Falcones<\/strong>, na prov\u00edncia de Villa Clara.<\/p>\n\n\n\n<p class=\"wp-block-paragraph\">\u200bAo ser interceptada pela guarda costeira para identifica\u00e7\u00e3o, os ocupantes da embarca\u00e7\u00e3o teriam iniciado os disparos.<\/p>\n\n\n\n<ul class=\"wp-block-list\">\n<li>\u200b<strong>V\u00edtimas fatais:<\/strong> 4 passageiros do barco americano.<\/li>\n\n\n\n<li>\u200b<strong>Feridos:<\/strong> 6 passageiros da lancha e o comandante da embarca\u00e7\u00e3o cubana.<\/li>\n\n\n\n<li>\u200b<strong>A\u00e7\u00e3o:<\/strong> Cuba afirma que seus agentes agiram em leg\u00edtima defesa ao responderem ao fogo iniciado pela tripula\u00e7\u00e3o estrangeira.<\/li>\n<\/ul>\n\n\n\n<h3 class=\"wp-block-heading\">\u200bContexto de Alta Tens\u00e3o Geopol\u00edtica<\/h3>\n\n\n\n<p class=\"wp-block-paragraph\">\u200bO epis\u00f3dio ocorre em um momento de extrema fragilidade nas rela\u00e7\u00f5es diplom\u00e1ticas entre Washington e Havana. De acordo com informa\u00e7\u00f5es recentes, o cen\u00e1rio \u00e9 marcado por:<\/p>\n\n\n\n<ol class=\"wp-block-list\">\n<li>\u200b<strong>Crise Energ\u00e9tica e Embargos:<\/strong> O governo de Donald Trump intensificou o cerco econ\u00f4mico \u00e0 ilha, dificultando o fornecimento de petr\u00f3leo. Recentemente, houve uma leve flexibiliza\u00e7\u00e3o permitindo a venda de petr\u00f3leo venezuelano para empresas privadas cubanas, mas a escassez geral permanece cr\u00edtica.<\/li>\n\n\n\n<li>\u200b<strong>Opera\u00e7\u00f5es no Caribe:<\/strong> Os EUA t\u00eam realizado uma ofensiva agressiva contra o narcotr\u00e1fico na regi\u00e3o, com relatos de ataques a diversas embarca\u00e7\u00f5es suspeitas nos \u00faltimos meses.<\/li>\n\n\n\n<li>\u200b<strong>Conflito na Venezuela:<\/strong> A tens\u00e3o escalou drasticamente ap\u00f3s a recente captura do aliado cubano Nicol\u00e1s Maduro por for\u00e7as americanas em janeiro de 2026, evento que resultou na morte de militares cubanos em solo venezuelano e colocou as for\u00e7as armadas de Cuba em estado de alerta m\u00e1ximo.<\/li>\n<\/ol>\n\n\n\n<h3 class=\"wp-block-heading\">\u200bPr\u00f3ximos Passos<\/h3>\n\n\n\n<p class=\"wp-block-paragraph\">\u200bAs autoridades competentes de Cuba informaram que as investiga\u00e7\u00f5es continuam para esclarecer a identidade dos envolvidos e a finalidade da embarca\u00e7\u00e3o na regi\u00e3o. At\u00e9 o momento, o Departamento de Estado dos EUA n\u00e3o emitiu uma resposta oficial detalhada sobre o ocorrido.<\/p>\n\n\n\n<p class=\"wp-block-paragraph\"><\/p>\n","protected":false},"excerpt":{"rendered":"<p>O Minist\u00e9rio do Interior de Cuba confirmou, nesta quarta-feira (25 de fevereiro de 2026), um grave confronto armado envolvendo a guarda costeira do pa\u00eds e [&#8230;]<\/p>\n","protected":false},"author":1,"featured_media":4699,"comment_status":"open","ping_status":"open","sticky":false,"template":"","format":"standard","meta":{"_crdt_document":"","_jetpack_memberships_contains_paid_content":false,"footnotes":"","jetpack_publicize_message":"","jetpack_publicize_feature_enabled":true,"jetpack_social_post_already_shared":true,"jetpack_social_options":{"image_generator_settings":{"template":"highway","default_image_id":0,"font":"","enabled":false},"version":2}},"categories":[15],"tags":[],"class_list":["post-4698","post","type-post","status-publish","format-standard","has-post-thumbnail","hentry","category-internacional"],"jetpack_publicize_connections":[],"jetpack_featured_media_url":"https:\/\/i0.wp.com\/oexpressobr.com.br\/wp-content\/uploads\/2026\/02\/IMG-20260225-WA0292.jpg?fit=1380%2C920&ssl=1","jetpack_likes_enabled":true,"jetpack_sharing_enabled":true,"_links":{"self":[{"href":"https:\/\/oexpressobr.com.br\/index.php?rest_route=\/wp\/v2\/posts\/4698","targetHints":{"allow":["GET"]}}],"collection":[{"href":"https:\/\/oexpressobr.com.br\/index.php?rest_route=\/wp\/v2\/posts"}],"about":[{"href":"https:\/\/oexpressobr.com.br\/index.php?rest_route=\/wp\/v2\/types\/post"}],"author":[{"embeddable":true,"href":"https:\/\/oexpressobr.com.br\/index.php?rest_route=\/wp\/v2\/users\/1"}],"replies":[{"embeddable":true,"href":"https:\/\/oexpressobr.com.br\/index.php?rest_route=%2Fwp%2Fv2%2Fcomments&post=4698"}],"version-history":[{"count":1,"href":"https:\/\/oexpressobr.com.br\/index.php?rest_route=\/wp\/v2\/posts\/4698\/revisions"}],"predecessor-version":[{"id":4700,"href":"https:\/\/oexpressobr.com.br\/index.php?rest_route=\/wp\/v2\/posts\/4698\/revisions\/4700"}],"wp:featuredmedia":[{"embeddable":true,"href":"https:\/\/oexpressobr.com.br\/index.php?rest_route=\/wp\/v2\/media\/4699"}],"wp:attachment":[{"href":"https:\/\/oexpressobr.com.br\/index.php?rest_route=%2Fwp%2Fv2%2Fmedia&parent=4698"}],"wp:term":[{"taxonomy":"category","embeddable":true,"href":"https:\/\/oexpressobr.com.br\/index.php?rest_route=%2Fwp%2Fv2%2Fcategories&post=4698"},{"taxonomy":"post_tag","embeddable":true,"href":"https:\/\/oexpressobr.com.br\/index.php?rest_route=%2Fwp%2Fv2%2Ftags&post=4698"}],"curies":[{"name":"wp","href":"https:\/\/api.w.org\/{rel}","templated":true}]}}