{"id":4704,"date":"2026-02-25T19:39:23","date_gmt":"2026-02-25T22:39:23","guid":{"rendered":"https:\/\/oexpressobr.com.br\/?p=4704"},"modified":"2026-02-25T19:39:29","modified_gmt":"2026-02-25T22:39:29","slug":"camara-aprova-acordo-historico-entre-mercosul-e-uniao-europeia","status":"publish","type":"post","link":"https:\/\/oexpressobr.com.br\/?p=4704","title":{"rendered":"C\u00c2MARA aprova acordo hist\u00f3rico entre Mercosul e Uni\u00e3o Europeia"},"content":{"rendered":"\n<p class=\"wp-block-paragraph\">Em uma decis\u00e3o classificada como estrat\u00e9gica para a inser\u00e7\u00e3o do Brasil no com\u00e9rcio global, a C\u00e2mara dos Deputados aprovou, nesta quarta-feira (25 de fevereiro de 2026), o texto do acordo de livre com\u00e9rcio entre o Mercosul e a Uni\u00e3o Europeia. A vota\u00e7\u00e3o, realizada de forma simb\u00f3lica, marca um avan\u00e7o decisivo para o tratado que estava em negocia\u00e7\u00e3o h\u00e1 mais de 25 anos. Agora, a mat\u00e9ria segue para an\u00e1lise do Senado Federal, com expectativa de ratifica\u00e7\u00e3o definitiva pelo Congresso at\u00e9 mar\u00e7o.<\/p>\n\n\n\n<p class=\"wp-block-paragraph\">\u200bA aprova\u00e7\u00e3o ocorreu ap\u00f3s uma articula\u00e7\u00e3o direta do vice-presidente e ministro do Desenvolvimento, Ind\u00fastria, Com\u00e9rcio e Servi\u00e7os, Geraldo Alckmin, com o presidente da C\u00e2mara, Hugo Motta (Republicanos-PB). O governo brasileiro busca acelerar a internaliza\u00e7\u00e3o do acordo como uma resposta \u00e0s recentes tens\u00f5es comerciais globais, incluindo a imposi\u00e7\u00e3o de novas tarifas pelos Estados Unidos.<\/p>\n\n\n\n<h3 class=\"wp-block-heading\">\u200bO que muda com o acordo<\/h3>\n\n\n\n<p class=\"wp-block-paragraph\">\u200bO tratado cria uma das maiores zonas de livre com\u00e9rcio do mundo, integrando um mercado de 718 milh\u00f5es de pessoas e um PIB combinado de US$ 22,4 trilh\u00f5es. Entre os principais pontos aprovados, destacam-se:<\/p>\n\n\n\n<ul class=\"wp-block-list\">\n<li>\u200b<strong>Zera de tarifas:<\/strong> A Uni\u00e3o Europeia se comprometeu a eliminar tarifas de importa\u00e7\u00e3o sobre 95% dos bens origin\u00e1rios do Mercosul em at\u00e9 12 anos. Em contrapartida, o Mercosul liberalizar\u00e1 as taxas para 91% dos produtos europeus em um prazo de at\u00e9 15 anos.<\/li>\n\n\n\n<li>\u200b<strong>Setores beneficiados:<\/strong> Produtos como couro, caf\u00e9, mel\u00e3o e lim\u00e3o ter\u00e3o redu\u00e7\u00e3o gradual de impostos. O setor industrial brasileiro projeta ganhos competitivos com a isen\u00e7\u00e3o de tarifas em m\u00e1quinas e equipamentos.<\/li>\n\n\n\n<li>\u200b<strong>Cotas para o agroneg\u00f3cio:<\/strong> O acordo prev\u00ea cotas espec\u00edficas para carnes, como 99 mil toneladas de carne bovina com tarifa reduzida e 180 mil toneladas de aves sem al\u00edquotas.<\/li>\n<\/ul>\n\n\n\n<h3 class=\"wp-block-heading\">\u200bResist\u00eancias e salvaguardas<\/h3>\n\n\n\n<p class=\"wp-block-paragraph\">\u200bApesar do otimismo no Legislativo brasileiro, o caminho internacional ainda enfrenta obst\u00e1culos. Na Europa, a Fran\u00e7a lidera uma forte resist\u00eancia ao pacto. Recentemente, o Parlamento franc\u00eas aprovou uma resolu\u00e7\u00e3o orientando o governo de Emmanuel Macron a rejeitar o texto, sob press\u00e3o de agricultores locais que temem a concorr\u00eancia sul-americana.<\/p>\n\n\n\n<p class=\"wp-block-paragraph\">\u200bPara mitigar preocupa\u00e7\u00f5es internas, o relator da mat\u00e9ria na C\u00e2mara, deputado Marcos Pereira (Republicanos-SP), destacou que o governo federal j\u00e1 trabalha na regulamenta\u00e7\u00e3o de salvaguardas. O objetivo \u00e9 proteger setores sens\u00edveis da ind\u00fastria e do agroneg\u00f3cio brasileiro contra surtos de importa\u00e7\u00e3o ou desequil\u00edbrios comerciais.<\/p>\n\n\n\n<h3 class=\"wp-block-heading\">\u200bPr\u00f3ximos passos<\/h3>\n\n\n\n<p class=\"wp-block-paragraph\">\u200bNo Senado, o texto deve passar pela Comiss\u00e3o de Rela\u00e7\u00f5es Exteriores antes de ir ao plen\u00e1rio. Segundo o senador Nelsinho Trad (PSD-MS), a Casa deve realizar audi\u00eancias p\u00fablicas para detalhar os impactos t\u00e9cnicos do acordo. Se aprovado sem modifica\u00e7\u00f5es, o projeto ser\u00e1 promulgado pelo Congresso, consolidando a ades\u00e3o do Brasil ao tratado comercial mais ambicioso de sua hist\u00f3ria recente.<\/p>\n","protected":false},"excerpt":{"rendered":"<p>Em uma decis\u00e3o classificada como estrat\u00e9gica para a inser\u00e7\u00e3o do Brasil no com\u00e9rcio global, a C\u00e2mara dos Deputados aprovou, nesta quarta-feira (25 de fevereiro de [&#8230;]<\/p>\n","protected":false},"author":1,"featured_media":4705,"comment_status":"open","ping_status":"open","sticky":false,"template":"","format":"standard","meta":{"_crdt_document":"","_jetpack_memberships_contains_paid_content":false,"footnotes":"","jetpack_publicize_message":"","jetpack_publicize_feature_enabled":true,"jetpack_social_post_already_shared":true,"jetpack_social_options":{"image_generator_settings":{"template":"highway","default_image_id":0,"font":"","enabled":false},"version":2}},"categories":[17],"tags":[],"class_list":["post-4704","post","type-post","status-publish","format-standard","has-post-thumbnail","hentry","category-comercio"],"jetpack_publicize_connections":[],"jetpack_featured_media_url":"https:\/\/i0.wp.com\/oexpressobr.com.br\/wp-content\/uploads\/2026\/02\/IMG-20260225-WA0295.jpg?fit=750%2C562&ssl=1","jetpack_likes_enabled":true,"jetpack_sharing_enabled":true,"_links":{"self":[{"href":"https:\/\/oexpressobr.com.br\/index.php?rest_route=\/wp\/v2\/posts\/4704","targetHints":{"allow":["GET"]}}],"collection":[{"href":"https:\/\/oexpressobr.com.br\/index.php?rest_route=\/wp\/v2\/posts"}],"about":[{"href":"https:\/\/oexpressobr.com.br\/index.php?rest_route=\/wp\/v2\/types\/post"}],"author":[{"embeddable":true,"href":"https:\/\/oexpressobr.com.br\/index.php?rest_route=\/wp\/v2\/users\/1"}],"replies":[{"embeddable":true,"href":"https:\/\/oexpressobr.com.br\/index.php?rest_route=%2Fwp%2Fv2%2Fcomments&post=4704"}],"version-history":[{"count":1,"href":"https:\/\/oexpressobr.com.br\/index.php?rest_route=\/wp\/v2\/posts\/4704\/revisions"}],"predecessor-version":[{"id":4706,"href":"https:\/\/oexpressobr.com.br\/index.php?rest_route=\/wp\/v2\/posts\/4704\/revisions\/4706"}],"wp:featuredmedia":[{"embeddable":true,"href":"https:\/\/oexpressobr.com.br\/index.php?rest_route=\/wp\/v2\/media\/4705"}],"wp:attachment":[{"href":"https:\/\/oexpressobr.com.br\/index.php?rest_route=%2Fwp%2Fv2%2Fmedia&parent=4704"}],"wp:term":[{"taxonomy":"category","embeddable":true,"href":"https:\/\/oexpressobr.com.br\/index.php?rest_route=%2Fwp%2Fv2%2Fcategories&post=4704"},{"taxonomy":"post_tag","embeddable":true,"href":"https:\/\/oexpressobr.com.br\/index.php?rest_route=%2Fwp%2Fv2%2Ftags&post=4704"}],"curies":[{"name":"wp","href":"https:\/\/api.w.org\/{rel}","templated":true}]}}