{"id":4707,"date":"2026-02-25T19:46:34","date_gmt":"2026-02-25T22:46:34","guid":{"rendered":"https:\/\/oexpressobr.com.br\/?p=4707"},"modified":"2026-02-25T19:46:38","modified_gmt":"2026-02-25T22:46:38","slug":"justica-condena-vereadora-por-compra-de-votos-em-moreira-sales","status":"publish","type":"post","link":"https:\/\/oexpressobr.com.br\/?p=4707","title":{"rendered":"Justi\u00e7a condena vereadora por compra de votos em Moreira Sales"},"content":{"rendered":"\n<p class=\"wp-block-paragraph\">O Tribunal Regional Eleitoral do Paran\u00e1 (<strong>TRE-PR<\/strong>) condenou a vereadora <strong>Priscilla Lorejan Melo de Assis (PSD)<\/strong>, do munic\u00edpio de Moreira Sales, por envolvimento em um esquema de <strong>compra de votos<\/strong> que utilizava programas sociais para angariar apoio pol\u00edtico. A decis\u00e3o atinge tamb\u00e9m uma servidora do Centro de Refer\u00eancia de Assist\u00eancia Social (Cras) da cidade, apontada como pe\u00e7a-chave na execu\u00e7\u00e3o da irregularidade.<\/p>\n\n\n\n<h3 class=\"wp-block-heading\">\u200bO Esquema e a Investiga\u00e7\u00e3o<\/h3>\n\n\n\n<p class=\"wp-block-paragraph\">\u200bSegundo os autos do processo e a investiga\u00e7\u00e3o conduzida pela Justi\u00e7a Eleitoral, o esquema consistia na utiliza\u00e7\u00e3o da m\u00e1quina p\u00fablica para favorecer a candidatura de Priscilla. A servidora condenada teria usado sua posi\u00e7\u00e3o privilegiada no <strong>Cras<\/strong> para identificar fam\u00edlias em situa\u00e7\u00e3o de vulnerabilidade e oferecer benef\u00edcios em troca de votos para a parlamentar.<\/p>\n\n\n\n<ul class=\"wp-block-list\">\n<li>\u200b<strong>P\u00fablico-alvo:<\/strong> Benefici\u00e1rios de programas sociais do Governo Federal e Municipal.<\/li>\n\n\n\n<li>\u200b<strong>Modus Operandi:<\/strong> Promessas de facilita\u00e7\u00e3o de aux\u00edlios e entrega de mantimentos condicionadas ao apoio eleitoral.<\/li>\n\n\n\n<li>\u200b<strong>Conclus\u00e3o Judicial:<\/strong> Embora a vereadora tenha alegado desconhecimento sobre as pr\u00e1ticas, o colegiado do TRE-PR concluiu que ela tinha plena ci\u00eancia e era a principal benefici\u00e1ria das condutas il\u00edcitas.<\/li>\n<\/ul>\n\n\n\n<h3 class=\"wp-block-heading\">\u200bPenalidades e Impacto Pol\u00edtico<\/h3>\n\n\n\n<p class=\"wp-block-paragraph\">\u200bA decis\u00e3o imp\u00f5e san\u00e7\u00f5es severas \u00e0s envolvidas, refletindo o rigor da Justi\u00e7a contra o abuso do poder econ\u00f4mico e pol\u00edtico:<\/p>\n\n\n\n<ol class=\"wp-block-list\">\n<li>\u200b<strong>Cassa\u00e7\u00e3o do Mandato:<\/strong> A vereadora corre o risco imediato de perda do cargo.<\/li>\n\n\n\n<li>\u200b<strong>Inelegibilidade:<\/strong> Aplica\u00e7\u00e3o da san\u00e7\u00e3o que impede a participa\u00e7\u00e3o em pleitos eleitorais pelos pr\u00f3ximos 8 anos.<\/li>\n\n\n\n<li>\u200b<strong>Multa:<\/strong> Pagamento de valores estabelecidos pela legisla\u00e7\u00e3o eleitoral vigente.<\/li>\n<\/ol>\n\n\n\n<p class=\"wp-block-paragraph\"><\/p>\n","protected":false},"excerpt":{"rendered":"<p>O Tribunal Regional Eleitoral do Paran\u00e1 (TRE-PR) condenou a vereadora Priscilla Lorejan Melo de Assis (PSD), do munic\u00edpio de Moreira Sales, por envolvimento em um [&#8230;]<\/p>\n","protected":false},"author":1,"featured_media":4708,"comment_status":"open","ping_status":"open","sticky":false,"template":"","format":"standard","meta":{"_crdt_document":"","_jetpack_memberships_contains_paid_content":false,"footnotes":"","jetpack_publicize_message":"","jetpack_publicize_feature_enabled":true,"jetpack_social_post_already_shared":true,"jetpack_social_options":{"image_generator_settings":{"template":"highway","default_image_id":0,"font":"","enabled":false},"version":2}},"categories":[8],"tags":[],"class_list":["post-4707","post","type-post","status-publish","format-standard","has-post-thumbnail","hentry","category-judiciario"],"jetpack_publicize_connections":[],"jetpack_featured_media_url":"https:\/\/i0.wp.com\/oexpressobr.com.br\/wp-content\/uploads\/2026\/02\/priscilla-1-.jpeg?fit=984%2C653&ssl=1","jetpack_likes_enabled":true,"jetpack_sharing_enabled":true,"_links":{"self":[{"href":"https:\/\/oexpressobr.com.br\/index.php?rest_route=\/wp\/v2\/posts\/4707","targetHints":{"allow":["GET"]}}],"collection":[{"href":"https:\/\/oexpressobr.com.br\/index.php?rest_route=\/wp\/v2\/posts"}],"about":[{"href":"https:\/\/oexpressobr.com.br\/index.php?rest_route=\/wp\/v2\/types\/post"}],"author":[{"embeddable":true,"href":"https:\/\/oexpressobr.com.br\/index.php?rest_route=\/wp\/v2\/users\/1"}],"replies":[{"embeddable":true,"href":"https:\/\/oexpressobr.com.br\/index.php?rest_route=%2Fwp%2Fv2%2Fcomments&post=4707"}],"version-history":[{"count":1,"href":"https:\/\/oexpressobr.com.br\/index.php?rest_route=\/wp\/v2\/posts\/4707\/revisions"}],"predecessor-version":[{"id":4709,"href":"https:\/\/oexpressobr.com.br\/index.php?rest_route=\/wp\/v2\/posts\/4707\/revisions\/4709"}],"wp:featuredmedia":[{"embeddable":true,"href":"https:\/\/oexpressobr.com.br\/index.php?rest_route=\/wp\/v2\/media\/4708"}],"wp:attachment":[{"href":"https:\/\/oexpressobr.com.br\/index.php?rest_route=%2Fwp%2Fv2%2Fmedia&parent=4707"}],"wp:term":[{"taxonomy":"category","embeddable":true,"href":"https:\/\/oexpressobr.com.br\/index.php?rest_route=%2Fwp%2Fv2%2Fcategories&post=4707"},{"taxonomy":"post_tag","embeddable":true,"href":"https:\/\/oexpressobr.com.br\/index.php?rest_route=%2Fwp%2Fv2%2Ftags&post=4707"}],"curies":[{"name":"wp","href":"https:\/\/api.w.org\/{rel}","templated":true}]}}